{"id":163157,"date":"2026-08-25T06:24:20","date_gmt":"2026-08-25T09:24:20","guid":{"rendered":"https:\/\/grandepremio.com\/br\/?p=163157"},"modified":"2026-08-25T08:27:36","modified_gmt":"2026-08-25T11:27:36","slug":"tech3-confirma-ausencia-maverick-vinales-aragao-mantem-pol-espargaro-substituto","status":"publish","type":"post","link":"https:\/\/grandepremio.com\/br\/motogp\/tech3-confirma-ausencia-maverick-vinales-aragao-mantem-pol-espargaro-substituto\/","title":{"rendered":"Tech3 confirma aus\u00eancia de Vi\u00f1ales em Arag\u00e3o e mant\u00e9m Pol Espargar\u00f3 como substituto"},"content":{"rendered":"\n<p class=\"wp-block-paragraph\">A <strong>Tech3 confirmou nesta ter\u00e7a-feira (25) que Maverick Vi\u00f1ales seguir\u00e1 afastado da MotoGP<\/strong>. Assim, a equipe francesa comandada por G\u00fcnther Steiner anunciou Pol Espargar\u00f3 a bordo da KTM RC16 no GP de Arag\u00e3o do fim de semana.<\/p>\n\n\n\n<p class=\"wp-block-paragraph\">No in\u00edcio de agosto, a Tech3 apontou que, sem progressos na recupera\u00e7\u00e3o f\u00edsica, Maverick voltou a procurar ajuda m\u00e9dica e descobriu uma les\u00e3o que ainda n\u00e3o tinha sido diagnosticada. Por conta deste novo tratamento, o \u2018Top Gun\u2019 perdeu o GP da Gr\u00e3-Bretanha, mas agora estar\u00e1 ausente tamb\u00e9m no MotorLand.<\/p>\n\n\n\n<figure class=\"wp-block-embed is-type-video is-provider-youtube wp-block-embed-youtube wp-embed-aspect-16-9 wp-has-aspect-ratio\"><div class=\"wp-block-embed__wrapper\">\n<iframe loading=\"lazy\" title=\"POR QUE CHEGOU A VEZ DE MOREIRA CORRER NA HONDA? | Motoca GP\" width=\"500\" height=\"281\" src=\"https:\/\/www.youtube.com\/embed\/lDbrutPoBN4?start=973&amp;feature=oembed\" frameborder=\"0\" allow=\"accelerometer; autoplay; clipboard-write; encrypted-media; gyroscope; picture-in-picture; web-share\" referrerpolicy=\"strict-origin-when-cross-origin\" allowfullscreen><\/iframe>\n<\/div><\/figure>\n\n\n\n<p class=\"wp-block-paragraph\">De acordo com a equipe, <strong>Vi\u00f1ales segue trabalhando junto com a equipe m\u00e9dica, a KTM e a Tech3 para se recuperar completamente<\/strong>. A meta agora \u00e9 ter o espanhol de volta no GP de San Marino e da Riviera de Rimini, que acontece entre os dias 11 e 13 de setembro.<\/p>\n\n\n\n<p class=\"wp-block-paragraph\">\u201cJunto com Maverick e a KTM, n\u00f3s decidimos que Pol vai seguir conosco em Arag\u00e3o para que Maverick possa continuar a focar na recupera\u00e7\u00e3o dele\u201d, explicou Nicolas Goyon, chefe da Tech3. \u201cPol fez um trabalho s\u00f3lido para a equipe em Silverstone e a experi\u00eancia dele faz com que esteja em uma boa posi\u00e7\u00e3o para fazer isso novamente\u201d, seguiu.<\/p>\n\n\n\n<figure class=\"wp-block-image size-large\"><img loading=\"lazy\" decoding=\"async\" width=\"1024\" height=\"776\" src=\"https:\/\/grandepremio.com\/br\/wp-content\/uploads\/2026\/07\/760280_Maverick-Vinales_Red-Bull-KTM_Tech3_MotoGP_RC16_Sachsenring-_GER_12-07-2026-4_11th-Rnd-MotoGP-2026-Sachsenring-_GER_-1024x776.jpg\" alt=\"\" class=\"wp-image-1020309328\" srcset=\"https:\/\/grandepremio.com\/wp-content\/uploads\/2026\/07\/760280_Maverick-Vinales_Red-Bull-KTM_Tech3_MotoGP_RC16_Sachsenring-_GER_12-07-2026-4_11th-Rnd-MotoGP-2026-Sachsenring-_GER_-1024x776.jpg 1024w, https:\/\/grandepremio.com\/wp-content\/uploads\/2026\/07\/760280_Maverick-Vinales_Red-Bull-KTM_Tech3_MotoGP_RC16_Sachsenring-_GER_12-07-2026-4_11th-Rnd-MotoGP-2026-Sachsenring-_GER_-300x227.jpg 300w, https:\/\/grandepremio.com\/wp-content\/uploads\/2026\/07\/760280_Maverick-Vinales_Red-Bull-KTM_Tech3_MotoGP_RC16_Sachsenring-_GER_12-07-2026-4_11th-Rnd-MotoGP-2026-Sachsenring-_GER_-768x582.jpg 768w, https:\/\/grandepremio.com\/wp-content\/uploads\/2026\/07\/760280_Maverick-Vinales_Red-Bull-KTM_Tech3_MotoGP_RC16_Sachsenring-_GER_12-07-2026-4_11th-Rnd-MotoGP-2026-Sachsenring-_GER_-1536x1164.jpg 1536w, https:\/\/grandepremio.com\/wp-content\/uploads\/2026\/07\/760280_Maverick-Vinales_Red-Bull-KTM_Tech3_MotoGP_RC16_Sachsenring-_GER_12-07-2026-4_11th-Rnd-MotoGP-2026-Sachsenring-_GER_-150x114.jpg 150w, https:\/\/grandepremio.com\/wp-content\/uploads\/2026\/07\/760280_Maverick-Vinales_Red-Bull-KTM_Tech3_MotoGP_RC16_Sachsenring-_GER_12-07-2026-4_11th-Rnd-MotoGP-2026-Sachsenring-_GER_.jpg 1600w\" sizes=\"(max-width: 1024px) 100vw, 1024px\" \/><figcaption class=\"wp-element-caption\">Vi\u00f1ales vai seguir afastado para tratar les\u00e3o no ombro (Foto: KTM)<\/figcaption><\/figure>\n\n\n\n<p class=\"wp-block-paragraph\">\u201cO mais importante para n\u00f3s \u00e9 que Maverick tire o tempo que precisar para se recuperar de forma adequada. Estamos apoiando este processo e seguimos esperan\u00e7osos de que poderemos receb\u00ea-lo de volta em Misano\u201d, frisou. \u201cAt\u00e9 l\u00e1, vamos focar em Arag\u00e3o e seguir dando a Pol e Enea [Bastianini] todo nosso apoio\u201d, concluiu.<\/p>\n\n\n\n<p class=\"wp-block-paragraph\"><strong>Vi\u00f1ales vive uma temporada marcada por les\u00f5es e caminha para ficar sem vaga no grid da MotoGP<\/strong>. O espanhol acusou a KTM de voltar atr\u00e1s depois de ele j\u00e1 ter assinado uma renova\u00e7\u00e3o de contrato de renova\u00e7\u00e3o e escancarou a insatisfa\u00e7\u00e3o atual com a MotoGP.<\/p>\n\n\n\n<p class=\"wp-block-paragraph\">A&nbsp;<strong>MotoGP<\/strong>&nbsp;<strong>volta a acelerar entre os dias 28 a 30 de agosto para o<\/strong>&nbsp;<strong>GP de Arag\u00e3o<\/strong>, 13\u00aa etapa da temporada 2026. O&nbsp;<strong>GRANDE PR\u00caMIO<\/strong>&nbsp;acompanha toda a programa\u00e7\u00e3o do fim de semana, assim como as demais categorias do&nbsp;Mundial de Motovelocidade.<\/p>\n","protected":false},"excerpt":{"rendered":"<p>A Tech3 confirmou nesta ter\u00e7a-feira (25) que Maverick Vi\u00f1ales seguir\u00e1 afastado da MotoGP para tratar les\u00e3o no ombro. Assim, \u00e9 Pol Espargar\u00f3 quem assume a RC16 do time franc\u00eas<\/p>\n","protected":false},"author":10,"featured_media":1001092684,"comment_status":"closed","ping_status":"closed","sticky":false,"template":"","format":"standard","meta":{"42wp_featured_image_caption":"Maverick Vi\u00f1ales vive temporada marcada por les\u00f5es","42wp_featured_image_credits":"Gold &amp; Goose\/ Red Bull Content Pool","42wp_featured_video":"","42wp_featured_image_hidden":false,"42wp_authors_list":[{"id":47113,"location":"de S\u00e3o Paulo"}],"footnotes":""},"categories":[8],"tags":[5689,14504,138],"42wp_author":[47113],"class_list":["post-163157","post","type-post","status-publish","format-standard","has-post-thumbnail","hentry","category-motogp","tag-maverick-vinales","tag-pol-espargaro","tag-tech3","42wp_author-juliana-tesser"],"_links":{"self":[{"href":"https:\/\/grandepremio.com\/br\/wp-json\/wp\/v2\/posts\/163157","targetHints":{"allow":["GET"]}}],"collection":[{"href":"https:\/\/grandepremio.com\/br\/wp-json\/wp\/v2\/posts"}],"about":[{"href":"https:\/\/grandepremio.com\/br\/wp-json\/wp\/v2\/types\/post"}],"author":[{"embeddable":true,"href":"https:\/\/grandepremio.com\/br\/wp-json\/wp\/v2\/users\/10"}],"replies":[{"embeddable":true,"href":"https:\/\/grandepremio.com\/br\/wp-json\/wp\/v2\/comments?post=163157"}],"version-history":[{"count":4,"href":"https:\/\/grandepremio.com\/br\/wp-json\/wp\/v2\/posts\/163157\/revisions"}],"predecessor-version":[{"id":163184,"href":"https:\/\/grandepremio.com\/br\/wp-json\/wp\/v2\/posts\/163157\/revisions\/163184"}],"wp:featuredmedia":[{"embeddable":true,"href":"https:\/\/grandepremio.com\/br\/wp-json\/wp\/v2\/media\/1001092684"}],"wp:attachment":[{"href":"https:\/\/grandepremio.com\/br\/wp-json\/wp\/v2\/media?parent=163157"}],"wp:term":[{"taxonomy":"category","embeddable":true,"href":"https:\/\/grandepremio.com\/br\/wp-json\/wp\/v2\/categories?post=163157"},{"taxonomy":"post_tag","embeddable":true,"href":"https:\/\/grandepremio.com\/br\/wp-json\/wp\/v2\/tags?post=163157"},{"taxonomy":"42wp_author","embeddable":true,"href":"https:\/\/grandepremio.com\/br\/wp-json\/wp\/v2\/42wp_author?post=163157"}],"curies":[{"name":"wp","href":"https:\/\/api.w.org\/{rel}","templated":true}]}}