{"id":163179,"date":"2026-08-25T07:51:37","date_gmt":"2026-08-25T10:51:37","guid":{"rendered":"https:\/\/grandepremio.com\/br\/?p=163179"},"modified":"2026-08-25T07:51:38","modified_gmt":"2026-08-25T10:51:38","slug":"marco-bezzecchi-revela-contratempo-silverstone-minimiza-esperavamos","status":"publish","type":"post","link":"https:\/\/grandepremio.com\/br\/motogp\/marco-bezzecchi-revela-contratempo-silverstone-minimiza-esperavamos\/","title":{"rendered":"Bezzecchi revela \u201ccontratempo\u201d ap\u00f3s Silverstone, mas minimiza: \u201cEsper\u00e1vamos isso\u201d"},"content":{"rendered":"\n<p class=\"wp-block-paragraph\"><strong>Marco Bezzecchi revelou que teve um \u201ccontratempo\u201d na esteira da participa\u00e7\u00e3o no GP da Gr\u00e3-Bretanha<\/strong>. \u00c0s v\u00e9speras da corrida em Arag\u00e3o, o italiano disse que tenta tirar vantagem do tempo dispon\u00edvel para recuperar o corpo ap\u00f3s o acidente de Sachsenring.<\/p>\n\n\n\n<p class=\"wp-block-paragraph\">O <strong>#72 sofreu uma queda na classifica\u00e7\u00e3o para o GP da Alemanha e fraturou a clav\u00edcula<\/strong>. Al\u00e9m disso, o italiano teve les\u00f5es no joelho, que dificultaram a recupera\u00e7\u00e3o.<\/p>\n\n\n\n<figure class=\"wp-block-embed is-type-video is-provider-youtube wp-block-embed-youtube wp-embed-aspect-16-9 wp-has-aspect-ratio\"><div class=\"wp-block-embed__wrapper\">\n<iframe loading=\"lazy\" title=\"POR QUE CHEGOU A VEZ DE MOREIRA CORRER NA HONDA? | Motoca GP\" width=\"500\" height=\"281\" src=\"https:\/\/www.youtube.com\/embed\/lDbrutPoBN4?feature=oembed\" frameborder=\"0\" allow=\"accelerometer; autoplay; clipboard-write; encrypted-media; gyroscope; picture-in-picture; web-share\" referrerpolicy=\"strict-origin-when-cross-origin\" allowfullscreen><\/iframe>\n<\/div><\/figure>\n\n\n\n<p class=\"wp-block-paragraph\">Na Gr\u00e3-Bretanha, Marco superou as expectativas e, depois de assegurar o quinto posto no grid, foi terceiro na sprint e no GP, retomando a vice-lideran\u00e7a do Mundial de Pilotos, ainda que com 31 pontos de atraso para o l\u00edder Jorge Mart\u00edn.<\/p>\n\n\n\n<p class=\"wp-block-paragraph\">\u201cMal posso esperar para chegar a Arag\u00e3o\u201d, disse Bezzecchi. \u201cCom certeza, ser\u00e1 um fim de semana exigente, pois, depois de Silverstone, tive um pequeno contratempo causado pelo esfor\u00e7o daquele fim de semana\u201d, revelou.<\/p>\n\n\n\n<p class=\"wp-block-paragraph\">\u201cDe qualquer forma, n\u00f3s esper\u00e1vamos isso, ent\u00e3o estamos tentando tirar vantagem m\u00e1xima do tempo dispon\u00edvel para acertar tudo\u201d, contou. \u201cEm qualquer caso, estou extremamente feliz em ir para Arag\u00e3o: \u00e9 uma pista de que gosto muito, e mal posso esperar para subir na moto\u201d, encerrou.<\/p>\n\n\n\n<p class=\"wp-block-paragraph\">A&nbsp;<strong>MotoGP<\/strong>&nbsp;<strong>volta a acelerar entre os dias 28 a 30 de agosto para o<\/strong>&nbsp;<strong>GP de Arag\u00e3o<\/strong>, 13\u00aa etapa da temporada 2026. O&nbsp;<strong>GRANDE PR\u00caMIO<\/strong>&nbsp;acompanha toda a programa\u00e7\u00e3o do fim de semana, assim como as demais categorias do&nbsp;Mundial de Motovelocidade.<\/p>\n","protected":false},"excerpt":{"rendered":"<p>Ainda em recupera\u00e7\u00e3o das les\u00f5es que sofreu no acidente de Sachsenring, Marco Bezzecchi reconheceu que o esfor\u00e7o do GP da Gr\u00e3-Bretanha deixou consequ\u00eancias<\/p>\n","protected":false},"author":10,"featured_media":1020311666,"comment_status":"closed","ping_status":"closed","sticky":false,"template":"","format":"standard","meta":{"42wp_featured_image_caption":"Marco Bezzecchi mostrou anima\u00e7\u00e3o para Arag\u00e3o","42wp_featured_image_credits":"AFP","42wp_featured_video":"","42wp_featured_image_hidden":false,"42wp_authors_list":[{"id":47113,"location":"de S\u00e3o Paulo"}],"footnotes":""},"categories":[8],"tags":[133,2287],"42wp_author":[47113],"class_list":["post-163179","post","type-post","status-publish","format-standard","has-post-thumbnail","hentry","category-motogp","tag-aprilia","tag-marco-bezzecchi","42wp_author-juliana-tesser"],"_links":{"self":[{"href":"https:\/\/grandepremio.com\/br\/wp-json\/wp\/v2\/posts\/163179","targetHints":{"allow":["GET"]}}],"collection":[{"href":"https:\/\/grandepremio.com\/br\/wp-json\/wp\/v2\/posts"}],"about":[{"href":"https:\/\/grandepremio.com\/br\/wp-json\/wp\/v2\/types\/post"}],"author":[{"embeddable":true,"href":"https:\/\/grandepremio.com\/br\/wp-json\/wp\/v2\/users\/10"}],"replies":[{"embeddable":true,"href":"https:\/\/grandepremio.com\/br\/wp-json\/wp\/v2\/comments?post=163179"}],"version-history":[{"count":1,"href":"https:\/\/grandepremio.com\/br\/wp-json\/wp\/v2\/posts\/163179\/revisions"}],"predecessor-version":[{"id":163180,"href":"https:\/\/grandepremio.com\/br\/wp-json\/wp\/v2\/posts\/163179\/revisions\/163180"}],"wp:featuredmedia":[{"embeddable":true,"href":"https:\/\/grandepremio.com\/br\/wp-json\/wp\/v2\/media\/1020311666"}],"wp:attachment":[{"href":"https:\/\/grandepremio.com\/br\/wp-json\/wp\/v2\/media?parent=163179"}],"wp:term":[{"taxonomy":"category","embeddable":true,"href":"https:\/\/grandepremio.com\/br\/wp-json\/wp\/v2\/categories?post=163179"},{"taxonomy":"post_tag","embeddable":true,"href":"https:\/\/grandepremio.com\/br\/wp-json\/wp\/v2\/tags?post=163179"},{"taxonomy":"42wp_author","embeddable":true,"href":"https:\/\/grandepremio.com\/br\/wp-json\/wp\/v2\/42wp_author?post=163179"}],"curies":[{"name":"wp","href":"https:\/\/api.w.org\/{rel}","templated":true}]}}