{"id":163299,"date":"2026-08-25T14:21:29","date_gmt":"2026-08-25T17:21:29","guid":{"rendered":"https:\/\/grandepremio.com\/br\/?p=163299"},"modified":"2026-08-25T14:21:53","modified_gmt":"2026-08-25T17:21:53","slug":"lucas-moraes-mantem-soberania-vence-2a-etapa-sertoes-2026-tosha-schareina-leva-motos","status":"publish","type":"post","link":"https:\/\/grandepremio.com\/br\/rally\/sertoes\/lucas-moraes-mantem-soberania-vence-2a-etapa-sertoes-2026-tosha-schareina-leva-motos\/","title":{"rendered":"Lucas Moraes mant\u00e9m soberania e vence 2\u00aa etapa do Sert\u00f5es 2026. Schareina leva nas motos"},"content":{"rendered":"\n<p class=\"wp-block-paragraph\">Lucas Moraes voltou a vencer na edi\u00e7\u00e3o 2026 do Rali dos Sert\u00f5es entre os carros. Depois de levar a melhor na primeira etapa, o atual campe\u00e3o mundial de Rally Raid voltou a mostrar um bom ritmo na segunda-feira (24) e completou o trecho de 435 km entre Cavalcante (GO) e Lu\u00eds Eduardo Magalh\u00e3es (BA) em 5h14min19s.<\/p>\n\n\n\n<p class=\"wp-block-paragraph\">Marcelo Gastaldi, que terminou em segundo, foi cerca de seis minutos mais lento que Moraes e completou o percurso em 5h20min59s. Flavio Lunardi (5h28min22s), Mauro Guedes (5h35min02s) e Pedro Queirolo (5h38min29s) completaram os cinco primeiros.<\/p>\n\n\n\n<figure class=\"wp-block-embed is-type-video is-provider-youtube wp-block-embed-youtube wp-embed-aspect-16-9 wp-has-aspect-ratio\"><div class=\"wp-block-embed__wrapper\">\n<iframe loading=\"lazy\" title=\"\ud83d\udd34AO VIVO: SERT\u00d5ES 2026 | ETAPA 2 COM IMAGENS [live grande premio]\" width=\"500\" height=\"281\" src=\"https:\/\/www.youtube.com\/embed\/ENeLmA1WVAk?feature=oembed\" frameborder=\"0\" allow=\"accelerometer; autoplay; clipboard-write; encrypted-media; gyroscope; picture-in-picture; web-share\" referrerpolicy=\"strict-origin-when-cross-origin\" allowfullscreen><\/iframe>\n<\/div><\/figure>\n\n\n\n<p class=\"wp-block-paragraph\">Na classifica\u00e7\u00e3o geral, Moraes lidera com 10h34min14s, seguido por Gastaldi, que est\u00e1 11min34s atr\u00e1s. Lunardi completa as tr\u00eas primeiras posi\u00e7\u00f5es.<\/p>\n\n\n\n<p class=\"wp-block-paragraph\">Nas motos, Tosha Schareina voltou a vencer ao completar o percurso em 5h16min38s e ficar \u00e0 frente de Martim Ventura. Segundo colocado no dia anterior, Bruno Crivilin terminou em terceiro na segunda etapa, com 5h18min11s. Guilherme Bissotto e Marcelo Medeiros fecharam os cinco primeiros.<\/p>\n\n\n\n<p class=\"wp-block-paragraph\">Com isso, Schareina ampliou para 4min48s a vantagem sobre Crivilin, que se manteve em segundo, \u00e0 frente de Ventura.<\/p>\n\n\n\n<p class=\"wp-block-paragraph\">A disputa nos UTVs foi acirrada entre Bruno Varela e Z\u00e9 H\u00e9lio, que terminaram a etapa separados por pouco mais de 1s. Varela, no entanto, levou a melhor ao completar o tra\u00e7ado em 5h20min46s. Pedro Mac Dowell, Deni Nascimento e Leonardo Castro fecharam os cinco primeiros.<\/p>\n\n\n\n<figure class=\"wp-block-image size-full\"><img loading=\"lazy\" decoding=\"async\" width=\"1023\" height=\"682\" src=\"https:\/\/grandepremio.com\/br\/wp-content\/uploads\/2026\/08\/SERTOES-2026-TOSHA-SCHAREINA-Foto-Sertoes.jpg\" alt=\"\" class=\"wp-image-1020312918\" srcset=\"https:\/\/grandepremio.com\/wp-content\/uploads\/2026\/08\/SERTOES-2026-TOSHA-SCHAREINA-Foto-Sertoes.jpg 1023w, https:\/\/grandepremio.com\/wp-content\/uploads\/2026\/08\/SERTOES-2026-TOSHA-SCHAREINA-Foto-Sertoes-300x200.jpg 300w, https:\/\/grandepremio.com\/wp-content\/uploads\/2026\/08\/SERTOES-2026-TOSHA-SCHAREINA-Foto-Sertoes-768x512.jpg 768w, https:\/\/grandepremio.com\/wp-content\/uploads\/2026\/08\/SERTOES-2026-TOSHA-SCHAREINA-Foto-Sertoes-150x100.jpg 150w\" sizes=\"(max-width: 1023px) 100vw, 1023px\" \/><figcaption class=\"wp-element-caption\">Tosha Schareina levou a melhor nas motos (Foto: Sert\u00f5es)<\/figcaption><\/figure>\n\n\n\n<p class=\"wp-block-paragraph\">Apesar do segundo lugar, H\u00e9lio ainda lidera nos UTVs, com pouco mais de um minuto de vantagem sobre Deni Nascimento. Mac Dowell \u00e9 o terceiro colocado, enquanto Varela, vencedor da segunda etapa, ocupa a quarta posi\u00e7\u00e3o.<\/p>\n\n\n\n<p class=\"wp-block-paragraph\">O\u00a0<strong>Sert\u00f5es\u00a0<\/strong>continua nesta ter\u00e7a-feira (25), com os pilotos saindo de\u00a0Lu\u00eds Eduardo Magalh\u00e3es (BA) rumo a Mateiros (TO), em um percurso de 533 km <strong>O GRANDE PR\u00caMIO transmite todas as etapas AO VIVO e COM IMAGENS.<\/strong><\/p>\n","protected":false},"excerpt":{"rendered":"<p>A segunda etapa do Sert\u00f5es 2026 ainda contou com uma disputa apertada nos UTVs, com Bruno Varela levando a melhor ao superar Z\u00e9 H\u00e9lio por 1s<\/p>\n","protected":false},"author":17,"featured_media":1020312917,"comment_status":"closed","ping_status":"closed","sticky":false,"template":"","format":"standard","meta":{"42wp_featured_image_caption":"Lucas Moraes voltou a vencer no Sert\u00f5es 2026","42wp_featured_image_credits":"Victor Eleut\u00e9rio Sert\u00f5es","42wp_featured_video":"","42wp_featured_image_hidden":false,"42wp_authors_list":[{"id":47149,"location":"de Belo Horizonte"}],"footnotes":""},"categories":[43],"tags":[3787,26304],"42wp_author":[47149],"class_list":["post-163299","post","type-post","status-publish","format-standard","has-post-thumbnail","hentry","category-sertoes","tag-lucas-moraes","tag-sertoes","42wp_author-bernardo-castro"],"_links":{"self":[{"href":"https:\/\/grandepremio.com\/br\/wp-json\/wp\/v2\/posts\/163299","targetHints":{"allow":["GET"]}}],"collection":[{"href":"https:\/\/grandepremio.com\/br\/wp-json\/wp\/v2\/posts"}],"about":[{"href":"https:\/\/grandepremio.com\/br\/wp-json\/wp\/v2\/types\/post"}],"author":[{"embeddable":true,"href":"https:\/\/grandepremio.com\/br\/wp-json\/wp\/v2\/users\/17"}],"replies":[{"embeddable":true,"href":"https:\/\/grandepremio.com\/br\/wp-json\/wp\/v2\/comments?post=163299"}],"version-history":[{"count":2,"href":"https:\/\/grandepremio.com\/br\/wp-json\/wp\/v2\/posts\/163299\/revisions"}],"predecessor-version":[{"id":163304,"href":"https:\/\/grandepremio.com\/br\/wp-json\/wp\/v2\/posts\/163299\/revisions\/163304"}],"wp:featuredmedia":[{"embeddable":true,"href":"https:\/\/grandepremio.com\/br\/wp-json\/wp\/v2\/media\/1020312917"}],"wp:attachment":[{"href":"https:\/\/grandepremio.com\/br\/wp-json\/wp\/v2\/media?parent=163299"}],"wp:term":[{"taxonomy":"category","embeddable":true,"href":"https:\/\/grandepremio.com\/br\/wp-json\/wp\/v2\/categories?post=163299"},{"taxonomy":"post_tag","embeddable":true,"href":"https:\/\/grandepremio.com\/br\/wp-json\/wp\/v2\/tags?post=163299"},{"taxonomy":"42wp_author","embeddable":true,"href":"https:\/\/grandepremio.com\/br\/wp-json\/wp\/v2\/42wp_author?post=163299"}],"curies":[{"name":"wp","href":"https:\/\/api.w.org\/{rel}","templated":true}]}}