{"id":163373,"date":"2026-08-26T04:00:00","date_gmt":"2026-08-26T07:00:00","guid":{"rendered":"https:\/\/grandepremio.com\/br\/?p=163373"},"modified":"2026-08-25T23:06:36","modified_gmt":"2026-08-26T02:06:36","slug":"o-que-rubens-barrichello-alega-processo-movido-contra-scuderia-bandeiras","status":"publish","type":"post","link":"https:\/\/grandepremio.com\/br\/stock-car\/o-que-rubens-barrichello-alega-processo-movido-contra-scuderia-bandeiras\/","title":{"rendered":"O que Barrichello alega em processo movido contra Scuderia Bandeiras"},"content":{"rendered":"\n<p class=\"wp-block-paragraph\"><strong>O piloto Rubens Barrichello<\/strong>, junto da empresa B11 Marketing Esportivo, <strong>entrou com uma a\u00e7\u00e3o contra sua ex-equipe, a Scuderia Bandeiras<\/strong>, cobrando R$ 2,4 milh\u00f5es por supostamente descumprir o contrato firmado para a temporada 2026 da Stock Car. A a\u00e7\u00e3o foi protocolada no \u00faltimo dia 20. Os autores pedem resolu\u00e7\u00e3o do contrato por culpa das empresas, pagamento de valores previstos no acordo e indeniza\u00e7\u00e3o por danos morais.<\/p>\n\n\n\n<p class=\"wp-block-paragraph\">O <strong>GRANDE PR\u00caMIO<\/strong> teve acesso ao processo, cuja not\u00edcia foi publicada inicialmente pelo jornal O Globo. O contrato de Barrichello e Scuderia Bandeiras foi assinado em novembro de 2025 e previa que o piloto disputasse com exclusividade toda a temporada da Stock Car. \u00c0 equipe, caberia fornecer carro, equipe de engenharia e mec\u00e2nicos, manuten\u00e7\u00e3o, pneus, combust\u00edvel, log\u00edstica, transporte, estrutura de boxes, suporte t\u00e9cnico e inscri\u00e7\u00f5es nas etapas. <strong>Em contrapartida, a remunera\u00e7\u00e3o de Rubens foi estabelecida em R$ 2 milh\u00f5es, divididos em dez parcelas mensais de R$ 200 mil.<\/strong><\/p>\n\n\n\n<figure class=\"wp-block-embed is-type-video is-provider-youtube wp-block-embed-youtube wp-embed-aspect-16-9 wp-has-aspect-ratio\"><div class=\"wp-block-embed__wrapper\">\n<iframe loading=\"lazy\" title=\"COBRAN\u00c7AS INJUSTAS E MORDA\u00c7A NA STOCK CAR: \u00c1TILA ABREU FALA TUDO AP\u00d3S SA\u00cdDA DA BANDEIRAS | Sprint GP\" width=\"500\" height=\"281\" src=\"https:\/\/www.youtube.com\/embed\/tEsmdDW_NgM?feature=oembed\" frameborder=\"0\" allow=\"accelerometer; autoplay; clipboard-write; encrypted-media; gyroscope; picture-in-picture; web-share\" referrerpolicy=\"strict-origin-when-cross-origin\" allowfullscreen><\/iframe>\n<\/div><\/figure>\n\n\n\n<p class=\"wp-block-paragraph\">Por\u00e9m, o acordo tamb\u00e9m estabelecia uma cl\u00e1usula de exclusividade. Barrichello deveria priorizar a equipe e a Stock Car durante a vig\u00eancia do v\u00ednculo. Ele tinha a permiss\u00e3o de correr em outras categorias desde que n\u00e3o entrassem em conflito com o calend\u00e1rio do campeonato. <strong>A a\u00e7\u00e3o sustenta que, na pr\u00e1tica, a exclusividade impediu o piloto de buscar outro time para seguir na Stock Car<\/strong> ap\u00f3s a sa\u00edda da Scuderia Bandeiras.<\/p>\n\n\n\n<p class=\"wp-block-paragraph\">Al\u00e9m da remunera\u00e7\u00e3o fixa, havia uma cl\u00e1usula espec\u00edfica envolvendo o Grupo ALE, rede de postos de combust\u00edveis que patrocina o piloto. Barrichello teria direito a uma comiss\u00e3o de 10% sobre os aportes financeiros feitos pelo patrocinador. Em fevereiro de 2026, foi firmado contrato de patroc\u00ednio de R$ 2,31 milh\u00f5es, com Rubens como piloto e anuente. Segundo a a\u00e7\u00e3o, a comiss\u00e3o total seria de R$ 231,5 mil, dos quais R$ 192,5 mil j\u00e1 teriam sido pagos ou compensados, restando R$ 39 mil. O contrato tamb\u00e9m previa que o direito \u00e0 comiss\u00e3o poderia sobreviver ao encerramento do v\u00ednculo.<\/p>\n\n\n\n<p class=\"wp-block-paragraph\"><a href=\"https:\/\/grandepremio.com\/br\/stock-car\/scuderia-bandeiras-deixa-stock-car-efeito-imediato-derrota-stjd\/\">A ruptura entre Scuderia Bandeiras e Stock Car ocorreu em 1\u00ba de julho de 2026<\/a>, depois de Barrichello ter disputado apenas 5 das 12 etapas previstas. A \u00faltima participa\u00e7\u00e3o da equipe foi em Cuiab\u00e1, em 20 de junho. As sete etapas restantes continuaram previstas no calend\u00e1rio e foram disputadas pelos demais times. Para os autores, portanto, n\u00e3o houve cancelamento do campeonato, nem impossibilidade objetiva de continuidade: houve uma decis\u00e3o da Scuderia de deixar a competi\u00e7\u00e3o.<\/p>\n\n\n\n<p class=\"wp-block-paragraph\">A peti\u00e7\u00e3o afirma que a pr\u00f3pria equipe reconheceu, em uma contranotifica\u00e7\u00e3o enviada em 5 de agosto, que havia ocorrido uma interrup\u00e7\u00e3o de sua participa\u00e7\u00e3o e que a continuidade no campeonato se tornara invi\u00e1vel. Segundo os autores, as empresas atribu\u00edram a sa\u00edda a \u201ccircunst\u00e2ncias absolutamente excepcionais\u201d envolvendo a organiza\u00e7\u00e3o da competi\u00e7\u00e3o e terceiros, incluindo conflitos com a organizadora e fornecedores. A B11 e Barrichello afirmam que esses problemas pertenciam ao risco empresarial da equipe e n\u00e3o poderiam ser transferidos ao piloto.<\/p>\n\n\n\n<figure class=\"wp-block-image size-large\"><img loading=\"lazy\" decoding=\"async\" width=\"1024\" height=\"682\" src=\"https:\/\/grandepremio.com\/br\/wp-content\/uploads\/2026\/06\/WhatsApp-Image-2026-03-07-at-13.10.16-1024x682.jpeg\" alt=\"STOCK CAR 2026, RUBENS BARRICHELLO, CURVELO\" class=\"wp-image-1020308144\" srcset=\"https:\/\/grandepremio.com\/wp-content\/uploads\/2026\/06\/WhatsApp-Image-2026-03-07-at-13.10.16-1024x682.jpeg 1024w, https:\/\/grandepremio.com\/wp-content\/uploads\/2026\/06\/WhatsApp-Image-2026-03-07-at-13.10.16-300x200.jpeg 300w, https:\/\/grandepremio.com\/wp-content\/uploads\/2026\/06\/WhatsApp-Image-2026-03-07-at-13.10.16-768x512.jpeg 768w, https:\/\/grandepremio.com\/wp-content\/uploads\/2026\/06\/WhatsApp-Image-2026-03-07-at-13.10.16-150x100.jpeg 150w, https:\/\/grandepremio.com\/wp-content\/uploads\/2026\/06\/WhatsApp-Image-2026-03-07-at-13.10.16.jpeg 1280w\" sizes=\"(max-width: 1024px) 100vw, 1024px\" \/><figcaption class=\"wp-element-caption\">Rubens Barrichello durante etapa de Curvelo da Stock Car 2026 (Foto: Duda Bairros\/ Scuderia Bandeiras)<br><\/figcaption><\/figure>\n\n\n\n<p class=\"wp-block-paragraph\">Outro ponto central da a\u00e7\u00e3o \u00e9 a alega\u00e7\u00e3o de que Barrichello teria cumprido suas obriga\u00e7\u00f5es at\u00e9 o momento da ruptura. Os autores afirmam que ele disputou as etapas realizadas, respeitou a exclusividade, n\u00e3o assinou com outra equipe e colocou seu nome e imagem \u00e0 disposi\u00e7\u00e3o da Scuderia Bandeiras para a capta\u00e7\u00e3o de patrocinadores. A peti\u00e7\u00e3o sustenta ainda que as empresas s\u00f3 passaram a alegar poss\u00edveis descumprimentos promocionais de Rubens depois de serem cobradas judicialmente, sem terem apresentado anteriormente notifica\u00e7\u00f5es formais sobre essas supostas falhas.<\/p>\n\n\n\n<p class=\"wp-block-paragraph\">A defesa jur\u00eddica apresentada pelos autores parte da interpreta\u00e7\u00e3o de que a sa\u00edda da equipe configurou inadimplemento absoluto do contrato. O argumento \u00e9 que, sem carro, estrutura, inscri\u00e7\u00e3o e equipe t\u00e9cnica, Barrichello ficou materialmente impossibilitado de cumprir sua pr\u00f3pria parte do acordo. Como a temporada \u00e9 temporalmente limitada, os autores afirmam que uma eventual repara\u00e7\u00e3o posterior n\u00e3o recuperaria a oportunidade perdida de disputar as sete etapas restantes.<\/p>\n\n\n\n<p class=\"wp-block-paragraph\">A a\u00e7\u00e3o tamb\u00e9m invoca a cl\u00e1usula penal prevista no contrato. O acordo estabelecia uma multa de R$ 2 milh\u00f5es em caso de descumprimento injustificado de cl\u00e1usula essencial que provocasse a rescis\u00e3o ou inviabilizasse o contrato. Rubens e a B11, por\u00e9m, n\u00e3o cobram a multa integral. Como foram disputadas cinco das 12 etapas, calcularam a penalidade proporcionalmente \u00e0s sete etapas n\u00e3o cumpridas: 7\/12 de R$ 2 milh\u00f5es, chegando a R$ 1.166.666,67.<\/p>\n\n\n\n<p class=\"wp-block-paragraph\">O maior componente financeiro da a\u00e7\u00e3o \u00e9 justamente essa multa. Somada ao R$ 1 milh\u00e3o referente \u00e0s cinco parcelas restantes da remunera\u00e7\u00e3o, aos R$ 39 mil de comiss\u00e3o da ALE e aos R$ 200 mil pedidos por danos morais e \u00e0 imagem, chega-se ao valor de causa de R$ 2.405.666,67. Os autores tamb\u00e9m pedem corre\u00e7\u00e3o monet\u00e1ria e juros sobre as verbas, al\u00e9m de eventual pagamento de 10% sobre outros aportes do Grupo ALE que venham a ser identificados durante o processo.<\/p>\n\n\n\n<figure class=\"wp-block-image size-large\"><img loading=\"lazy\" decoding=\"async\" width=\"1200\" height=\"801\" src=\"https:\/\/grandepremio.com\/br\/wp-content\/uploads\/2026\/03\/463046_1193806_20260306__marcelommm_23392__1_-scaled-1200x801.jpg\" alt=\"\" class=\"wp-image-1001065859\" srcset=\"https:\/\/grandepremio.com\/wp-content\/uploads\/2026\/03\/463046_1193806_20260306__marcelommm_23392__1_-scaled-1200x801.jpg 1200w, https:\/\/grandepremio.com\/wp-content\/uploads\/2026\/03\/463046_1193806_20260306__marcelommm_23392__1_-scaled-300x200.jpg 300w, https:\/\/grandepremio.com\/wp-content\/uploads\/2026\/03\/463046_1193806_20260306__marcelommm_23392__1_-scaled-768x512.jpg 768w, https:\/\/grandepremio.com\/wp-content\/uploads\/2026\/03\/463046_1193806_20260306__marcelommm_23392__1_-scaled-1536x1025.jpg 1536w, https:\/\/grandepremio.com\/wp-content\/uploads\/2026\/03\/463046_1193806_20260306__marcelommm_23392__1_-scaled-2048x1366.jpg 2048w, https:\/\/grandepremio.com\/wp-content\/uploads\/2026\/03\/463046_1193806_20260306__marcelommm_23392__1_-scaled-150x100.jpg 150w\" sizes=\"(max-width: 1200px) 100vw, 1200px\" \/><figcaption class=\"wp-element-caption\">A Scuderia Bandeiras deixou a Stock Car (Foto: Marcelo Machado de Melo\/Vicar)<\/figcaption><\/figure>\n\n\n\n<p class=\"wp-block-paragraph\">A indeniza\u00e7\u00e3o de R$ 200 mil \u00e9 solicitada exclusivamente para Rubens. A tese \u00e9 de que o epis\u00f3dio ultrapassaria um simples problema financeiro ou contratual, porque a interrup\u00e7\u00e3o da temporada teria afetado sua imagem e honra profissional. A peti\u00e7\u00e3o afirma que a aus\u00eancia das pistas prejudicou sua exposi\u00e7\u00e3o perante p\u00fablico, imprensa e patrocinadores e o associou a uma ruptura contratual que, segundo os autores, n\u00e3o teria sido causada por ele.<\/p>\n\n\n\n<p class=\"wp-block-paragraph\">H\u00e1 ainda um pedido considerado particularmente relevante para a carreira do piloto: Barrichello quer que a Justi\u00e7a suspenda imediatamente a cl\u00e1usula de exclusividade, permitindo que ele seja contratado por outra equipe da Stock Car ainda em 2026. Os autores tamb\u00e9m pedem que as empresas sejam proibidas de invocar a exclusividade ou a multa contratual contra o piloto perante a Vicar, a CBA, outras equipes e patrocinadores.<\/p>\n\n\n\n<p class=\"wp-block-paragraph\">Em car\u00e1ter cautelar, a B11 e Barrichello tamb\u00e9m solicitaram o arresto de ativos financeiros das tr\u00eas empresas at\u00e9 o limite de R$ 2,405 milh\u00f5es, alegando risco de dificuldade futura para receber os valores diante da sa\u00edda da equipe da Stock Car. Tamb\u00e9m pedem que as empresas cessem qualquer utiliza\u00e7\u00e3o do nome, imagem e voz de Barrichello, com multa di\u00e1ria de R$ 5 mil, al\u00e9m da apresenta\u00e7\u00e3o de documentos relativos aos contratos de patroc\u00ednio e pagamentos.<\/p>\n\n\n\n<p class=\"wp-block-paragraph\">At\u00e9 o momento, por\u00e9m, nenhuma dessas pretens\u00f5es foi julgada no m\u00e9rito. O primeiro despacho do juiz Jos\u00e9 Elias Themer, da 10\u00aa Vara C\u00edvel de Sorocaba, em 20 de agosto, concentrou-se na compet\u00eancia territorial. O magistrado observou que Barrichello e a B11 t\u00eam sede\/resid\u00eancia em S\u00e3o Paulo, enquanto as empresas r\u00e9s est\u00e3o em Votorantim, e questionou a raz\u00e3o para a a\u00e7\u00e3o ter sido ajuizada em Sorocaba.<\/p>\n\n\n\n<p class=\"wp-block-paragraph\">A quest\u00e3o \u00e9 relevante porque o pr\u00f3prio contrato cont\u00e9m uma cl\u00e1usula de elei\u00e7\u00e3o de foro, mas ela aponta para a Comarca da Capital de S\u00e3o Paulo, e n\u00e3o Sorocaba. Diante da manifesta\u00e7\u00e3o do juiz, os autores apresentaram, em 25 de agosto, concord\u00e2ncia com a altera\u00e7\u00e3o da compet\u00eancia para Votorantim, cidade onde est\u00e3o sediadas as empresas r\u00e9s. Portanto, o processo ainda est\u00e1 em fase inicial e a Justi\u00e7a ainda n\u00e3o decidiu se Barrichello tem direito aos R$ 2,4 milh\u00f5es ou se a cl\u00e1usula de exclusividade deve ser suspensa.<\/p>\n\n\n\n<p class=\"wp-block-paragraph\">Procurada pelo <strong>GRANDE PR\u00caMIO<\/strong>, a Scuderia Bandeiras ainda n\u00e3o emitiu uma posi\u00e7\u00e3o oficial a respeito da a\u00e7\u00e3o movida pelo piloto.<\/p>\n\n\n\n<h2 class=\"wp-block-heading\">Entenda a sa\u00edda da Scuderia Bandeiras da Stock Car<\/h2>\n\n\n\n<p class=\"wp-block-paragraph\">Conforme&nbsp;<a href=\"https:\/\/grandepremio.com\/br\/stock-car\/scuderia-bandeiras-deixa-stock-car-efeito-imediato-derrota-stjd\/\" target=\"_blank\" rel=\"noreferrer noopener\">antecipado pelo&nbsp;<strong>GRANDE PR\u00caMIO<\/strong><\/a>, a&nbsp;<strong>Scuderia Bandeiras<\/strong>&nbsp;<a href=\"https:\/\/grandepremio.com\/br\/stock-car\/scuderia-bandeiras-alega-inseguranca-juridica-relacao-deteriorada-sair-stock-car\/\" target=\"_blank\" rel=\"noreferrer noopener\">confirmou no dia 1\u00ba de julho<\/a>&nbsp;a sa\u00edda do grid da&nbsp;<strong>Stock Car<\/strong>&nbsp;com efeito imediato. A decis\u00e3o foi tomada depois de a equipe alegar \u201cinseguran\u00e7a jur\u00eddica\u201d e \u201cdeteriora\u00e7\u00e3o\u201d da rela\u00e7\u00e3o com a&nbsp;<strong>Vicar<\/strong>, promotora da categoria.<\/p>\n\n\n\n<p class=\"wp-block-paragraph\">A equipe soltou um comunicado em que elenca todos os motivos para a sa\u00edda imediata, a come\u00e7ar por \u201cpreocupa\u00e7\u00f5es relevantes relacionadas aos procedimentos tribut\u00e1rios envolvendo a importa\u00e7\u00e3o, circula\u00e7\u00e3o e comercializa\u00e7\u00e3o dos pneus utilizados na categoria, opera\u00e7\u00f5es conduzidas pela&nbsp;<strong>Vicar&nbsp;<\/strong>e por sua coligada&nbsp;<strong>Audace<\/strong>&#8220;. Pertencente ao&nbsp;<strong>Grupo Veloci<\/strong>, a&nbsp;<strong>Vicar&nbsp;<\/strong>tem&nbsp;<strong>Lincoln Oliveira&nbsp;<\/strong>como CEO. J\u00e1 a&nbsp;<strong>Audace<\/strong>, fabricante dos carros da&nbsp;<strong>Stock Car<\/strong>, tem como diretor<strong>&nbsp;Enzo Bortoleto<\/strong>, filho de&nbsp;<strong>Oliveira<\/strong>.<\/p>\n\n\n\n<p class=\"wp-block-paragraph\">Outro ponto levantado pela&nbsp;<strong>Scuderia Bandeiras<\/strong>&nbsp;diz respeito a um bloqueio imposto contra a equipe ao sistema&nbsp;<strong>Stock Manager<\/strong>, o que, segundo a notifica\u00e7\u00e3o extrajudicial de rescis\u00e3o contratual, impediu a solicita\u00e7\u00e3o de pe\u00e7as de reposi\u00e7\u00e3o e prejudicou deliberadamente as atividades do time. Isso aconteceu apesar de uma decis\u00e3o judicial determinar que a categoria n\u00e3o poderia impor essa restri\u00e7\u00e3o.<\/p>\n\n\n\n<p class=\"wp-block-paragraph\">A&nbsp;<strong>Scuderia Bandeiras<\/strong>&nbsp;tamb\u00e9m alegou falta de seguran\u00e7a t\u00e9cnica na categoria como outro fator que contribuiu para a sa\u00edda. O forte acidente de&nbsp;<strong>Bruno Baptista<\/strong>&nbsp;na etapa de&nbsp;<strong>Bras\u00edlia&nbsp;<\/strong>em 2025, inclusive, \u00e9 citado na nota oficial da esquadra como exemplo de problema envolvendo o novo chassi, introduzido no ano passado.<\/p>\n\n\n\n<figure class=\"wp-block-image size-full\"><img loading=\"lazy\" decoding=\"async\" width=\"1024\" height=\"683\" src=\"https:\/\/grandepremio.com\/br\/wp-content\/uploads\/2026\/06\/467061_1208078_20260619__rafael_gagliano_2_12_web_.jpg\" alt=\"\" class=\"wp-image-1020307069\" srcset=\"https:\/\/grandepremio.com\/wp-content\/uploads\/2026\/06\/467061_1208078_20260619__rafael_gagliano_2_12_web_.jpg 1024w, https:\/\/grandepremio.com\/wp-content\/uploads\/2026\/06\/467061_1208078_20260619__rafael_gagliano_2_12_web_-300x200.jpg 300w, https:\/\/grandepremio.com\/wp-content\/uploads\/2026\/06\/467061_1208078_20260619__rafael_gagliano_2_12_web_-768x512.jpg 768w, https:\/\/grandepremio.com\/wp-content\/uploads\/2026\/06\/467061_1208078_20260619__rafael_gagliano_2_12_web_-150x100.jpg 150w\" sizes=\"(max-width: 1024px) 100vw, 1024px\" \/><figcaption class=\"wp-element-caption\">Scuderia Bandeiras deixou Stock Car em momento de alta no campeonato (Foto: Rafael Gagliano)<\/figcaption><\/figure>\n\n\n\n<p class=\"wp-block-paragraph\">No final de 2025, antes da \u00faltima etapa da temporada em&nbsp;<strong>Interlagos<\/strong>, o&nbsp;<strong>GRANDE PR\u00caMIO<\/strong>&nbsp;teve acesso \u00e0s pastas de provas das rodadas da&nbsp;<strong>Stock Car<\/strong>&nbsp;do ano passado. Nestes documentos, o comiss\u00e1rio t\u00e9cnico respons\u00e1vel atesta que&nbsp;<a href=\"https:\/\/grandepremio.com\/br\/stock-car\/exclusivo-carro-chassi-sng01-stock-car-irregularidades-seguranca-temporada-2025-atesta-conselho-tecnico-ctdn-cba\/\">os modelos estavam inaptos a irem \u00e0 pista<\/a>&nbsp;em 10 das 11 primeiras etapas do calend\u00e1rio.<\/p>\n\n\n\n<p class=\"wp-block-paragraph\">Na notifica\u00e7\u00e3o extrajudicial de rescis\u00e3o contratual com a Stock Car, a Scuderia Bandeiras tamb\u00e9m cita inconsist\u00eancias em pe\u00e7as fornecidas pela Audace Tech, que se mostraram \u201cincompat\u00edveis com os<br>padr\u00f5es dimensionais exigidos para sua instala\u00e7\u00e3o\u201d. A equipe ainda relata que a Stock Car, diante desta situa\u00e7\u00e3o, \u201cora determinou a devolu\u00e7\u00e3o dos componentes, ora autorizou expressamente sua adapta\u00e7\u00e3o e retrabalho para viabilizar a continuidade das atividades esportivas\u201d.<\/p>\n\n\n\n<p class=\"wp-block-paragraph\">Em <a href=\"https:\/\/grandepremio.com\/br\/stock-car\/stock-car-seguranca-valor-inegociavel-saida-scuderia-bandeiras\/\">nota oficial compartilhada atrav\u00e9s do perfil nas redes sociais<\/a>, a&nbsp;<strong>Vicar&nbsp;<\/strong>\u2014 promotora da&nbsp;<strong>Stock Car&nbsp;<\/strong>\u2014 destaca que a decis\u00e3o da&nbsp;<strong>Scuderia Bandeiras<\/strong>&nbsp;vem na esteira do julgamento da equipe no&nbsp;<strong>STJD<\/strong>, em que puni\u00e7\u00f5es por irregularidades t\u00e9cnicas contestadas pelo time foram mantidas por unanimidade.<\/p>\n\n\n\n<p class=\"wp-block-paragraph\">Al\u00e9m disso, a nota refor\u00e7a que a seguran\u00e7a \u00e9 um valor \u201cinegoci\u00e1vel\u201d da categoria. Por\u00e9m, logo ap\u00f3s emitir o posicionamento, a&nbsp;<strong>Vicar&nbsp;<\/strong>bloqueou os coment\u00e1rios da postagem e impediu rea\u00e7\u00f5es por parte dos seguidores.<\/p>\n","protected":false},"excerpt":{"rendered":"<p>Rubens Barrichello move a\u00e7\u00e3o contra ex-equipe Scuderia Bandeiras e cobra R$ 2,4 milh\u00f5es ap\u00f3s time deixar a Stock Car e manter exclusividade sobre piloto, que ficou impossibilitado de procurar outra equipe<\/p>\n","protected":false},"author":16,"featured_media":1001064704,"comment_status":"closed","ping_status":"closed","sticky":false,"template":"","format":"standard","meta":{"42wp_featured_image_caption":"Rubens Barrichello move a\u00e7\u00e3o contra a Scuderia Bandeiras","42wp_featured_image_credits":"Jos\u00e9 Mario Dias","42wp_featured_video":"","42wp_featured_image_hidden":false,"42wp_authors_list":[{"id":47119,"location":"de Campinas"},{"id":47155,"location":"de S\u00e3o Paulo"}],"footnotes":""},"categories":[11],"tags":[175,43503],"42wp_author":[47155,47119],"class_list":["post-163373","post","type-post","status-publish","format-standard","has-post-thumbnail","hentry","category-stock-car","tag-rubens-barrichello","tag-scuderia-bandeiras","42wp_author-daniel-balsa","42wp_author-gabriel-carvalho"],"_links":{"self":[{"href":"https:\/\/grandepremio.com\/br\/wp-json\/wp\/v2\/posts\/163373","targetHints":{"allow":["GET"]}}],"collection":[{"href":"https:\/\/grandepremio.com\/br\/wp-json\/wp\/v2\/posts"}],"about":[{"href":"https:\/\/grandepremio.com\/br\/wp-json\/wp\/v2\/types\/post"}],"author":[{"embeddable":true,"href":"https:\/\/grandepremio.com\/br\/wp-json\/wp\/v2\/users\/16"}],"replies":[{"embeddable":true,"href":"https:\/\/grandepremio.com\/br\/wp-json\/wp\/v2\/comments?post=163373"}],"version-history":[{"count":2,"href":"https:\/\/grandepremio.com\/br\/wp-json\/wp\/v2\/posts\/163373\/revisions"}],"predecessor-version":[{"id":163375,"href":"https:\/\/grandepremio.com\/br\/wp-json\/wp\/v2\/posts\/163373\/revisions\/163375"}],"wp:featuredmedia":[{"embeddable":true,"href":"https:\/\/grandepremio.com\/br\/wp-json\/wp\/v2\/media\/1001064704"}],"wp:attachment":[{"href":"https:\/\/grandepremio.com\/br\/wp-json\/wp\/v2\/media?parent=163373"}],"wp:term":[{"taxonomy":"category","embeddable":true,"href":"https:\/\/grandepremio.com\/br\/wp-json\/wp\/v2\/categories?post=163373"},{"taxonomy":"post_tag","embeddable":true,"href":"https:\/\/grandepremio.com\/br\/wp-json\/wp\/v2\/tags?post=163373"},{"taxonomy":"42wp_author","embeddable":true,"href":"https:\/\/grandepremio.com\/br\/wp-json\/wp\/v2\/42wp_author?post=163373"}],"curies":[{"name":"wp","href":"https:\/\/api.w.org\/{rel}","templated":true}]}}