{"id":163378,"date":"2026-08-26T06:07:27","date_gmt":"2026-08-26T09:07:27","guid":{"rendered":"https:\/\/grandepremio.com\/br\/?p=163378"},"modified":"2026-08-26T06:29:01","modified_gmt":"2026-08-26T09:29:01","slug":"tech3-encerra-suspense-confirma-acerto-luca-marini-temporada-2027-motogp","status":"publish","type":"post","link":"https:\/\/grandepremio.com\/br\/motogp\/tech3-encerra-suspense-confirma-acerto-luca-marini-temporada-2027-motogp\/","title":{"rendered":"Tech3 encerra suspense e confirma acerto com Marini para temporada 2027 da MotoGP"},"content":{"rendered":"\n<p class=\"wp-block-paragraph\">Mais uma pe\u00e7a encaixou no quebra-cabe\u00e7as da MotoGP para a temporada 2027. A <strong>Tech3 encerrou a espera e anunciou nesta quarta-feira (26) a contrata\u00e7\u00e3o de Luca Marini para a temporada 2027.<\/strong> A equipe francesa n\u00e3o indicou a dura\u00e7\u00e3o do contrato.<\/p>\n\n\n\n<p class=\"wp-block-paragraph\">O acordo entre Marini e Tech3 \u00e9 mais um que chega sem surpresas em meio a um ano agitado no mercado de pilotos. Hoje na Honda, o italiano j\u00e1 tinha a sa\u00edda da equipe dada como certa h\u00e1 alguns meses, mas, primeiro, teve a VR46 apontada como destino, j\u00e1 que, al\u00e9m de ter iniciado a trajet\u00f3ria na MotoGP pela equipe, \u00e9 meio irm\u00e3o de Valentino Rossi.<\/p>\n\n\n\n<figure class=\"wp-block-embed is-type-video is-provider-youtube wp-block-embed-youtube wp-embed-aspect-16-9 wp-has-aspect-ratio\"><div class=\"wp-block-embed__wrapper\">\n<iframe loading=\"lazy\" title=\"MOTOGP CHEGA A ARAG\u00c3O COM APRILIA PRONTA PARA DESTRONAR MARC M\u00c1RQUEZ | Motoca GP\" width=\"500\" height=\"281\" src=\"https:\/\/www.youtube.com\/embed\/CSKIY6iS5Qc?feature=oembed\" frameborder=\"0\" allow=\"accelerometer; autoplay; clipboard-write; encrypted-media; gyroscope; picture-in-picture; web-share\" referrerpolicy=\"strict-origin-when-cross-origin\" allowfullscreen><\/iframe>\n<\/div><\/figure>\n\n\n\n<p class=\"wp-block-paragraph\">Pouco a pouco, por\u00e9m, os rumores foram esfriando, uma vez que Luca n\u00e3o era parte dos planos da Ducati para o time italiano. Nas \u00faltimas semanas, contudo, a Tech3 surgiu como op\u00e7\u00e3o mais forte para o #10.<\/p>\n\n\n\n<p class=\"wp-block-paragraph\">De acordo com a imprensa europeia, Marini enfrentou uma resist\u00eancia inicial da KTM, mas o cen\u00e1rio mudou ap\u00f3s um encontro entre o piloto e Pit Beirer, o chef\u00e3o da marca austr\u00edaca. Durante a passagem da MotoGP por Silverstone, <strong><a href=\"https:\/\/grandepremio.com\/br\/motogp\/luca-marini-celebra-vaga-garantida-motogp-2027-sugere-anuncio-neste-fim-de-semana\/\">Luca j\u00e1 tinha confirmado que estava com o futuro assegurado, aguardando apenas um an\u00fancio oficial<\/a><\/strong>.<\/p>\n\n\n\n<figure class=\"wp-block-image size-large\"><img loading=\"lazy\" decoding=\"async\" width=\"1024\" height=\"682\" src=\"https:\/\/grandepremio.com\/br\/wp-content\/uploads\/2026\/06\/luca-marini-honda-giorgio-barbier-pirelli--1024x682.jpg\" alt=\"MotoGP 2026 Tch\u00e9quia Brno Teste Pirelli Honda Luca Marini Giorgio Barbier\" class=\"wp-image-1020307264\" srcset=\"https:\/\/grandepremio.com\/wp-content\/uploads\/2026\/06\/luca-marini-honda-giorgio-barbier-pirelli--1024x682.jpg 1024w, https:\/\/grandepremio.com\/wp-content\/uploads\/2026\/06\/luca-marini-honda-giorgio-barbier-pirelli--300x200.jpg 300w, https:\/\/grandepremio.com\/wp-content\/uploads\/2026\/06\/luca-marini-honda-giorgio-barbier-pirelli--768x512.jpg 768w, https:\/\/grandepremio.com\/wp-content\/uploads\/2026\/06\/luca-marini-honda-giorgio-barbier-pirelli--1536x1023.jpg 1536w, https:\/\/grandepremio.com\/wp-content\/uploads\/2026\/06\/luca-marini-honda-giorgio-barbier-pirelli--150x100.jpg 150w, https:\/\/grandepremio.com\/wp-content\/uploads\/2026\/06\/luca-marini-honda-giorgio-barbier-pirelli-.jpg 1600w\" sizes=\"(max-width: 1024px) 100vw, 1024px\" \/><figcaption class=\"wp-element-caption\">Luca Marini vai para a Tech3 ap\u00f3s uma passagem de tr\u00eas temporadas pela Honda (Foto: Pirelli)<\/figcaption><\/figure>\n\n\n\n<p class=\"wp-block-paragraph\">Chefe da Tech3, Guenther Steiner celebrou a chegada de Marini e destacou que 2027 ser\u00e1 um recome\u00e7o para a MotoGP, que passa por uma grande mudan\u00e7a de regulamento.<\/p>\n\n\n\n<p class=\"wp-block-paragraph\">&#8220;Luca \u00e9 um piloto que temos acompanhado de perto, e estamos muito satisfeitos em receb\u00ea-lo na Tech3 a partir de 2027, trazendo uma vasta experi\u00eancia, mentalidade e abordagem certas para o que estamos construindo aqui\u201d\u2019, disse Steiner. \u201cO ano de 2027 marcar\u00e1 um grande recome\u00e7o para a MotoGP; portanto, contar com um piloto capaz de contribuir para o nosso progresso nesta nova era ser\u00e1 fundamental\u201d, seguiu.<\/p>\n\n\n\n<p class=\"wp-block-paragraph\">\u201cEle sabe como trabalhar em alto n\u00edvel, seja colaborando com os engenheiros, desenvolvendo a moto ou mantendo o ritmo em situa\u00e7\u00f5es desafiadoras\u201d, apontou. \u201cEstamos iniciando um novo e empolgante cap\u00edtulo com a KTM, e acreditamos que Luca possui velocidade, experi\u00eancia e determina\u00e7\u00e3o necess\u00e1rias para nos ajudar a alcan\u00e7ar nossos objetivos\u201d, completou.<\/p>\n\n\n\n<p class=\"wp-block-paragraph\">Dono de dois p\u00f3dios e duas poles na MotoGP, <strong>Marini \u00e9 um piloto conhecido pela intelig\u00eancia e pela facilidade na comunica\u00e7\u00e3o com os engenheiros<\/strong>. Al\u00e9m disso, \u00e9 algu\u00e9m reconhecido pela consist\u00eancia. Em 2026, o pai da pequena Angelina Luce \u00e9 \u00fanico a ter pontuado em todos os GPs.<\/p>\n\n\n\n<p class=\"wp-block-paragraph\">&#8220;Estamos muito felizes em contar com a chegada de Luca a partir de 2027\u201d, falou Nicolas Goyon, gerente da Tech3. \u201cEle j\u00e1 demonstrou capacidade de competir em alto n\u00edvel, e a experi\u00eancia na MotoGP ser\u00e1 extremamente valiosa \u00e0 medida que iniciamos este novo cap\u00edtulo\u201d, ponderou.<\/p>\n\n\n\n<p class=\"wp-block-paragraph\">\u201cMarini compreende muito bem o que \u00e9 necess\u00e1rio tanto do ponto de vista do piloto quanto do aspecto t\u00e9cnico, e estamos confiantes de que ele desempenhar\u00e1 um papel importante em nossa evolu\u00e7\u00e3o com a KTM\u201d, frisou. \u201cEstamos ansiosos para trabalhar com ele e ver o que podemos conquistar juntos\u201d, encerrou.<\/p>\n\n\n\n<p class=\"wp-block-paragraph\">No comunicado enviado \u00e0 imprensa, a equipe de origem francesa destaca que a \u201cchegada do piloto de 29 anos tamb\u00e9m se alinha com um novo cap\u00edtulo para a Tech3 e a KTM, conforme o time entra na pr\u00f3xima fase da parceria com a fabricante austr\u00edaca a partir de 2027\u201d.<\/p>\n\n\n\n<p class=\"wp-block-paragraph\">A <strong><a href=\"https:\/\/grandepremio.com\/br\/motogp\/tech3-evita-surpresas-anuncia-renovacao-plurianual-ktm-motogp\/\">Tech3 renovou o contrato com a KTM para 2027<\/a><\/strong>, mas, sob a gest\u00e3o Steiner, promete uma postura mais independente da casa de Mattighofen.<\/p>\n\n\n\n<p class=\"wp-block-paragraph\">Marini \u00e9 o primeiro piloto anunciado pela equipe, mas a expectativa \u00e9 por uma mudan\u00e7a total no line-up. <strong><a href=\"https:\/\/grandepremio.com\/br\/motogp\/enea-bastianini-deixa-ktm-apos-duas-temporadas-assina-trackhouse-motogp-2027\/\">Enea Bastianini j\u00e1 foi anunciado pela Trackhouse<\/a><\/strong>, mas o destino de Maverick Vi\u00f1ales segue em aberto. O \u2018Top Gun\u2019 est\u00e1 afastado da MotoGP por les\u00e3o, mas vive uma crise com a KTM e deve ficar fora do grid da classe rainha do Mundial de Motovelocidade no pr\u00f3ximo ano.<\/p>\n\n\n\n<p class=\"wp-block-paragraph\">Senna Agius, da Moto2, \u00e9 o mais cotado para substituir Vi\u00f1ales, mas disputa a vaga com Manu Gonz\u00e1lez, que lidera a disputa pelo t\u00edtulo na classe intermedi\u00e1ria.<\/p>\n\n\n\n<p class=\"wp-block-paragraph\">A&nbsp;<strong>MotoGP<\/strong>&nbsp;<strong>volta a acelerar entre os dias 28 a 30 de agosto para o<\/strong>&nbsp;<strong>GP de Arag\u00e3o<\/strong>, 13\u00aa etapa da temporada 2026. O&nbsp;<strong>GRANDE PR\u00caMIO<\/strong>&nbsp;acompanha toda a programa\u00e7\u00e3o do fim de semana, assim como as demais categorias do&nbsp;Mundial de Motovelocidade.<\/p>\n","protected":false},"excerpt":{"rendered":"<p>A Tech3 anunciou na manh\u00e3 desta quarta-feira (26) a contrata\u00e7\u00e3o de Luca Marini. Piloto de 29 anos chega \u00e0 equipe ap\u00f3s passar por VR46 e Honda<\/p>\n","protected":false},"author":10,"featured_media":1020307591,"comment_status":"closed","ping_status":"closed","sticky":false,"template":"","format":"standard","meta":{"42wp_featured_image_caption":"Luca Marini vai correr pela Tech3 na temporada 2027 da MotoGP","42wp_featured_image_credits":"Honda","42wp_featured_video":"","42wp_featured_image_hidden":false,"42wp_authors_list":[{"id":47113,"location":"de S\u00e3o Paulo"}],"footnotes":""},"categories":[8],"tags":[132,1661,138],"42wp_author":[47113],"class_list":["post-163378","post","type-post","status-publish","format-standard","has-post-thumbnail","hentry","category-motogp","tag-ktm","tag-luca-marini","tag-tech3","42wp_author-juliana-tesser"],"_links":{"self":[{"href":"https:\/\/grandepremio.com\/br\/wp-json\/wp\/v2\/posts\/163378","targetHints":{"allow":["GET"]}}],"collection":[{"href":"https:\/\/grandepremio.com\/br\/wp-json\/wp\/v2\/posts"}],"about":[{"href":"https:\/\/grandepremio.com\/br\/wp-json\/wp\/v2\/types\/post"}],"author":[{"embeddable":true,"href":"https:\/\/grandepremio.com\/br\/wp-json\/wp\/v2\/users\/10"}],"replies":[{"embeddable":true,"href":"https:\/\/grandepremio.com\/br\/wp-json\/wp\/v2\/comments?post=163378"}],"version-history":[{"count":11,"href":"https:\/\/grandepremio.com\/br\/wp-json\/wp\/v2\/posts\/163378\/revisions"}],"predecessor-version":[{"id":163396,"href":"https:\/\/grandepremio.com\/br\/wp-json\/wp\/v2\/posts\/163378\/revisions\/163396"}],"wp:featuredmedia":[{"embeddable":true,"href":"https:\/\/grandepremio.com\/br\/wp-json\/wp\/v2\/media\/1020307591"}],"wp:attachment":[{"href":"https:\/\/grandepremio.com\/br\/wp-json\/wp\/v2\/media?parent=163378"}],"wp:term":[{"taxonomy":"category","embeddable":true,"href":"https:\/\/grandepremio.com\/br\/wp-json\/wp\/v2\/categories?post=163378"},{"taxonomy":"post_tag","embeddable":true,"href":"https:\/\/grandepremio.com\/br\/wp-json\/wp\/v2\/tags?post=163378"},{"taxonomy":"42wp_author","embeddable":true,"href":"https:\/\/grandepremio.com\/br\/wp-json\/wp\/v2\/42wp_author?post=163378"}],"curies":[{"name":"wp","href":"https:\/\/api.w.org\/{rel}","templated":true}]}}