{"id":163397,"date":"2026-08-26T08:23:34","date_gmt":"2026-08-26T11:23:34","guid":{"rendered":"https:\/\/grandepremio.com\/br\/?p=163397"},"modified":"2026-08-26T08:23:35","modified_gmt":"2026-08-26T11:23:35","slug":"luca-marini-tech3-fermin-aldeguer-vr46-como-esta-grid-motogp-temporada-2027","status":"publish","type":"post","link":"https:\/\/grandepremio.com\/br\/motogp\/luca-marini-tech3-fermin-aldeguer-vr46-como-esta-grid-motogp-temporada-2027\/","title":{"rendered":"Marini na Tech3 e Aldeguer na VR46: como est\u00e1 grid da MotoGP para temporada 2027"},"content":{"rendered":"\n<p class=\"wp-block-paragraph\">O <strong>mercado da MotoGP avan\u00e7ou na defini\u00e7\u00e3o do grid de 2027 nesta quarta-feira (26),<\/strong> com as confirma\u00e7\u00f5es de <strong>Luca Marini <\/strong>na <strong>Tech3 <\/strong>e <strong>Ferm\u00edn Aldeguer <\/strong>na <strong>VR46<\/strong>. As duas movimenta\u00e7\u00f5es fecharam mais duas vagas para a nova era de 850 cc e deixaram apenas tr\u00eas lugares em aberto para a pr\u00f3xima temporada.<\/p>\n\n\n\n<p class=\"wp-block-paragraph\">Marini renovou contrato com a Tech3 e garantiu presen\u00e7a na equipe para o in\u00edcio do novo ciclo t\u00e9cnico da categoria at\u00e9 pelo menos 2028. Por\u00e9m, perman\u00eancia do italiano n\u00e3o resolveu a composi\u00e7\u00e3o da dupla, j\u00e1 que a segunda vaga segue sem defini\u00e7\u00e3o, pois <strong>Maverick Vi\u00f1ales <\/strong>chegou a afirmar que havia recebido um novo contrato da KTM para continuar na Tech3, mas o acordo acabou invalidado posteriormente.<\/p>\n\n\n\n<figure class=\"wp-block-embed is-type-video is-provider-youtube wp-block-embed-youtube wp-embed-aspect-16-9 wp-has-aspect-ratio\"><div class=\"wp-block-embed__wrapper\">\n<iframe loading=\"lazy\" title=\"MOTOGP CHEGA A ARAG\u00c3O COM APRILIA PRONTA PARA DESTRONAR MARC M\u00c1RQUEZ | Motoca GP\" width=\"500\" height=\"281\" src=\"https:\/\/www.youtube.com\/embed\/CSKIY6iS5Qc?feature=oembed\" frameborder=\"0\" allow=\"accelerometer; autoplay; clipboard-write; encrypted-media; gyroscope; picture-in-picture; web-share\" referrerpolicy=\"strict-origin-when-cross-origin\" allowfullscreen><\/iframe>\n<\/div><\/figure>\n\n\n\n<p class=\"wp-block-paragraph\">Na <strong>VR46<\/strong>, por outro lado, tivemos a confirma\u00e7\u00e3o de <strong>Ferm\u00edn Aldeguer<\/strong> como um dos pilotos que correr\u00e1 pela equipe em 2027. O espanhol, que ainda n\u00e3o possui companheiro de equipe para a pr\u00f3xima temporada, est\u00e1 deixando a Gresini para chance de desenvolver na categoria em trabalho ao lado da estrutura de Valentino Rossi, contando tamb\u00e9m com o suporte de f\u00e1brica da Ducati pelos pr\u00f3ximos dois anos.<\/p>\n\n\n\n<p class=\"wp-block-paragraph\">Contudo, outras equipes seguem com indefini\u00e7\u00f5es, sendo a maior delas na <strong>Honda<\/strong>. Cabe relembrar que a fabricante japonesa j\u00e1 confirmou <strong>Fabio Quartararo <\/strong>para a pr\u00f3xima temporada, mas ainda precisa definir o companheiro do franc\u00eas na equipe de f\u00e1brica, com <strong>Diego Moreira <\/strong>e <strong>David Alonso <\/strong>surgindo como os principais candidatos \u00e0 vaga.<\/p>\n\n\n\n<figure class=\"wp-block-image size-large\"><img loading=\"lazy\" decoding=\"async\" width=\"1024\" height=\"682\" src=\"https:\/\/grandepremio.com\/br\/wp-content\/uploads\/2026\/07\/MotoGP-2026-Franca-Le-MansGresini-Fermin-Aldeguer-1024x682.jpg\" alt=\"MotoGP 2026 Fran\u00e7a Le Mans Gresini Ferm\u00edn Aldeguer\" class=\"wp-image-1020310326\" srcset=\"https:\/\/grandepremio.com\/wp-content\/uploads\/2026\/07\/MotoGP-2026-Franca-Le-MansGresini-Fermin-Aldeguer-1024x682.jpg 1024w, https:\/\/grandepremio.com\/wp-content\/uploads\/2026\/07\/MotoGP-2026-Franca-Le-MansGresini-Fermin-Aldeguer-300x200.jpg 300w, https:\/\/grandepremio.com\/wp-content\/uploads\/2026\/07\/MotoGP-2026-Franca-Le-MansGresini-Fermin-Aldeguer-768x512.jpg 768w, https:\/\/grandepremio.com\/wp-content\/uploads\/2026\/07\/MotoGP-2026-Franca-Le-MansGresini-Fermin-Aldeguer-1536x1023.jpg 1536w, https:\/\/grandepremio.com\/wp-content\/uploads\/2026\/07\/MotoGP-2026-Franca-Le-MansGresini-Fermin-Aldeguer-150x100.jpg 150w, https:\/\/grandepremio.com\/wp-content\/uploads\/2026\/07\/MotoGP-2026-Franca-Le-MansGresini-Fermin-Aldeguer.jpg 1600w\" sizes=\"(max-width: 1024px) 100vw, 1024px\" \/><figcaption class=\"wp-element-caption\">Ferm\u00edn Aldeguer ser\u00e1 piloto da VR46 em 2027 (Foto: Gresini)<\/figcaption><\/figure>\n\n\n\n<p class=\"wp-block-paragraph\">Na Yamaha, <strong>Jorge Mart\u00edn <\/strong>e <strong>Ai Ogura <\/strong>j\u00e1 est\u00e3o confirmados para 2027, enquanto a <strong>KTM <\/strong>tamb\u00e9m definiu a dupla da equipe de f\u00e1brica, que ser\u00e1 formada por <strong>\u00c1lex M\u00e1rquez <\/strong>e <strong>Fabio Di Giannantonio<\/strong>. A Ducati, por sua vez, ter\u00e1 <strong>Marc M\u00e1rquez <\/strong>e <strong>Pedro Acosta<\/strong>; o hexacampe\u00e3o da MotoGP renovou contrato at\u00e9 o fim de 2028, enquanto Acosta foi contratado para as pr\u00f3ximas duas temporadas.<\/p>\n\n\n\n<p class=\"wp-block-paragraph\"><strong>Marco Bezzecchi<\/strong>, que possui v\u00ednculo at\u00e9 2028, ter\u00e1 <strong>Francesco Bagnaia <\/strong>como companheiro de equipe na Aprilia; o italiano assinou contrato de quatro temporadas e j\u00e1 est\u00e1 confirmado para o novo ciclo da categoria. Na <strong>Gresini<\/strong>, <strong>Joan Mir <\/strong>e <strong>Dani Holgado <\/strong>tamb\u00e9m est\u00e3o oficializados para 2027. Por fim, a <strong>Pramac<\/strong> ainda n\u00e3o definiu sua dupla, com <strong>Toprak Razgatlioglu <\/strong>aguardando a confirma\u00e7\u00e3o de um companheiro para a pr\u00f3xima temporada.<\/p>\n\n\n\n<h3 class=\"wp-block-heading\">MotoGP 2027, Grid provis\u00f3rio:<\/h3>\n\n\n\n<figure class=\"wp-block-table\"><table class=\"has-fixed-layout\"><tbody><tr><td><strong>EQUIPE<\/strong><\/td><td><strong>PILOTO<\/strong><\/td><td><strong>SITUA\u00c7\u00c3O<\/strong><\/td><\/tr><tr><td>HONDA<\/td><td>F QUARTARARO<\/td><td>Contrato at\u00e9 o fim de 2028<\/td><\/tr><tr><td>HONDA<\/td><td>D MOREIRA OU D ALONSO<\/td><td>Contratos HRC<\/td><\/tr><tr><td>YAMAHA<\/td><td>J MART\u00cdN<\/td><td>Contrato at\u00e9 o fim de 2028<\/td><\/tr><tr><td>YAMAHA<\/td><td>A OGURA<\/td><td>Contrato at\u00e9 o fim de 2028<\/td><\/tr><tr><td>DUCATI<\/td><td>M M\u00c1RQUEZ<\/td><td>Contrato at\u00e9 o fim de 2028<\/td><\/tr><tr><td>DUCATI<\/td><td>P ACOSTA<\/td><td>Contrato at\u00e9 o fim de 2028<\/td><\/tr><tr><td>APRILIA<\/td><td>M BEZZECCHI<\/td><td>Contrato at\u00e9 o fim de 2028<\/td><\/tr><tr><td>APRILIA<\/td><td>F BAGNAIA<\/td><td>Contrato at\u00e9 o fim de 2030<\/td><\/tr><tr><td>KTM<\/td><td>\u00c1 M\u00c1RQUEZ<\/td><td>Contrato multianual<\/td><\/tr><tr><td>KTM<\/td><td>F DI GIANNANTONIO<\/td><td>Contrato multianual<\/td><\/tr><tr><td>LCR<\/td><td>J ZARCO<\/td><td>Contrato at\u00e9 o fim de 2027 &#8211; HRC<\/td><\/tr><tr><td>LCR<\/td><td>D MOREIRA OU D ALONSO<\/td><td>Contratos HRC<\/td><\/tr><tr><td>PRAMAC<\/td><td>T RAZGATLIOGLU<\/td><td>Contrato at\u00e9 o fim de 2027 &#8211; YAMAHA<\/td><\/tr><tr><td>PRAMAC<\/td><td>&nbsp;<\/td><td>&nbsp;<\/td><\/tr><tr><td>GRESINI<\/td><td>J MIR<\/td><td>&nbsp;<\/td><\/tr><tr><td>GRESINI<\/td><td>D HOLGADO<\/td><td>&nbsp;<\/td><\/tr><tr><td>VR46<\/td><td>F ALDEGUER<\/td><td>Contrato at\u00e9 o fim de 2028<\/td><\/tr><tr><td>VR46<\/td><td>&nbsp;<\/td><td>&nbsp;<\/td><\/tr><tr><td>TECH3<\/td><td>L MARINI<\/td><td>Contrato at\u00e9 o fim de 2028<\/td><\/tr><tr><td>TECH3<\/td><td>&nbsp;<\/td><td>&nbsp;<\/td><\/tr><tr><td>TRACKHOUSE<\/td><td>R FERN\u00c1NDEZ<\/td><td>Contrato at\u00e9 o fim de 2028<\/td><\/tr><tr><td>TRACKHOUSE<\/td><td>E BASTIANINI<\/td><td>Contrato at\u00e9 o fim de 2028<\/td><\/tr><\/tbody><\/table><\/figure>\n\n\n\n<p class=\"wp-block-paragraph\">A&nbsp;<strong>MotoGP<\/strong>&nbsp;<strong>volta a acelerar entre os dias 28 a 30 de agosto para o<\/strong>&nbsp;<strong>GP de Arag\u00e3o<\/strong>, 13\u00aa etapa da temporada 2026. O&nbsp;<strong>GRANDE PR\u00caMIO<\/strong>&nbsp;acompanha toda a programa\u00e7\u00e3o do fim de semana, assim como as demais categorias do&nbsp;Mundial de Motovelocidade.<\/p>\n\n\n\n<p class=\"wp-block-paragraph\"><\/p>\n","protected":false},"excerpt":{"rendered":"<p>Luca Marini garantiu perman\u00eancia na MotoGP 2027 ap\u00f3s renova\u00e7\u00e3o contratual com Tech3 e Ferm\u00edn Aldeguer trocar\u00e1 Gresini pela VR46 na pr\u00f3xima temporada<\/p>\n","protected":false},"author":39,"featured_media":1020307590,"comment_status":"closed","ping_status":"closed","sticky":false,"template":"","format":"standard","meta":{"42wp_featured_image_caption":"Luca Marini","42wp_featured_image_credits":"Honda","42wp_featured_video":"","42wp_featured_image_hidden":false,"42wp_authors_list":[{"id":47171,"location":"do Rio de Janeiro"}],"footnotes":""},"categories":[8],"tags":[28833,1661,138,81],"42wp_author":[47171],"class_list":["post-163397","post","type-post","status-publish","format-standard","has-post-thumbnail","hentry","category-motogp","tag-fermin-aldeguer","tag-luca-marini","tag-tech3","tag-vr46","42wp_author-fabricio-carvalho"],"_links":{"self":[{"href":"https:\/\/grandepremio.com\/br\/wp-json\/wp\/v2\/posts\/163397","targetHints":{"allow":["GET"]}}],"collection":[{"href":"https:\/\/grandepremio.com\/br\/wp-json\/wp\/v2\/posts"}],"about":[{"href":"https:\/\/grandepremio.com\/br\/wp-json\/wp\/v2\/types\/post"}],"author":[{"embeddable":true,"href":"https:\/\/grandepremio.com\/br\/wp-json\/wp\/v2\/users\/39"}],"replies":[{"embeddable":true,"href":"https:\/\/grandepremio.com\/br\/wp-json\/wp\/v2\/comments?post=163397"}],"version-history":[{"count":1,"href":"https:\/\/grandepremio.com\/br\/wp-json\/wp\/v2\/posts\/163397\/revisions"}],"predecessor-version":[{"id":163443,"href":"https:\/\/grandepremio.com\/br\/wp-json\/wp\/v2\/posts\/163397\/revisions\/163443"}],"wp:featuredmedia":[{"embeddable":true,"href":"https:\/\/grandepremio.com\/br\/wp-json\/wp\/v2\/media\/1020307590"}],"wp:attachment":[{"href":"https:\/\/grandepremio.com\/br\/wp-json\/wp\/v2\/media?parent=163397"}],"wp:term":[{"taxonomy":"category","embeddable":true,"href":"https:\/\/grandepremio.com\/br\/wp-json\/wp\/v2\/categories?post=163397"},{"taxonomy":"post_tag","embeddable":true,"href":"https:\/\/grandepremio.com\/br\/wp-json\/wp\/v2\/tags?post=163397"},{"taxonomy":"42wp_author","embeddable":true,"href":"https:\/\/grandepremio.com\/br\/wp-json\/wp\/v2\/42wp_author?post=163397"}],"curies":[{"name":"wp","href":"https:\/\/api.w.org\/{rel}","templated":true}]}}