{"id":163412,"date":"2026-08-26T07:10:30","date_gmt":"2026-08-26T10:10:30","guid":{"rendered":"https:\/\/grandepremio.com\/br\/?p=163412"},"modified":"2026-08-26T07:34:07","modified_gmt":"2026-08-26T10:34:07","slug":"vr46-rompe-silencio-confirma-acerto-2-anos-fermin-aldeguer-motogp","status":"publish","type":"post","link":"https:\/\/grandepremio.com\/br\/motogp\/vr46-rompe-silencio-confirma-acerto-2-anos-fermin-aldeguer-motogp\/","title":{"rendered":"VR46 rompe sil\u00eancio e confirma acerto de 2 anos com Aldeguer na MotoGP"},"content":{"rendered":"\n<p class=\"wp-block-paragraph\">O mercado de pilotos da MotoGP vive um dia intenso. Horas ap\u00f3s a Tech3 confirmar a contrata\u00e7\u00e3o de Luca Marini, a <strong>VR46 encaixou mais uma pe\u00e7a no tabuleiro e anunciou um acordo de dois anos com Ferm\u00edn Aldeguer<\/strong>.<\/p>\n\n\n\n<p class=\"wp-block-paragraph\">Assim como aconteceu com a maioria dos acordos deste ano, o acerto entre Aldeguer e a VR46 n\u00e3o chega como surpresa, j\u00e1 que era especulado h\u00e1 meses. Afinal, o #54 tem la\u00e7os com a Ducati \u2015 refor\u00e7ados por meio de um comunicado \u00e0 imprensa tamb\u00e9m divulgado nesta quarta-feira \u2015 e, com o time de f\u00e1brica e a Gresini com line-ups definidos, restava apenas o time de Valentino Rossi. Al\u00e9m disso, o pr\u00f3prio piloto j\u00e1 tinha falado publicamente sobre a expectativa de trabalhar na equipe do #46.<\/p>\n\n\n\n<figure class=\"wp-block-embed is-type-video is-provider-youtube wp-block-embed-youtube wp-embed-aspect-16-9 wp-has-aspect-ratio\"><div class=\"wp-block-embed__wrapper\">\n<iframe loading=\"lazy\" title=\"MOTOGP CHEGA A ARAG\u00c3O COM APRILIA PRONTA PARA DESTRONAR MARC M\u00c1RQUEZ | Motoca GP\" width=\"500\" height=\"281\" src=\"https:\/\/www.youtube.com\/embed\/CSKIY6iS5Qc?feature=oembed\" frameborder=\"0\" allow=\"accelerometer; autoplay; clipboard-write; encrypted-media; gyroscope; picture-in-picture; web-share\" referrerpolicy=\"strict-origin-when-cross-origin\" allowfullscreen><\/iframe>\n<\/div><\/figure>\n\n\n\n<p class=\"wp-block-paragraph\">Com a mudan\u00e7a para a estrutura que \u00e9 considerada a sat\u00e9lite priorit\u00e1ria dentro da Ducati, Aldeguer muda de status. <strong>A partir de 2027, o espanhol passa a ser considerado um piloto de f\u00e1brica da Ducati Corse e, portanto, ter\u00e1 acesso \u00e0 equipamento oficial na estreia do regulamento 850cc<\/strong>.<\/p>\n\n\n\n<p class=\"wp-block-paragraph\">Ainda que o r\u00f3tulo mude para 2027, a liga\u00e7\u00e3o entre Aldeguer e a Ducati n\u00e3o \u00e9 de hoje. O espanhol saltou para a MotoGP em 2025 com um contrato de dois anos com a casa de Borgo Panigale, que trazia a possibilidade de ser renovado por mais dois.<\/p>\n\n\n\n<figure class=\"wp-block-image size-large\"><img loading=\"lazy\" decoding=\"async\" width=\"1024\" height=\"682\" src=\"https:\/\/grandepremio.com\/br\/wp-content\/uploads\/2026\/08\/MotoGP-2026-VR46-Alessio-Salucci-Fermin-Aldeguer-Pablo-Nieto-1024x682.jpeg\" alt=\"MotoGP 2026 VR46 Alessio Salucci Ferm\u00edn Aldeguer Pablo Nieto\" class=\"wp-image-1020312935\" srcset=\"https:\/\/grandepremio.com\/wp-content\/uploads\/2026\/08\/MotoGP-2026-VR46-Alessio-Salucci-Fermin-Aldeguer-Pablo-Nieto-1024x682.jpeg 1024w, https:\/\/grandepremio.com\/wp-content\/uploads\/2026\/08\/MotoGP-2026-VR46-Alessio-Salucci-Fermin-Aldeguer-Pablo-Nieto-300x200.jpeg 300w, https:\/\/grandepremio.com\/wp-content\/uploads\/2026\/08\/MotoGP-2026-VR46-Alessio-Salucci-Fermin-Aldeguer-Pablo-Nieto-768x512.jpeg 768w, https:\/\/grandepremio.com\/wp-content\/uploads\/2026\/08\/MotoGP-2026-VR46-Alessio-Salucci-Fermin-Aldeguer-Pablo-Nieto-1536x1023.jpeg 1536w, https:\/\/grandepremio.com\/wp-content\/uploads\/2026\/08\/MotoGP-2026-VR46-Alessio-Salucci-Fermin-Aldeguer-Pablo-Nieto-150x100.jpeg 150w, https:\/\/grandepremio.com\/wp-content\/uploads\/2026\/08\/MotoGP-2026-VR46-Alessio-Salucci-Fermin-Aldeguer-Pablo-Nieto.jpeg 1600w\" sizes=\"(max-width: 1024px) 100vw, 1024px\" \/><figcaption class=\"wp-element-caption\">Ferm\u00edn Aldeguer vai correr com a VR46 nos pr\u00f3ximos dois anos (Foto: VR46)<\/figcaption><\/figure>\n\n\n\n<p class=\"wp-block-paragraph\">\u201cEstou muito feliz por dar este passo na minha carreira\u201d, come\u00e7ou Aldeguer. \u201cAssinar com a VR46, equipe de Valentino, \u00e9 incr\u00edvel, pois sempre foi um dos meus \u00eddolos e uma refer\u00eancia para mim. Acredito que t\u00ea-lo na equipe ajudar\u00e1 a evoluir como piloto, gra\u00e7as aos conselhos valiosos, sem contar que a VR46 conta com o suporte de f\u00e1brica da Ducati e \u00e9 uma equipe extremamente profissional. Por isso, estou muito feliz por correr com eles\u201d, seguiu.<\/p>\n\n\n\n<p class=\"wp-block-paragraph\">\u201cCom o novo regulamento chegando em 2027, meu objetivo ser\u00e1 adaptar aos novos pneus, mas tamb\u00e9m \u00e0 nova moto. Ter a moto de f\u00e1brica da Ducati ser\u00e1 uma grande ajuda para o desenvolvimento ao longo da temporada, pois ser\u00e1 um ano em que buscaremos consist\u00eancia, evitar erros e passar o m\u00e1ximo de tempo poss\u00edvel na moto para coletar informa\u00e7\u00f5es valiosas\u201d, apontou. \u201cTenho certeza de que trabalharemos muito bem com toda equipe e com os engenheiros da Ducati. Poderemos fazer um \u00f3timo trabalho e buscar terminar consistentemente entre os cinco primeiros. N\u00e3o posso encerrar sem agradecer a toda a equipe Gresini Racing e \u00e0 Nadia [Padovani], que me ajudaram a crescer na categoria\u201d, completou.<\/p>\n\n\n\n<p class=\"wp-block-paragraph\">Diretor da Ducati Corse, a divis\u00e3o de corridas da marca de Borgo Panigale, Gigi Dall\u2019Igna exaltou os primeiros anos de Aldeguer na MotoGP e ressaltou que o #54 \u00e9 um \u201cprojeto voltado para o futuro\u201d.<\/p>\n\n\n\n<p class=\"wp-block-paragraph\">\u201cEstamos muito felizes em anunciar a renova\u00e7\u00e3o do nosso acordo com Ferm\u00edn para as pr\u00f3ximas duas temporadas\u201d, celebrou. \u201cDesde que chegou \u00e0 MotoGP, ele demonstrou um talento extraordin\u00e1rio, uma grande capacidade de aprendizado e uma determina\u00e7\u00e3o que nos impressionou imediatamente. Ainda \u00e9 um piloto muito jovem, mas possui potencial enorme e estamos convencidos de que ele tem muito espa\u00e7o para evoluir. Por isso, decidimos investir ainda mais nele, reafirmando nossa confian\u00e7a em um projeto claramente voltado para o futuro\u201d, acrescentou.<\/p>\n\n\n\n<p class=\"wp-block-paragraph\">\u201cAcreditamos que a VR46 representa o ambiente ideal para Aldeguer continuar evoluindo. Nos \u00faltimos anos, a equipe mostrou que sabe extrair o melhor de jovens talentos, sendo uma estrutura verdadeiramente competitiva no campeonato. Temos certeza de que Ferm\u00edn ter\u00e1 tudo o que precisa aqui para continuar crescendo e alcan\u00e7ar marcos importantes. Na Ducati, acreditamos firmemente no potencial dele\u201d, completou.<\/p>\n\n\n\n<p class=\"wp-block-paragraph\">Diretor da VR46, Alessio Salucci, o Uccio, celebrou o acordo com Aldeguer e agradeceu o apoio que a equipe recebe da Ducati.<\/p>\n\n\n\n<p class=\"wp-block-paragraph\">\u201cEstamos felizes em confirmar que Ferm\u00edn correr\u00e1 pela VR46 em 2027. Ele \u00e9 um jovem piloto que demonstrou enorme talento logo na estreia na MotoGP, tornando-se um dos principais competidores\u201d, comentou Uccio. \u201cEstamos ansiosos para receb\u00ea-lo na equipe, onde pilotar\u00e1 uma moto de f\u00e1brica, j\u00e1 que ser\u00e1 um piloto oficial da Ducati\u201d, continuou.<\/p>\n\n\n\n<p class=\"wp-block-paragraph\">\u201cDaremos todo apoio poss\u00edvel para, juntos, alcan\u00e7armos nossos objetivos\u201d, assegurou. \u201cMais uma vez, gostaria de agradecer \u00e0 Ducati pelo apoio total, tanto humano quanto t\u00e9cnico, e a todos os nossos parceiros por estarem juntos neste projeto incr\u00edvel\u201d, finalizou.<\/p>\n\n\n\n<p class=\"wp-block-paragraph\">Chefe da equipe italiana, Pablo Nieto deu as boas-vindas a Aldeguer e destacou que, apesar da juventude, o espanhol j\u00e1 provou a maturidade.<\/p>\n\n\n\n<p class=\"wp-block-paragraph\">\u201cEstamos muito orgulhosos de receber Ferm\u00edn Aldeguer na VR46. Ele \u00e9 um piloto que j\u00e1 provou ser muito talentoso\u201d, destacou Nieto. \u201cApesar de ser muito jovem, ele provou ser muito maduro e capaz de competir na MotoGP, que \u00e9 um campeonato muito desafiador\u201d, seguiu.<\/p>\n\n\n\n<p class=\"wp-block-paragraph\">\u201cN\u00e3o \u00e9 nada f\u00e1cil vencer na categoria m\u00e1xima, e ele fez isso no ano de estreia\u201d, ressaltou. \u201cAcreditamos muito nele, pois sabemos que ele tem potencial para lutar por tudo que quiser. Como equipe, estaremos prontos para apoi\u00e1-lo em todos os sentidos e fazer o caminho dele o mais f\u00e1cil poss\u00edvel\u201d, concluiu.<\/p>\n\n\n\n<p class=\"wp-block-paragraph\">A VR46 ainda n\u00e3o anunciou o segundo piloto da equipe, mas a expectativa \u00e9 de que passe por uma reestrutura\u00e7\u00e3o total \u2015 <strong><a href=\"https:\/\/grandepremio.com\/br\/motogp\/ktm-confirma-fabio-di-giannantonio-fecha-dupla-temporada-2027-motogp\/\">Fabio Di Giannantonio, ali\u00e1s, j\u00e1 foi anunciado pela KTM<\/a><\/strong> \u2015, com Nicol\u00f2 Bulega trocando o Mundial de Superbike pela MotoGP pelas m\u00e3os do time de Rossi.<\/p>\n\n\n\n<p class=\"wp-block-paragraph\">A&nbsp;<strong>MotoGP<\/strong>&nbsp;<strong>volta a acelerar entre os dias 28 a 30 de agosto para o<\/strong>&nbsp;<strong>GP de Arag\u00e3o<\/strong>, 13\u00aa etapa da temporada 2026. O&nbsp;<strong>GRANDE PR\u00caMIO<\/strong>&nbsp;acompanha toda a programa\u00e7\u00e3o do fim de semana, assim como as demais categorias do&nbsp;Mundial de Motovelocidade.<\/p>\n","protected":false},"excerpt":{"rendered":"<p>Tal qual era esperado h\u00e1 meses, a VR46 anunciou nesta quarta-feira (26) um acerto de dois anos com Ferm\u00edn Aldeguer. Espanhol ter\u00e1 moto de f\u00e1brica da Ducati<\/p>\n","protected":false},"author":10,"featured_media":1020312934,"comment_status":"closed","ping_status":"closed","sticky":false,"template":"","format":"standard","meta":{"42wp_featured_image_caption":"Ferm\u00edn Aldeguer vai correr com a VR46 nos pr\u00f3ximos dois anos","42wp_featured_image_credits":"VR46","42wp_featured_video":"","42wp_featured_image_hidden":false,"42wp_authors_list":[{"id":47113,"location":"de S\u00e3o Paulo"},{"id":47171,"location":"do Rio de Janeiro"}],"footnotes":""},"categories":[8],"tags":[131,28833,81],"42wp_author":[47171,47113],"class_list":["post-163412","post","type-post","status-publish","format-standard","has-post-thumbnail","hentry","category-motogp","tag-ducati","tag-fermin-aldeguer","tag-vr46","42wp_author-fabricio-carvalho","42wp_author-juliana-tesser"],"_links":{"self":[{"href":"https:\/\/grandepremio.com\/br\/wp-json\/wp\/v2\/posts\/163412","targetHints":{"allow":["GET"]}}],"collection":[{"href":"https:\/\/grandepremio.com\/br\/wp-json\/wp\/v2\/posts"}],"about":[{"href":"https:\/\/grandepremio.com\/br\/wp-json\/wp\/v2\/types\/post"}],"author":[{"embeddable":true,"href":"https:\/\/grandepremio.com\/br\/wp-json\/wp\/v2\/users\/10"}],"replies":[{"embeddable":true,"href":"https:\/\/grandepremio.com\/br\/wp-json\/wp\/v2\/comments?post=163412"}],"version-history":[{"count":13,"href":"https:\/\/grandepremio.com\/br\/wp-json\/wp\/v2\/posts\/163412\/revisions"}],"predecessor-version":[{"id":163429,"href":"https:\/\/grandepremio.com\/br\/wp-json\/wp\/v2\/posts\/163412\/revisions\/163429"}],"wp:featuredmedia":[{"embeddable":true,"href":"https:\/\/grandepremio.com\/br\/wp-json\/wp\/v2\/media\/1020312934"}],"wp:attachment":[{"href":"https:\/\/grandepremio.com\/br\/wp-json\/wp\/v2\/media?parent=163412"}],"wp:term":[{"taxonomy":"category","embeddable":true,"href":"https:\/\/grandepremio.com\/br\/wp-json\/wp\/v2\/categories?post=163412"},{"taxonomy":"post_tag","embeddable":true,"href":"https:\/\/grandepremio.com\/br\/wp-json\/wp\/v2\/tags?post=163412"},{"taxonomy":"42wp_author","embeddable":true,"href":"https:\/\/grandepremio.com\/br\/wp-json\/wp\/v2\/42wp_author?post=163412"}],"curies":[{"name":"wp","href":"https:\/\/api.w.org\/{rel}","templated":true}]}}