{"id":163435,"date":"2026-08-26T09:47:48","date_gmt":"2026-08-26T12:47:48","guid":{"rendered":"https:\/\/grandepremio.com\/br\/?p=163435"},"modified":"2026-08-26T09:47:49","modified_gmt":"2026-08-26T12:47:49","slug":"gresini-exalta-fermin-aldeguer-despede-ver-crescer-imenso-orgulho","status":"publish","type":"post","link":"https:\/\/grandepremio.com\/br\/motogp\/gresini-exalta-fermin-aldeguer-despede-ver-crescer-imenso-orgulho\/","title":{"rendered":"Gresini exalta Aldeguer e se despede: \u201cVer voc\u00ea crescer foi um imenso orgulho\u201d"},"content":{"rendered":"\n<p class=\"wp-block-paragraph\">Minutos ap\u00f3s a VR46 confirmar um acordo de dois anos com Ferm\u00edn Aldeguer, a <strong>Gresini divulgou uma nota \u00e0 imprensa se despedindo do espanhol<\/strong>. O texto, assinado por Nadia Padovani, exalta o jovem piloto e cita o orgulho da equipe com o desenvolvimento dele na MotoGP.<\/p>\n\n\n\n<p class=\"wp-block-paragraph\">Aldeguer estreou na classe rainha do Mundial de Motovelocidade no ano passado, correndo com a Gresini. Desde ent\u00e3o, o #54 conquistou uma vit\u00f3ria em GP e quatro p\u00f3dios.<\/p>\n\n\n\n<figure class=\"wp-block-embed is-type-video is-provider-youtube wp-block-embed-youtube wp-embed-aspect-16-9 wp-has-aspect-ratio\"><div class=\"wp-block-embed__wrapper\">\n<iframe loading=\"lazy\" title=\"MOTOGP CHEGA A ARAG\u00c3O COM APRILIA PRONTA PARA DESTRONAR MARC M\u00c1RQUEZ | Motoca GP\" width=\"500\" height=\"281\" src=\"https:\/\/www.youtube.com\/embed\/CSKIY6iS5Qc?feature=oembed\" frameborder=\"0\" allow=\"accelerometer; autoplay; clipboard-write; encrypted-media; gyroscope; picture-in-picture; web-share\" referrerpolicy=\"strict-origin-when-cross-origin\" allowfullscreen><\/iframe>\n<\/div><\/figure>\n\n\n\n<p class=\"wp-block-paragraph\">Dona da equipe, Padovani destaca a energia que Aldeguer trouxe para a equipe e admite o orgulho que sentiu ao v\u00ea-lo se desenvolver.<\/p>\n\n\n\n<p class=\"wp-block-paragraph\">\u201cFerm\u00edn, desde a primeira vez que voc\u00ea subiu na nossa moto, voc\u00ea trouxe uma onda de energia, paix\u00e3o e uma incr\u00edvel fome de vit\u00f3ria\u201d, disse Padovani. \u201cVer voc\u00ea crescer e lutar com as nossas cores foi \u2015 e continua sendo \u2015 uma imensa fonte de orgulho\u201d, seguiu.<\/p>\n\n\n\n<figure class=\"wp-block-image size-large\"><img loading=\"lazy\" decoding=\"async\" width=\"768\" height=\"1024\" src=\"https:\/\/grandepremio.com\/br\/wp-content\/uploads\/2026\/08\/MotoGP-2026-Gresini-Fermin-Aldeguer-768x1024.png\" alt=\"MotoGP 2026 Gresini Ferm\u00edn Aldeguer\" class=\"wp-image-1020312936\" srcset=\"https:\/\/grandepremio.com\/wp-content\/uploads\/2026\/08\/MotoGP-2026-Gresini-Fermin-Aldeguer-768x1024.png 768w, https:\/\/grandepremio.com\/wp-content\/uploads\/2026\/08\/MotoGP-2026-Gresini-Fermin-Aldeguer-225x300.png 225w, https:\/\/grandepremio.com\/wp-content\/uploads\/2026\/08\/MotoGP-2026-Gresini-Fermin-Aldeguer-1152x1536.png 1152w, https:\/\/grandepremio.com\/wp-content\/uploads\/2026\/08\/MotoGP-2026-Gresini-Fermin-Aldeguer-640x853.png 640w, https:\/\/grandepremio.com\/wp-content\/uploads\/2026\/08\/MotoGP-2026-Gresini-Fermin-Aldeguer-150x200.png 150w, https:\/\/grandepremio.com\/wp-content\/uploads\/2026\/08\/MotoGP-2026-Gresini-Fermin-Aldeguer.png 1200w\" sizes=\"(max-width: 768px) 100vw, 768px\" \/><figcaption class=\"wp-element-caption\">Gresini manteve tem\u00e1tica de cultura pop ao se despedir de Ferm\u00edn Aldeguer (Arte: Gresini)<\/figcaption><\/figure>\n\n\n\n<p class=\"wp-block-paragraph\">\u201cFicaremos ao seu lado, assim como estivemos no primeiro dia, dando todo apoio e amor que essa equipe sabe dar. Vamos curtir cada momento at\u00e9 o final, e dar absolutamente tudo. 2027 pode esperar\u201d, encerrou.<\/p>\n\n\n\n<p class=\"wp-block-paragraph\">A&nbsp;<strong>MotoGP<\/strong>&nbsp;<strong>volta a acelerar entre os dias 28 a 30 de agosto para o<\/strong>&nbsp;<strong>GP de Arag\u00e3o<\/strong>, 13\u00aa etapa da temporada 2026. O&nbsp;<strong>GRANDE PR\u00caMIO<\/strong>&nbsp;acompanha toda a programa\u00e7\u00e3o do fim de semana, assim como as demais categorias do&nbsp;Mundial de Motovelocidade.<\/p>\n","protected":false},"excerpt":{"rendered":"<p>Dona da Gresini, Nadia Padavani destacou a energia, a paix\u00e3o e a fome de vit\u00f3ria de Ferm\u00edn Aldeguer e prometeu apoio inabal\u00e1vel ao espanhol at\u00e9 o fim do ano<\/p>\n","protected":false},"author":10,"featured_media":1020307441,"comment_status":"closed","ping_status":"closed","sticky":false,"template":"","format":"standard","meta":{"42wp_featured_image_caption":"Ferm\u00edn Aldeguer defendeu a Gresini desde a estreia na MotoGP","42wp_featured_image_credits":"Michelin","42wp_featured_video":"","42wp_featured_image_hidden":false,"42wp_authors_list":[{"id":47113,"location":"de S\u00e3o Paulo"}],"footnotes":""},"categories":[8],"tags":[28833,3504,27901],"42wp_author":[47113],"class_list":["post-163435","post","type-post","status-publish","format-standard","has-post-thumbnail","hentry","category-motogp","tag-fermin-aldeguer","tag-gresini","tag-nadia-padovani","42wp_author-juliana-tesser"],"_links":{"self":[{"href":"https:\/\/grandepremio.com\/br\/wp-json\/wp\/v2\/posts\/163435","targetHints":{"allow":["GET"]}}],"collection":[{"href":"https:\/\/grandepremio.com\/br\/wp-json\/wp\/v2\/posts"}],"about":[{"href":"https:\/\/grandepremio.com\/br\/wp-json\/wp\/v2\/types\/post"}],"author":[{"embeddable":true,"href":"https:\/\/grandepremio.com\/br\/wp-json\/wp\/v2\/users\/10"}],"replies":[{"embeddable":true,"href":"https:\/\/grandepremio.com\/br\/wp-json\/wp\/v2\/comments?post=163435"}],"version-history":[{"count":1,"href":"https:\/\/grandepremio.com\/br\/wp-json\/wp\/v2\/posts\/163435\/revisions"}],"predecessor-version":[{"id":163436,"href":"https:\/\/grandepremio.com\/br\/wp-json\/wp\/v2\/posts\/163435\/revisions\/163436"}],"wp:featuredmedia":[{"embeddable":true,"href":"https:\/\/grandepremio.com\/br\/wp-json\/wp\/v2\/media\/1020307441"}],"wp:attachment":[{"href":"https:\/\/grandepremio.com\/br\/wp-json\/wp\/v2\/media?parent=163435"}],"wp:term":[{"taxonomy":"category","embeddable":true,"href":"https:\/\/grandepremio.com\/br\/wp-json\/wp\/v2\/categories?post=163435"},{"taxonomy":"post_tag","embeddable":true,"href":"https:\/\/grandepremio.com\/br\/wp-json\/wp\/v2\/tags?post=163435"},{"taxonomy":"42wp_author","embeddable":true,"href":"https:\/\/grandepremio.com\/br\/wp-json\/wp\/v2\/42wp_author?post=163435"}],"curies":[{"name":"wp","href":"https:\/\/api.w.org\/{rel}","templated":true}]}}