{"id":16346,"date":"2025-10-14T04:00:00","date_gmt":"2025-10-14T07:00:00","guid":{"rendered":"https:\/\/grandepremio.com\/br\/noticias\/mclaren-exalta-trajetoria-unica-rumo-topo-f1-afasta-comparacao-com-era-ouro\/"},"modified":"2025-10-13T16:01:36","modified_gmt":"2025-10-13T19:01:36","slug":"mclaren-exalta-trajetoria-unica-rumo-topo-f1-afasta-comparacao-com-era-ouro","status":"publish","type":"post","link":"https:\/\/grandepremio.com\/br\/f1\/mclaren-exalta-trajetoria-unica-rumo-topo-f1-afasta-comparacao-com-era-ouro\/","title":{"rendered":"McLaren exalta &#8220;trajet\u00f3ria \u00fanica&#8221; rumo ao topo da F1 e afasta compara\u00e7\u00e3o com era de ouro"},"content":{"rendered":"\n<p class=\"wp-block-paragraph\">Pelo segundo ano seguido, a <strong>McLaren <\/strong><a href=\"https:\/\/www.grandepremio.com\/br\/f1\/noticias\/george-russell-vence-facil-gp-singapura-mclaren-leva-titulo-construtores-2025\/\">faturou o t\u00edtulo do <strong>Mundial de Construtores<\/strong><\/a> da <strong>F\u00f3rmula 1<\/strong>, e desta vez ainda com seis etapas de anteced\u00eancia. O bicampeonato consecutivo j\u00e1 levantou a bola para algumas pessoas lembrarem das eras mais vitoriosas da lend\u00e1ria equipe, que est\u00e1 presente no grid desde 1966. Mas, para <strong>Zak Brown<\/strong>, \u00e9 dif\u00edcil fazer essa compara\u00e7\u00e3o.  <\/p>\n\n\n\n<p class=\"wp-block-paragraph\">O CEO da McLaren reconheceu que \u00e9 \u201cdif\u00edcil comparar\u201d a equipe atual com a era de dom\u00ednio &#8220;inacredit\u00e1vel&#8221; do fim dos anos 1980 e in\u00edcio dos 1990. De 1984 a 1991, a equipe conquistou seis t\u00edtulos do Mundial de Construtores e mais sete de <strong>Pilotos<\/strong>, com ta\u00e7as sendo faturadas por <strong>Niki Lauda<\/strong>, <strong>Alain Prost<\/strong> e <strong>Ayrton Senna<\/strong>.<\/p>\n\n\n\n<p class=\"wp-block-paragraph\">\u201c\u00c9 dif\u00edcil classificar, porque a McLaren teve um sucesso inacredit\u00e1vel ao longo dos anos. Houve muitas eras de dom\u00ednio na hist\u00f3ria da equipe, e \u00e9 complicado comparar 2024 e 2025 com 1988, 1989, 1990 e 1991, quando est\u00e1vamos vencendo tudo\u201d, explicou Brown. <\/p>\n\n\n\n<p class=\"wp-block-paragraph\">A McLaren passou do quinto lugar no Mundial de Construtores em 2022 e do quarto em 2023 para conquistar os t\u00edtulos em 2024 e 2025. Isso, sim, recebe os elogios de Brown, que exaltou o grande salto dado em t\u00e3o pouco tempo, tornando a jornada &#8220;\u00fanica e especial&#8221;. <\/p>\n\n\n\n<figure class=\"wp-block-image size-large\"><img decoding=\"async\" src=\"https:\/\/www.grandepremio.com\/br\/wp-content\/uploads\/2025\/10\/singapura-2025-f1-corrida-mclaren-oscar-piastri-04-1200x800.jpg\" alt=\"\" class=\"wp-image-1020109\"\/><figcaption class=\"wp-element-caption\">McLaren fechou a conta do Mundial de Construtores no GP de Singapura (Foto: McLaren)<\/figcaption><\/figure>\n\n\n\n<p class=\"wp-block-paragraph\">\u201cO que acho fascinante nessa hist\u00f3ria \u00e9 de onde viemos em t\u00e3o pouco tempo. Passar de um dos carros mais lentos no in\u00edcio de 2023 para virar o jogo e produzir um carro campe\u00e3o em apenas 12 meses \u00e9 algo in\u00e9dito. Acho que \u00e9 isso que torna essa trajet\u00f3ria \u00fanica e especial \u2014 a rapidez com que sa\u00edmos do fim do grid para o topo\u201d, comentou Brown. <\/p>\n\n\n\n<p class=\"wp-block-paragraph\">\u201cVencer dois campeonatos consecutivos \u00e9 um testemunho do trabalho \u00e1rduo de cada pessoa na McLaren, tanto na f\u00e1brica quanto nas pistas\u201d, concluiu.<\/p>\n\n\n\n<p class=\"wp-block-paragraph\">A&nbsp;<strong><a href=\"https:\/\/www.grandepremio.com\/br\/f1\/\" target=\"_blank\" rel=\"noreferrer noopener\"><\/a><a href=\"https:\/\/www.grandepremio.com\/br\/f1\/\" target=\"_blank\" rel=\"noreferrer noopener\">F\u00f3rmula 1<\/a><\/strong>&nbsp;retorna neste fim de semana, de 17 a 19 de outubro,<strong>&nbsp;nos Estados Unidos<\/strong>, 19\u00aa etapa da temporada 2025. O&nbsp;<strong>GRANDE PR\u00caMIO<\/strong>&nbsp;acompanha todas as atividades&nbsp;<strong><a href=\"https:\/\/www.grandepremio.com\/br\/f1\/ao-vivo\" target=\"_blank\" rel=\"noreferrer noopener\">AO VIVO E EM&nbsp;<\/a><a href=\"https:\/\/www.grandepremio.com\/br\/ao-vivo\/\" target=\"_blank\" rel=\"noreferrer noopener\">TEMPO REAL<\/a><\/strong>, al\u00e9m de classifica\u00e7\u00f5es, sprint e corrida em&nbsp;<strong><a href=\"https:\/\/www.youtube.com\/@GrandePremio1\/streams\" target=\"_blank\" rel=\"noreferrer noopener\">SEGUNDA TELA no YouTube<\/a><\/strong>, em parceria com a Voz do Esporte. O&nbsp;<strong>Briefing<\/strong>&nbsp;chega para analisar ap\u00f3s o fim de cada dia de atividades nas redes sociais e na GPTV. Al\u00e9m da cobertura tradicional, o&nbsp;<strong>GRANDE PR\u00caMIO<\/strong>&nbsp;estar\u00e1&nbsp;<strong>IN LOCO<\/strong>&nbsp;em<strong>&nbsp;Austin&nbsp;<\/strong>para acompanhar todas as emo\u00e7\u00f5es da etapa com o rep\u00f3rter&nbsp;<strong>Leonid Kliuev<\/strong>.<\/p>\n\n\n\n<p class=\"wp-block-paragraph\"><strong>GP dos Estados Unidos de F1: veja os hor\u00e1rios em Brasil, Cabo Verde,&nbsp;<a href=\"https:\/\/grandepremio.pt\/\" target=\"_blank\" rel=\"noreferrer noopener\">Portugal<\/a>, Angola e Mo\u00e7ambique:<\/strong><\/p>\n\n\n\n<figure class=\"wp-block-table\"><table class=\"has-fixed-layout\"><tbody><tr><td><strong>Sess\u00e3o<\/strong><\/td><td><strong>BRA*<\/strong><\/td><td><strong>CBV<\/strong><\/td><td><strong>POR<\/strong><br><strong>ANG<\/strong><\/td><td><strong>MOZ<\/strong><\/td><\/tr><tr><td>Treino livre<\/td><td>14:30<\/td><td>16:30<\/td><td>18:30<\/td><td>19:30<\/td><\/tr><tr><td>Classifica\u00e7\u00e3o sprint<\/td><td>18:30<\/td><td>20:30<\/td><td>22:30<\/td><td>23:30<\/td><\/tr><tr><td>Corrida sprint<\/td><td>14:00<\/td><td>16:00<\/td><td>18:00<\/td><td>19:00<\/td><\/tr><tr><td>Classifica\u00e7\u00e3o<\/td><td>18:00<\/td><td>20:00<\/td><td>22:00<\/td><td>23:00<\/td><\/tr><tr><td>Corrida<\/td><td>16:00<\/td><td>18:00<\/td><td>20:00<\/td><td>21:00<\/td><\/tr><\/tbody><\/table><\/figure>\n\n\n\n<p class=\"wp-block-paragraph\"><em>*Hor\u00e1rio de Bras\u00edlia<\/em><\/p>\n\n\n\n<p class=\"wp-block-paragraph\"><strong>\u25b6\ufe0f<\/strong>&nbsp;<strong>Inscreva-se nos dois canais do GRANDE PR\u00caMIO no YouTube:&nbsp;<a href=\"https:\/\/www.youtube.com\/channel\/UC9OlHEgxoaY6QY6nWPoiqQg?sub_confirmation=1\" target=\"_blank\" rel=\"noreferrer noopener\">GP<\/a>&nbsp;|&nbsp;<a href=\"https:\/\/www.youtube.com\/channel\/UC9csiS6q_C3C0FYhyr1rnFA?sub_confirmation=1\" target=\"_blank\" rel=\"noreferrer noopener\">GP2<\/a><\/strong><\/p>\n\n\n\n<figure class=\"wp-block-embed is-type-video is-provider-youtube wp-block-embed-youtube wp-embed-aspect-16-9 wp-has-aspect-ratio\"><div class=\"wp-block-embed__wrapper\">\n<iframe loading=\"lazy\" title=\"DI GRASSI: \u201cQUANDO DIGO QUE BORTOLETO PODE SER PIOR EM 2026 \u00c9 POR ISSO\u2026&quot;\" width=\"500\" height=\"281\" src=\"https:\/\/www.youtube.com\/embed\/GE1q1l6XDRE?feature=oembed\" frameborder=\"0\" allow=\"accelerometer; autoplay; clipboard-write; encrypted-media; gyroscope; picture-in-picture; web-share\" referrerpolicy=\"strict-origin-when-cross-origin\" allowfullscreen><\/iframe>\n<\/div><\/figure>\n","protected":false},"excerpt":{"rendered":"<p>Zak Brown, CEO da McLaren, celebrou a nova conquista do Mundial de Construtores e relembrou as eras mais vitoriosas da equipe, em especial no final dos anos 1980 e come\u00e7o dos 1990<\/p>\n","protected":false},"author":0,"featured_media":1001001775,"comment_status":"closed","ping_status":"closed","sticky":false,"template":"","format":"standard","meta":{"42wp_featured_image_caption":"","42wp_featured_image_credits":"","42wp_featured_video":"","42wp_featured_image_hidden":false,"42wp_authors_list":[],"footnotes":""},"categories":[2],"tags":[1189,699,5660,969,147,3630,642,160,180,3628,1491,30103,28285,547,90,1117,86,2916,580],"42wp_author":[47162],"class_list":["post-16346","post","type-post","status-publish","format-standard","has-post-thumbnail","hentry","category-f1","tag-alain-prost","tag-ayrton-senna","tag-classificacao","tag-corrida","tag-f1","tag-f1-2025","tag-f1-ao-vivo","tag-f1-tv","tag-formula-1","tag-formula-1-2025","tag-grande-premio","tag-grande-premio-f1","tag-grandepremio","tag-lando-norris","tag-mclaren","tag-mundial-de-construtores","tag-niki-lauda","tag-oscar-piastri","tag-zak-brown","42wp_author-giovani-danjo"],"_links":{"self":[{"href":"https:\/\/grandepremio.com\/br\/wp-json\/wp\/v2\/posts\/16346","targetHints":{"allow":["GET"]}}],"collection":[{"href":"https:\/\/grandepremio.com\/br\/wp-json\/wp\/v2\/posts"}],"about":[{"href":"https:\/\/grandepremio.com\/br\/wp-json\/wp\/v2\/types\/post"}],"replies":[{"embeddable":true,"href":"https:\/\/grandepremio.com\/br\/wp-json\/wp\/v2\/comments?post=16346"}],"version-history":[{"count":0,"href":"https:\/\/grandepremio.com\/br\/wp-json\/wp\/v2\/posts\/16346\/revisions"}],"wp:featuredmedia":[{"embeddable":true,"href":"https:\/\/grandepremio.com\/br\/wp-json\/wp\/v2\/media\/1001001775"}],"wp:attachment":[{"href":"https:\/\/grandepremio.com\/br\/wp-json\/wp\/v2\/media?parent=16346"}],"wp:term":[{"taxonomy":"category","embeddable":true,"href":"https:\/\/grandepremio.com\/br\/wp-json\/wp\/v2\/categories?post=16346"},{"taxonomy":"post_tag","embeddable":true,"href":"https:\/\/grandepremio.com\/br\/wp-json\/wp\/v2\/tags?post=16346"},{"taxonomy":"42wp_author","embeddable":true,"href":"https:\/\/grandepremio.com\/br\/wp-json\/wp\/v2\/42wp_author?post=16346"}],"curies":[{"name":"wp","href":"https:\/\/api.w.org\/{rel}","templated":true}]}}