{"id":163483,"date":"2026-08-26T11:39:44","date_gmt":"2026-08-26T14:39:44","guid":{"rendered":"https:\/\/grandepremio.com\/br\/?p=163483"},"modified":"2026-08-26T11:39:45","modified_gmt":"2026-08-26T14:39:45","slug":"williams-escala-luke-browning-tl1-gp-da-italia-deixa-alexander-albon-molho","status":"publish","type":"post","link":"https:\/\/grandepremio.com\/br\/f1\/williams-escala-luke-browning-tl1-gp-da-italia-deixa-alexander-albon-molho\/","title":{"rendered":"Williams escala Browning para TL1 do GP da It\u00e1lia e deixa Albon de molho"},"content":{"rendered":"\n<p class=\"PDq2pG_selectionAnchorContainer wp-block-paragraph\">A <strong>Williams<\/strong> confirmou nesta quarta-feira (26) que <strong>Luke Browning substituir\u00e1 Alexander Albon no TL1 do GP da It\u00e1lia<\/strong>, pr\u00f3xima etapa da temporada 2026 da<strong> F\u00f3rmula 1<\/strong>. O brit\u00e2nico ter\u00e1 uma nova oportunidade de pilotar o FW48 depois de participar da primeira sess\u00e3o de treinos livres do GP da \u00c1ustria.<\/p>\n\n\n\n<p class=\"wp-block-paragraph\">Browning, que ter\u00e1 uma nova oportunidade de acumular experi\u00eancia com o FW48, destacou a import\u00e2ncia da sess\u00e3o para<strong> compreender melhor o comportamento do carro e contribuir com informa\u00e7\u00f5es para o desenvolvimento <\/strong>da Williams.<\/p>\n\n\n\n<figure class=\"wp-block-embed is-type-video is-provider-youtube wp-block-embed-youtube wp-embed-aspect-16-9 wp-has-aspect-ratio\"><div class=\"wp-block-embed__wrapper\">\n<iframe loading=\"lazy\" title=\"NORRIS BLEFA OU TEM DE PEDIR FOCO M\u00c1XIMO \u00c0 McLAREN PARA ALCAN\u00c7AR ANTONELLI | Paddock GP\" width=\"500\" height=\"281\" src=\"https:\/\/www.youtube.com\/embed\/bwobGi-Qt4E?feature=oembed\" frameborder=\"0\" allow=\"accelerometer; autoplay; clipboard-write; encrypted-media; gyroscope; picture-in-picture; web-share\" referrerpolicy=\"strict-origin-when-cross-origin\" allowfullscreen><\/iframe>\n<\/div><\/figure>\n\n\n\n<p class=\"wp-block-paragraph\">&#8220;Estou muito empolgado por ter mais uma chance de participar de uma sess\u00e3o de TL1 com a Williams. Essa \u00e9 uma \u00f3tima oportunidade para completar voltas com o FW48, aprimorando a compreens\u00e3o do carro e ajudando com dados e feedbacks \u00fateis. Cada sess\u00e3o nos ensina algo novo, por isso quero aproveitar ao m\u00e1ximo esse aprendizado para continuar evoluindo e ajudando a equipe a melhorar&#8221;, afirmou.<\/p>\n\n\n\n<p class=\"wp-block-paragraph\">O jovem piloto participou do TL1 do GP da \u00c1ustria, quando assumiu o carro de Carlos Sainz e completou <strong>29 voltas no Red Bull Ring<\/strong>, fechando a sess\u00e3o em 18\u00ba lugar. O brit\u00e2nico tamb\u00e9m estava escalado para participar do TL1 no Circuito de Barcelona-Catalunha, mas n\u00e3o conseguiu deixar o pit lane devido a problemas no carro.<\/p>\n\n\n\n<figure class=\"wp-block-image size-large\"><img loading=\"lazy\" decoding=\"async\" width=\"1024\" height=\"683\" src=\"https:\/\/grandepremio.com\/br\/wp-content\/uploads\/2026\/07\/BROWNING-CARRERA-FUJI-1-1024x683.jpg\" alt=\"\" class=\"wp-image-1020311165\" srcset=\"https:\/\/grandepremio.com\/wp-content\/uploads\/2026\/07\/BROWNING-CARRERA-FUJI-1-1024x683.jpg 1024w, https:\/\/grandepremio.com\/wp-content\/uploads\/2026\/07\/BROWNING-CARRERA-FUJI-1-300x200.jpg 300w, https:\/\/grandepremio.com\/wp-content\/uploads\/2026\/07\/BROWNING-CARRERA-FUJI-1-768x512.jpg 768w, https:\/\/grandepremio.com\/wp-content\/uploads\/2026\/07\/BROWNING-CARRERA-FUJI-1-1536x1024.jpg 1536w, https:\/\/grandepremio.com\/wp-content\/uploads\/2026\/07\/BROWNING-CARRERA-FUJI-1-2048x1365.jpg 2048w, https:\/\/grandepremio.com\/wp-content\/uploads\/2026\/07\/BROWNING-CARRERA-FUJI-1-150x100.jpg 150w\" sizes=\"(max-width: 1024px) 100vw, 1024px\" \/><figcaption class=\"wp-element-caption\">Luke Browning ocupa 12\u00aa coloca\u00e7\u00e3o do campeonato de Super F\u00f3rmula com 21 pontos somados ap\u00f3s cinco etapas (Foto: Divulga\u00e7\u00e3o)<\/figcaption><\/figure>\n\n\n\n<p class=\"wp-block-paragraph\">Aos 24 anos, Browning<strong> disputa a temporada 2026 da Super F\u00f3rmula em tempo integral pela Kondo Racing<\/strong>. Paralelamente, o brit\u00e2nico, que<strong> fechou a temporada 2025 da F\u00f3rmula E em quarto lugar<\/strong>, exerce a fun\u00e7\u00e3o de piloto reserva da Williams e segue integrado ao programa da estrutura de Grove.<\/p>\n\n\n\n<p class=\"wp-block-paragraph\">A F\u00f3rmula 1 volta de 4 a 6 de setembro em Monza, palco do GP da It\u00e1lia, 13\u00aa etapa da temporada 2026.<\/p>\n","protected":false},"excerpt":{"rendered":"<p>Luke Browning ter\u00e1 segunda oportunidade de pilotar FW48 em sess\u00e3o oficial da F1 2026 ap\u00f3s participa\u00e7\u00e3o no TL1 do \u00c1ustria<\/p>\n","protected":false},"author":39,"featured_media":1001097993,"comment_status":"closed","ping_status":"closed","sticky":false,"template":"","format":"standard","meta":{"42wp_featured_image_caption":"Luke Browning","42wp_featured_image_credits":"Williams","42wp_featured_video":"","42wp_featured_image_hidden":false,"42wp_authors_list":[{"id":47171,"location":"do Rio de Janeiro"}],"footnotes":""},"categories":[2],"tags":[654,33941,215],"42wp_author":[47171],"class_list":["post-163483","post","type-post","status-publish","format-standard","has-post-thumbnail","hentry","category-f1","tag-alexander-albon","tag-luke-browning","tag-williams","42wp_author-fabricio-carvalho"],"_links":{"self":[{"href":"https:\/\/grandepremio.com\/br\/wp-json\/wp\/v2\/posts\/163483","targetHints":{"allow":["GET"]}}],"collection":[{"href":"https:\/\/grandepremio.com\/br\/wp-json\/wp\/v2\/posts"}],"about":[{"href":"https:\/\/grandepremio.com\/br\/wp-json\/wp\/v2\/types\/post"}],"author":[{"embeddable":true,"href":"https:\/\/grandepremio.com\/br\/wp-json\/wp\/v2\/users\/39"}],"replies":[{"embeddable":true,"href":"https:\/\/grandepremio.com\/br\/wp-json\/wp\/v2\/comments?post=163483"}],"version-history":[{"count":1,"href":"https:\/\/grandepremio.com\/br\/wp-json\/wp\/v2\/posts\/163483\/revisions"}],"predecessor-version":[{"id":163489,"href":"https:\/\/grandepremio.com\/br\/wp-json\/wp\/v2\/posts\/163483\/revisions\/163489"}],"wp:featuredmedia":[{"embeddable":true,"href":"https:\/\/grandepremio.com\/br\/wp-json\/wp\/v2\/media\/1001097993"}],"wp:attachment":[{"href":"https:\/\/grandepremio.com\/br\/wp-json\/wp\/v2\/media?parent=163483"}],"wp:term":[{"taxonomy":"category","embeddable":true,"href":"https:\/\/grandepremio.com\/br\/wp-json\/wp\/v2\/categories?post=163483"},{"taxonomy":"post_tag","embeddable":true,"href":"https:\/\/grandepremio.com\/br\/wp-json\/wp\/v2\/tags?post=163483"},{"taxonomy":"42wp_author","embeddable":true,"href":"https:\/\/grandepremio.com\/br\/wp-json\/wp\/v2\/42wp_author?post=163483"}],"curies":[{"name":"wp","href":"https:\/\/api.w.org\/{rel}","templated":true}]}}