{"id":163487,"date":"2026-08-26T11:20:10","date_gmt":"2026-08-26T14:20:10","guid":{"rendered":"https:\/\/grandepremio.com\/br\/?p=163487"},"modified":"2026-08-26T11:20:11","modified_gmt":"2026-08-26T14:20:11","slug":"cotado-motogp-celestino-vietti-assina-aspar-segue-moto2-temporada-2027","status":"publish","type":"post","link":"https:\/\/grandepremio.com\/br\/motogp\/cotado-motogp-celestino-vietti-assina-aspar-segue-moto2-temporada-2027\/","title":{"rendered":"Cotado para MotoGP, Vietti assina com Aspar e segue na Moto2 na temporada 2027"},"content":{"rendered":"\n<p class=\"wp-block-paragraph\"><strong>Celestino Vietti vai seguir na Moto2 na temporada 2027<\/strong>. Cotado para uma vaga na VR46 na MotoGP, o italiano assinou com a Aspar. O acordo foi anunciado nesta quarta-feira (26).<\/p>\n\n\n\n<p class=\"wp-block-paragraph\">Ainda que n\u00e3o fa\u00e7a uma temporada de puro protagonismo na Moto2, onde ocupa a s\u00e9tima coloca\u00e7\u00e3o no Mundial de Pilotos, <strong>Vietti foi listado por Valentino Rossi como um dos candidatos para uma vaga na estreia do regulamento de 850cc<\/strong>. O pupilo do multicampe\u00e3o, por\u00e9m, tinha uma concorr\u00eancia forte, j\u00e1 que disputava a posi\u00e7\u00e3o com nomes como Luca Marini \u2015 que vai defender a Tech3 \u2015, Franco Morbidelli \u2015 que segue com o futuro indefinido \u2015 e com Nicol\u00f2 Bulega, que \u00e9 o favorito para a posi\u00e7\u00e3o.<\/p>\n\n\n\n<figure class=\"wp-block-embed is-type-video is-provider-youtube wp-block-embed-youtube wp-embed-aspect-16-9 wp-has-aspect-ratio\"><div class=\"wp-block-embed__wrapper\">\n<iframe loading=\"lazy\" title=\"MOTOGP CHEGA A ARAG\u00c3O COM APRILIA PRONTA PARA DESTRONAR MARC M\u00c1RQUEZ | Motoca GP\" width=\"500\" height=\"281\" src=\"https:\/\/www.youtube.com\/embed\/CSKIY6iS5Qc?feature=oembed\" frameborder=\"0\" allow=\"accelerometer; autoplay; clipboard-write; encrypted-media; gyroscope; picture-in-picture; web-share\" referrerpolicy=\"strict-origin-when-cross-origin\" allowfullscreen><\/iframe>\n<\/div><\/figure>\n\n\n\n<p class=\"wp-block-paragraph\">Com as portas da classe rainha fechadas, <strong>Vietti assegurou a perman\u00eancia na Moto2 com o objetivo claro de brigar pelo t\u00edtulo<\/strong>.<\/p>\n\n\n\n<p class=\"wp-block-paragraph\">\u201cEstou muito feliz. Me juntar a uma equipe que \u00e9 altamente competitiva \u2015 como ficou provado ao longo dos anos \u2015 \u00e9 uma grande oportunidade\u201d, comentou. \u201cQuero agradecer Jorge Mart\u00ednez \u2018Aspar\u2019 e a equipe dele pela calorosa acolhida. No pr\u00f3ximo ano, vou mudar de equipe e moto. Ser\u00e1 um desafio maravilhoso e empolgante, e vou dar tudo de mim para lutar pelo campeonato. Esta ser\u00e1 a meta do pr\u00f3ximo ano\u201d, completou.<\/p>\n\n\n\n<figure class=\"wp-block-image size-large\"><img loading=\"lazy\" decoding=\"async\" width=\"1024\" height=\"682\" src=\"https:\/\/grandepremio.com\/br\/wp-content\/uploads\/2026\/08\/unnamed2-1024x682.jpg\" alt=\"Moto2 2027 Aspar M\u00e1ximo Quiles Celestino Vietti\" class=\"wp-image-1020313007\" srcset=\"https:\/\/grandepremio.com\/wp-content\/uploads\/2026\/08\/unnamed2-1024x682.jpg 1024w, https:\/\/grandepremio.com\/wp-content\/uploads\/2026\/08\/unnamed2-300x200.jpg 300w, https:\/\/grandepremio.com\/wp-content\/uploads\/2026\/08\/unnamed2-768x512.jpg 768w, https:\/\/grandepremio.com\/wp-content\/uploads\/2026\/08\/unnamed2-1536x1023.jpg 1536w, https:\/\/grandepremio.com\/wp-content\/uploads\/2026\/08\/unnamed2-150x100.jpg 150w, https:\/\/grandepremio.com\/wp-content\/uploads\/2026\/08\/unnamed2.jpg 1600w\" sizes=\"(max-width: 1024px) 100vw, 1024px\" \/><figcaption class=\"wp-element-caption\">M\u00e1ximo Quiles e Celestino Vietti v\u00e3o formar a dupla da Aspar na Moto2 2027 (Foto: Aspar)<\/figcaption><\/figure>\n\n\n\n<p class=\"wp-block-paragraph\">Com o acordo com a equipe de Jorge Mart\u00ednez, Vietti volta a pilotar uma Kalex pela primeira vez desde 2024. Nos \u00faltimos dois campeonatos, o italiano usou um chassi Boscoscuro.<\/p>\n\n\n\n<p class=\"wp-block-paragraph\">\u201cCom a chegada de Celestino Vietti, estamos completando uma equipe muito forte para a temporada 2027 da Moto2\u201d, disse Aspar. \u201cN\u00f3s estamos constantemente lutando por posi\u00e7\u00f5es de ponta com Alonso e Holgado \u2015 algo que quer\u00edamos replicar na pr\u00f3xima temporada, por isso recorremos a ele\u201d, seguiu.<\/p>\n\n\n\n<p class=\"wp-block-paragraph\">\u201cMais uma vez, estamos contando com um piloto da Academia de Pilotos VR46, seguindo as experi\u00eancias que tivemos com [Francesco] Bagnaia e [Andrea] Migno no Mundial, assim como com [Marco] Bezzecchi e [Luca] Marini no que hoje \u00e9 conhecido como MotoJunior. Esperamos dar a Vietti as ferramentas de que ele precisa para lutarmos pelo t\u00edtulo da Moto2 juntos\u201d, encerrou.<\/p>\n\n\n\n<p class=\"wp-block-paragraph\">A <strong>Aspar precisou reformular completamente o line-up para o pr\u00f3ximo ano, j\u00e1 que Dani Holgado e David Alonso v\u00e3o subir para a MotoGP<\/strong>. Enquanto o espanhol vai defender as cores da Gresini, o colombiano assinou com a HRC e vai correr ou na Honda ou na LCR.<\/p>\n\n\n\n<p class=\"wp-block-paragraph\">Antes de confirmar o acerto com Vietti, a Aspar j\u00e1 tinha anunciado a promo\u00e7\u00e3o de M\u00e1ximo Quiles para a Moto2. O espanhol lidera a disputa pelo t\u00edtulo da Moto3 com folga neste ano.<\/p>\n\n\n\n<p class=\"wp-block-paragraph\">A&nbsp;<strong>MotoGP<\/strong>&nbsp;<strong>volta a acelerar entre os dias 28 a 30 de agosto para o<\/strong>&nbsp;<strong>GP de Arag\u00e3o<\/strong>, 13\u00aa etapa da temporada 2026. O&nbsp;<strong>GRANDE PR\u00caMIO<\/strong>&nbsp;acompanha toda a programa\u00e7\u00e3o do fim de semana, assim como as demais categorias do&nbsp;Mundial de Motovelocidade.<\/p>\n","protected":false},"excerpt":{"rendered":"<p>Cotado para a VR46 em 2027, Celestino Vietti vai seguir na Moto2 na pr\u00f3xima temporada do Mundial de Motovelocidade. O italiano assinou com a Aspar<\/p>\n","protected":false},"author":10,"featured_media":1020313006,"comment_status":"closed","ping_status":"closed","sticky":false,"template":"","format":"standard","meta":{"42wp_featured_image_caption":"Celestino Vietti vai defender a Aspar na pr\u00f3xima temporada da Moto2","42wp_featured_image_credits":"Aspar","42wp_featured_video":"","42wp_featured_image_hidden":false,"42wp_authors_list":[{"id":47113,"location":"de S\u00e3o Paulo"}],"footnotes":""},"categories":[8],"tags":[2364,2277,1930],"42wp_author":[47113],"class_list":["post-163487","post","type-post","status-publish","format-standard","has-post-thumbnail","hentry","category-motogp","tag-aspar","tag-celestino-vietti","tag-moto2","42wp_author-juliana-tesser"],"_links":{"self":[{"href":"https:\/\/grandepremio.com\/br\/wp-json\/wp\/v2\/posts\/163487","targetHints":{"allow":["GET"]}}],"collection":[{"href":"https:\/\/grandepremio.com\/br\/wp-json\/wp\/v2\/posts"}],"about":[{"href":"https:\/\/grandepremio.com\/br\/wp-json\/wp\/v2\/types\/post"}],"author":[{"embeddable":true,"href":"https:\/\/grandepremio.com\/br\/wp-json\/wp\/v2\/users\/10"}],"replies":[{"embeddable":true,"href":"https:\/\/grandepremio.com\/br\/wp-json\/wp\/v2\/comments?post=163487"}],"version-history":[{"count":1,"href":"https:\/\/grandepremio.com\/br\/wp-json\/wp\/v2\/posts\/163487\/revisions"}],"predecessor-version":[{"id":163488,"href":"https:\/\/grandepremio.com\/br\/wp-json\/wp\/v2\/posts\/163487\/revisions\/163488"}],"wp:featuredmedia":[{"embeddable":true,"href":"https:\/\/grandepremio.com\/br\/wp-json\/wp\/v2\/media\/1020313006"}],"wp:attachment":[{"href":"https:\/\/grandepremio.com\/br\/wp-json\/wp\/v2\/media?parent=163487"}],"wp:term":[{"taxonomy":"category","embeddable":true,"href":"https:\/\/grandepremio.com\/br\/wp-json\/wp\/v2\/categories?post=163487"},{"taxonomy":"post_tag","embeddable":true,"href":"https:\/\/grandepremio.com\/br\/wp-json\/wp\/v2\/tags?post=163487"},{"taxonomy":"42wp_author","embeddable":true,"href":"https:\/\/grandepremio.com\/br\/wp-json\/wp\/v2\/42wp_author?post=163487"}],"curies":[{"name":"wp","href":"https:\/\/api.w.org\/{rel}","templated":true}]}}