{"id":163513,"date":"2026-08-26T12:59:47","date_gmt":"2026-08-26T15:59:47","guid":{"rendered":"https:\/\/grandepremio.com\/br\/?p=163513"},"modified":"2026-08-26T13:23:33","modified_gmt":"2026-08-26T16:23:33","slug":"francesco-bagnaia-mostra-otimismo-revela-apego-aragao-conquistei-minha-1a-vitoria","status":"publish","type":"post","link":"https:\/\/grandepremio.com\/br\/motogp\/francesco-bagnaia-mostra-otimismo-revela-apego-aragao-conquistei-minha-1a-vitoria\/","title":{"rendered":"Bagnaia mostra otimismo e revela apego a Arag\u00e3o: \u201cConquistei minha 1\u00aa vit\u00f3ria\u201d"},"content":{"rendered":"\n<p class=\"wp-block-paragraph\"><strong>Francesco Bagnaia se mostrou otimista para o GP de Arag\u00e3o do fim de semana<\/strong>. O italiano destacou que \u00e9 \u201cparticularmente apegado\u201d ao MotorLand e destacou que a pista \u00e9 menos f\u00edsica do que Silverstone.<\/p>\n\n\n\n<p class=\"wp-block-paragraph\">Bagnaia voltou das f\u00e9rias ainda em recupera\u00e7\u00e3o de uma cirurgia no bra\u00e7o, n\u00e3o s\u00f3 para tratar s\u00edndrome compartimental, mas tamb\u00e9m s\u00edndrome do t\u00fanel de carpo. No GP da Gr\u00e3-Bretanha, o f\u00edsico n\u00e3o ajudou, mas agora, passadas mais duas semanas, o piloto #63 se mostrou confiante em estar mais competitivo.<\/p>\n\n\n\n<figure class=\"wp-block-embed is-type-video is-provider-youtube wp-block-embed-youtube wp-embed-aspect-16-9 wp-has-aspect-ratio\"><div class=\"wp-block-embed__wrapper\">\n<iframe loading=\"lazy\" title=\"MOTOGP CHEGA A ARAG\u00c3O COM APRILIA PRONTA PARA DESTRONAR MARC M\u00c1RQUEZ | Motoca GP\" width=\"500\" height=\"281\" src=\"https:\/\/www.youtube.com\/embed\/CSKIY6iS5Qc?feature=oembed\" frameborder=\"0\" allow=\"accelerometer; autoplay; clipboard-write; encrypted-media; gyroscope; picture-in-picture; web-share\" referrerpolicy=\"strict-origin-when-cross-origin\" allowfullscreen><\/iframe>\n<\/div><\/figure>\n\n\n\n<p class=\"wp-block-paragraph\">\u201cArag\u00e3o \u00e9 uma pista com a qual sou particularmente apegado: foi aqui que conquistei a minha primeira vit\u00f3ria na MotoGP, a minha primeira com a Ducati\u201d, disse Bagnaia. \u201cEm compara\u00e7\u00e3o com Silverstone, \u00e9 um circuito menos exigente fisicamente\u201d, comentou.<\/p>\n\n\n\n<p class=\"wp-block-paragraph\">\u201cEspero estar mais perto dos l\u00edderes desde o in\u00edcio e voltar a rodar no v\u00e1cuo dos pilotos mais r\u00e1pidos\u201d, encerrou.<\/p>\n\n\n\n<figure class=\"wp-block-image size-large\"><img loading=\"lazy\" decoding=\"async\" width=\"1024\" height=\"682\" src=\"https:\/\/grandepremio.com\/br\/wp-content\/uploads\/2026\/07\/Pecco_Bagnaia-5-1024x682.jpg\" alt=\"MotoGP 2026 Alemanha Sachsenring Domingo Ducati Francesco Bagnaia\" class=\"wp-image-1020309347\" srcset=\"https:\/\/grandepremio.com\/wp-content\/uploads\/2026\/07\/Pecco_Bagnaia-5-1024x682.jpg 1024w, https:\/\/grandepremio.com\/wp-content\/uploads\/2026\/07\/Pecco_Bagnaia-5-300x200.jpg 300w, https:\/\/grandepremio.com\/wp-content\/uploads\/2026\/07\/Pecco_Bagnaia-5-768x512.jpg 768w, https:\/\/grandepremio.com\/wp-content\/uploads\/2026\/07\/Pecco_Bagnaia-5-1536x1023.jpg 1536w, https:\/\/grandepremio.com\/wp-content\/uploads\/2026\/07\/Pecco_Bagnaia-5-150x100.jpg 150w, https:\/\/grandepremio.com\/wp-content\/uploads\/2026\/07\/Pecco_Bagnaia-5.jpg 1600w\" sizes=\"(max-width: 1024px) 100vw, 1024px\" \/><figcaption class=\"wp-element-caption\">Francesco Bagnaia destacou apego com o circuito de Arag\u00e3o (Foto: Ducati)<\/figcaption><\/figure>\n\n\n\n<p class=\"wp-block-paragraph\">A&nbsp;<strong>MotoGP<\/strong>&nbsp;<strong>volta a acelerar entre os dias 28 a 30 de agosto para o<\/strong>&nbsp;<strong>GP de Arag\u00e3o<\/strong>, 13\u00aa etapa da temporada 2026. O&nbsp;<strong>GRANDE PR\u00caMIO<\/strong>&nbsp;acompanha toda a programa\u00e7\u00e3o do fim de semana, assim como as demais categorias do&nbsp;Mundial de Motovelocidade.<\/p>\n\n\n\n<p class=\"wp-block-paragraph\"><\/p>\n","protected":false},"excerpt":{"rendered":"<p>Francesco Bagnaia admitiu que \u00e9 particularmente apegado ao circuito de Arag\u00e3o, j\u00e1 que foi l\u00e1 que conquistou a primeira vit\u00f3ria da carreira com a Ducati<\/p>\n","protected":false},"author":10,"featured_media":1020311445,"comment_status":"closed","ping_status":"closed","sticky":false,"template":"","format":"standard","meta":{"42wp_featured_image_caption":"Francesco Bagnaia est\u00e1 em recupera\u00e7\u00e3o de cirurgia no bra\u00e7o","42wp_featured_image_credits":"AFP","42wp_featured_video":"","42wp_featured_image_hidden":false,"42wp_authors_list":[{"id":47113,"location":"de S\u00e3o Paulo"}],"footnotes":""},"categories":[8],"tags":[26038,131,2327],"42wp_author":[47113],"class_list":["post-163513","post","type-post","status-publish","format-standard","has-post-thumbnail","hentry","category-motogp","tag-aragao","tag-ducati","tag-francesco-bagnaia","42wp_author-juliana-tesser"],"_links":{"self":[{"href":"https:\/\/grandepremio.com\/br\/wp-json\/wp\/v2\/posts\/163513","targetHints":{"allow":["GET"]}}],"collection":[{"href":"https:\/\/grandepremio.com\/br\/wp-json\/wp\/v2\/posts"}],"about":[{"href":"https:\/\/grandepremio.com\/br\/wp-json\/wp\/v2\/types\/post"}],"author":[{"embeddable":true,"href":"https:\/\/grandepremio.com\/br\/wp-json\/wp\/v2\/users\/10"}],"replies":[{"embeddable":true,"href":"https:\/\/grandepremio.com\/br\/wp-json\/wp\/v2\/comments?post=163513"}],"version-history":[{"count":2,"href":"https:\/\/grandepremio.com\/br\/wp-json\/wp\/v2\/posts\/163513\/revisions"}],"predecessor-version":[{"id":163526,"href":"https:\/\/grandepremio.com\/br\/wp-json\/wp\/v2\/posts\/163513\/revisions\/163526"}],"wp:featuredmedia":[{"embeddable":true,"href":"https:\/\/grandepremio.com\/br\/wp-json\/wp\/v2\/media\/1020311445"}],"wp:attachment":[{"href":"https:\/\/grandepremio.com\/br\/wp-json\/wp\/v2\/media?parent=163513"}],"wp:term":[{"taxonomy":"category","embeddable":true,"href":"https:\/\/grandepremio.com\/br\/wp-json\/wp\/v2\/categories?post=163513"},{"taxonomy":"post_tag","embeddable":true,"href":"https:\/\/grandepremio.com\/br\/wp-json\/wp\/v2\/tags?post=163513"},{"taxonomy":"42wp_author","embeddable":true,"href":"https:\/\/grandepremio.com\/br\/wp-json\/wp\/v2\/42wp_author?post=163513"}],"curies":[{"name":"wp","href":"https:\/\/api.w.org\/{rel}","templated":true}]}}