{"id":163585,"date":"2026-08-26T16:44:13","date_gmt":"2026-08-26T19:44:13","guid":{"rendered":"https:\/\/grandepremio.com\/br\/?p=163585"},"modified":"2026-08-26T16:47:44","modified_gmt":"2026-08-26T19:47:44","slug":"indy-aproxima-goiania-ja-estuda-etapa-temporada-2027","status":"publish","type":"post","link":"https:\/\/grandepremio.com\/br\/indy\/indy-aproxima-goiania-ja-estuda-etapa-temporada-2027\/","title":{"rendered":"Indy se aproxima de Goi\u00e2nia e j\u00e1 estuda etapa na temporada 2027"},"content":{"rendered":"\n<p class=\"wp-block-paragraph\">Os principais dirigentes da Indy j\u00e1 demonstraram interesse em correr fora da Am\u00e9rica do Norte, mas uma corrida de fato j\u00e1 pode acontecer na temporada 2027. A categoria est\u00e1 otimista para a realiza\u00e7\u00e3o de uma etapa em Goi\u00e2nia, e j\u00e1 at\u00e9 instruiu equipes e pilotos a se prepararem para viajar para o Brasil. Sediar uma etapa de outra grande categoria do esporte a motor \u2014 al\u00e9m da MotoGP \u2014 \u00e9 um desejo antigo do governo local e, por conta da incerteza gerada pelas elei\u00e7\u00f5es, querem concretizar o acordo o quanto antes.<\/p>\n\n\n\n<p class=\"wp-block-paragraph\">A informa\u00e7\u00e3o \u00e9 do portal <em>Racer<\/em>. Segundo a publica\u00e7\u00e3o, os dirigentes da Indy est\u00e3o confiantes para correr em solo brasileiro j\u00e1 em 2027. Importante lembrar que Mark Miles, CEO da Penske Entertainment, empresa propriet\u00e1ria da categoria, j\u00e1 realizou tr\u00eas visitas ao Aut\u00f3dromo Internacional Ayrton Senna \u2014 <a href=\"https:\/\/grandepremio.com\/br\/indy\/ceo-indy-visita-autodromo-goiania-amplia-expectativa-por-corrida-2027\/\">a primeira delas em abril<\/a> \u2014 para verificar as condi\u00e7\u00f5es da pista e se reunir com autoridades locais.<\/p>\n\n\n\n<figure class=\"wp-block-embed is-type-video is-provider-youtube wp-block-embed-youtube wp-embed-aspect-16-9 wp-has-aspect-ratio\"><div class=\"wp-block-embed__wrapper\">\n<iframe loading=\"lazy\" title=\"&quot;Nasr surge como solu\u00e7\u00e3o para Penske ap\u00f3s temporada de pilotos vacilantes&quot;, analisa Daniel Balsa\" width=\"500\" height=\"281\" src=\"https:\/\/www.youtube.com\/embed\/ohVK6f_pTUM?feature=oembed\" frameborder=\"0\" allow=\"accelerometer; autoplay; clipboard-write; encrypted-media; gyroscope; picture-in-picture; web-share\" referrerpolicy=\"strict-origin-when-cross-origin\" allowfullscreen><\/iframe>\n<\/div><\/figure>\n\n\n\n<p class=\"wp-block-paragraph\">O asfalto se tornou o maior problema do circuito, que sediou o GP do Brasil de MotoGP em mar\u00e7o. No s\u00e1bado, as principais atividades tiveram de ser adiadas devido a um buraco em plena reta principal. No dia seguinte, a corrida\u00a0da classe rainha foi encurtada por conta do asfalto soltando no trecho entre as curvas 11 e 12.<\/p>\n\n\n\n<p class=\"wp-block-paragraph\">Como resultado, a Secretaria de Estado de Esporte e Lazer decidiu fechar o aut\u00f3dromo por mais de um m\u00eas para realizar o reparo e permitir o tempo de cura necess\u00e1rio do asfalto. Mas de nada adiantou. Ap\u00f3s ser reaberta em 29 de abril, o tra\u00e7ado voltou a apresentar problemas durante o fim de semana da quarta etapa da Stock Car 2026, no dia 17 de maio, quando diversos pilotos reclamaram do esfarelamento na curva 6. A solu\u00e7\u00e3o foi\u00a0a <a href=\"https:\/\/grandepremio.com\/br\/motogp\/governo-goias-anuncia-substituicao-integral-asfalto-circuito-goiania\/\">substitui\u00e7\u00e3o integral da capa asf\u00e1ltica do circuito<\/a>, que come\u00e7ou em julho. A expectativa \u00e9 que a pista volte a receber eventos do esporte a motor a partir de outubro.<\/p>\n\n\n\n<figure class=\"wp-block-image size-large\"><img loading=\"lazy\" decoding=\"async\" width=\"1200\" height=\"800\" src=\"https:\/\/grandepremio.com\/br\/wp-content\/uploads\/2026\/04\/WhatsApp-Image-2026-04-11-at-00.01.12-1-1200x800.jpeg\" alt=\"Mark Miles com comitiva da Indy e governador de Goi\u00e1s, Daniel Vilela, no aut\u00f3dromo de Goi\u00e2nia (Foto: Lucas Diener)\" class=\"wp-image-1001076303\" srcset=\"https:\/\/grandepremio.com\/wp-content\/uploads\/2026\/04\/WhatsApp-Image-2026-04-11-at-00.01.12-1-1200x800.jpeg 1200w, https:\/\/grandepremio.com\/wp-content\/uploads\/2026\/04\/WhatsApp-Image-2026-04-11-at-00.01.12-1-300x200.jpeg 300w, https:\/\/grandepremio.com\/wp-content\/uploads\/2026\/04\/WhatsApp-Image-2026-04-11-at-00.01.12-1-768x512.jpeg 768w, https:\/\/grandepremio.com\/wp-content\/uploads\/2026\/04\/WhatsApp-Image-2026-04-11-at-00.01.12-1-150x100.jpeg 150w, https:\/\/grandepremio.com\/wp-content\/uploads\/2026\/04\/WhatsApp-Image-2026-04-11-at-00.01.12-1.jpeg 1280w\" sizes=\"(max-width: 1200px) 100vw, 1200px\" \/><figcaption class=\"wp-element-caption\">Mark Miles com comitiva da Indy e governador de Goi\u00e1s, Daniel Vilela, no aut\u00f3dromo de Goi\u00e2nia, em abril (Foto: Lucas Diener)<\/figcaption><\/figure>\n\n\n\n<p class=\"wp-block-paragraph\">Ainda de acordo com o portal estadunidense, os governantes locais t\u00eam o desejo de firmar um acordo com a Indy o quanto antes, j\u00e1 que h\u00e1 o risco de n\u00e3o estarem no cargo no ano que vem por conta das elei\u00e7\u00f5es, que ocorrem em outubro. Caso n\u00e3o permane\u00e7am, o novo governo pode n\u00e3o ter a mesma pressa e interesse em receber a categoria.<\/p>\n\n\n\n<p class=\"wp-block-paragraph\"><a href=\"https:\/\/grandepremio.com\/br\/indy\/8-corridas-mesma-ordem-2026-indy-divulga-1a-parte-calendario-temporada-2027\/\">A Indy divulgou somente a primeira metade do calend\u00e1rio da temporada 2027<\/a>, com as oito primeiras corridas sendo disputadas na mesma ordem deste ano. O presidente da categoria, Doug Boles, <a href=\"https:\/\/grandepremio.com\/br\/indy\/presidente-indy-menciona-brasil-diz-nao-ficaria-surpreso-corridas-fora-eua\/\">declarou h\u00e1 duas semanas que &#8220;n\u00e3o ficaria surpreso&#8221; com uma prova fora dos EUA<\/a>. Se confirmada a ida ao Brasil, seria no intervalo entre junho e setembro.<\/p>\n\n\n\n<p class=\"wp-block-paragraph\">A Indy retorna neste fim de semana, com a rodada dupla no oval de 1 milha (1,609 km) de Milwaukee \u2014 16\u00aa e 17\u00aa etapas da temporada 2026 \u2014, localizado na cidade de West Allis, no Wisconsin. O&nbsp;<strong>GRANDE PR\u00caMIO<\/strong>&nbsp;faz cobertura completa do evento.<\/p>\n\n\n\n<h2 class=\"wp-block-heading\">Rodada dupla de Milwaukee da Indy: veja os hor\u00e1rios em Brasil, Cabo Verde,&nbsp;<a href=\"https:\/\/grandepremio.pt\/\" target=\"_blank\" rel=\"noopener\"><strong>Portugal<\/strong><\/a>, Angola e Mo\u00e7ambique:<\/h2>\n\n\n\n<h3 class=\"wp-block-heading\">Hor\u00e1rios no Brasil*<\/h3>\n\n\n\n<ul class=\"wp-block-list\">\n<li><strong>Treino livre 1 (28\/08): 19:00<\/strong><\/li>\n\n\n\n<li><strong>Classifica\u00e7\u00e3o (29\/08): 12:00<\/strong><\/li>\n\n\n\n<li><strong>Corrida 1 (29\/08): 15:30<\/strong><\/li>\n\n\n\n<li><strong>Warm-up\u00a0(30\/08): 11:15<\/strong><\/li>\n\n\n\n<li><strong>Corrida 2 (30\/08): 14:00<\/strong><\/li>\n<\/ul>\n\n\n\n<h3 class=\"wp-block-heading\">Hor\u00e1rios em Portugal e Angola<\/h3>\n\n\n\n<ul class=\"wp-block-list\">\n<li><strong>Treino livre 1 (28\/08): 23:00<\/strong><\/li>\n\n\n\n<li><strong>Classifica\u00e7\u00e3o (29\/08): 16:00<\/strong><\/li>\n\n\n\n<li><strong>Corrida 1 (29\/08): 19:30<\/strong><\/li>\n\n\n\n<li><strong>Warm-up\u00a0(30\/08): 15:15<\/strong><\/li>\n\n\n\n<li><strong>Corrida 2 (30\/08): 18:00<\/strong><\/li>\n<\/ul>\n\n\n\n<h3 class=\"wp-block-heading\">Hor\u00e1rios em Cabo Verde<\/h3>\n\n\n\n<ul class=\"wp-block-list\">\n<li><strong>Treino livre 1 (28\/08): 21:00<\/strong><\/li>\n\n\n\n<li><strong>Classifica\u00e7\u00e3o (29\/08): 14:00<\/strong><\/li>\n\n\n\n<li><strong>Corrida 1 (29\/08): 17:30<\/strong><\/li>\n\n\n\n<li><strong>Warm-up\u00a0(30\/08): 13:15<\/strong><\/li>\n\n\n\n<li><strong>Corrida 2 (30\/08): 16:00<\/strong><\/li>\n<\/ul>\n\n\n\n<h3 class=\"wp-block-heading\"><strong>Hor\u00e1rios em Mo\u00e7ambique<\/strong><\/h3>\n\n\n\n<ul class=\"wp-block-list\">\n<li><strong>Treino livre 1 (28\/08): 22:00<\/strong><\/li>\n\n\n\n<li><strong>Classifica\u00e7\u00e3o (29\/08): 15:00<\/strong><\/li>\n\n\n\n<li><strong>Corrida 1 (29\/08): 18:30<\/strong><\/li>\n\n\n\n<li><strong>Warm-up\u00a0(30\/08): 14:15<\/strong><\/li>\n\n\n\n<li><strong>Corrida 2 (30\/08): 17:00<\/strong><\/li>\n<\/ul>\n\n\n\n<p class=\"wp-block-paragraph\"><em>*Hor\u00e1rio de Bras\u00edlia<\/em><\/p>\n\n\n\n<p class=\"wp-block-paragraph\"><\/p>\n","protected":false},"excerpt":{"rendered":"<p>Segundo o portal estadunidense Racer, a Indy est\u00e1 otimista para realizar uma realizar uma etapa em Goi\u00e2nia em 2027 e j\u00e1 at\u00e9 avisou equipes e pilotos para se prepararem para viajar para o Brasil. Autoridades locais visam fechar um acordo o quanto antes, j\u00e1 que os podem sair do cargo por conta das elei\u00e7\u00f5es<\/p>\n","protected":false},"author":21,"featured_media":1010395853,"comment_status":"closed","ping_status":"closed","sticky":false,"template":"","format":"standard","meta":{"42wp_featured_image_caption":"Indy est\u00e1 otimista para correr em Goi\u00e2nia em 2027","42wp_featured_image_credits":"Reprodu\u00e7\u00e3o","42wp_featured_video":"","42wp_featured_image_hidden":false,"42wp_authors_list":[{"id":47163,"location":"do Rio de Janeiro"}],"footnotes":""},"categories":[3],"tags":[34232,500],"42wp_author":[47163],"class_list":["post-163585","post","type-post","status-publish","format-standard","has-post-thumbnail","hentry","category-indy","tag-autodromo-internacional-ayrton-senna","tag-goinia","42wp_author-caio-cavalcante"],"_links":{"self":[{"href":"https:\/\/grandepremio.com\/br\/wp-json\/wp\/v2\/posts\/163585","targetHints":{"allow":["GET"]}}],"collection":[{"href":"https:\/\/grandepremio.com\/br\/wp-json\/wp\/v2\/posts"}],"about":[{"href":"https:\/\/grandepremio.com\/br\/wp-json\/wp\/v2\/types\/post"}],"author":[{"embeddable":true,"href":"https:\/\/grandepremio.com\/br\/wp-json\/wp\/v2\/users\/21"}],"replies":[{"embeddable":true,"href":"https:\/\/grandepremio.com\/br\/wp-json\/wp\/v2\/comments?post=163585"}],"version-history":[{"count":2,"href":"https:\/\/grandepremio.com\/br\/wp-json\/wp\/v2\/posts\/163585\/revisions"}],"predecessor-version":[{"id":163619,"href":"https:\/\/grandepremio.com\/br\/wp-json\/wp\/v2\/posts\/163585\/revisions\/163619"}],"wp:featuredmedia":[{"embeddable":true,"href":"https:\/\/grandepremio.com\/br\/wp-json\/wp\/v2\/media\/1010395853"}],"wp:attachment":[{"href":"https:\/\/grandepremio.com\/br\/wp-json\/wp\/v2\/media?parent=163585"}],"wp:term":[{"taxonomy":"category","embeddable":true,"href":"https:\/\/grandepremio.com\/br\/wp-json\/wp\/v2\/categories?post=163585"},{"taxonomy":"post_tag","embeddable":true,"href":"https:\/\/grandepremio.com\/br\/wp-json\/wp\/v2\/tags?post=163585"},{"taxonomy":"42wp_author","embeddable":true,"href":"https:\/\/grandepremio.com\/br\/wp-json\/wp\/v2\/42wp_author?post=163585"}],"curies":[{"name":"wp","href":"https:\/\/api.w.org\/{rel}","templated":true}]}}