{"id":163610,"date":"2026-08-26T16:43:17","date_gmt":"2026-08-26T19:43:17","guid":{"rendered":"https:\/\/grandepremio.com\/br\/?p=163610"},"modified":"2026-08-26T16:47:34","modified_gmt":"2026-08-26T19:47:34","slug":"george-russell-comemora-ritmo-muito-parecido-andrea-kimi-antonelli-paises-baixos-passo-frente","status":"publish","type":"post","link":"https:\/\/grandepremio.com\/br\/f1\/george-russell-comemora-ritmo-muito-parecido-andrea-kimi-antonelli-paises-baixos-passo-frente\/","title":{"rendered":"Russell comemora ritmo &#8220;muito parecido&#8221; ao de Antonelli nos Pa\u00edses Baixos: &#8220;Passo \u00e0 frente&#8221;"},"content":{"rendered":"\n<p class=\"wp-block-paragraph\">Embora n\u00e3o tenha sido capaz de reduzir a vantagem de Andrea Kimi Antonelli na briga pelo t\u00edtulo da F\u00f3rmula 1, George Russell avaliou o fim de semana do GP dos Pa\u00edses Baixos como &#8220;muito positivo&#8221;. Isso porque, em entrevista coletiva acompanhada pelo <strong>GRANDE PR\u00caMIO<\/strong>, o brit\u00e2nico disse que apresentou um ritmo parecido ao do companheiro de Mercedes, algo que n\u00e3o acontecia j\u00e1 h\u00e1 algum tempo.<\/p>\n\n\n\n<p class=\"wp-block-paragraph\">Ao desembarcar em Zandvoort com 59 pontos de atraso em rela\u00e7\u00e3o ao italiano no Mundial de Pilotos, o #63 reduziu essa margem em 3 tentos com a vit\u00f3ria na sprint. Por\u00e9m, ao ter de abrir passagem para o colega se livrar de Lewis Hamilton e Charles Leclerc nas voltas finais da corrida de domingo, voltou \u00e0 estaca zero, visto que o segundo colocado soma 18 pontos e o terceiro, 15.<\/p>\n\n\n\n<figure class=\"wp-block-embed is-type-video is-provider-youtube wp-block-embed-youtube wp-embed-aspect-16-9 wp-has-aspect-ratio\"><div class=\"wp-block-embed__wrapper\">\n<iframe loading=\"lazy\" title=\"NORRIS BLEFA OU TEM DE PEDIR FOCO M\u00c1XIMO \u00c0 McLAREN PARA ALCAN\u00c7AR ANTONELLI | Paddock GP\" width=\"500\" height=\"281\" src=\"https:\/\/www.youtube.com\/embed\/bwobGi-Qt4E?feature=oembed\" frameborder=\"0\" allow=\"accelerometer; autoplay; clipboard-write; encrypted-media; gyroscope; picture-in-picture; web-share\" referrerpolicy=\"strict-origin-when-cross-origin\" allowfullscreen><\/iframe>\n<\/div><\/figure>\n\n\n\n<p class=\"wp-block-paragraph\">Mas se engana quem pensa que Russell ficou abatido com isso. Ainda que o preju\u00edzo na classifica\u00e7\u00e3o permane\u00e7a o mesmo, por\u00e9m com uma etapa a menos restando agora na temporada, o mais experiente da dupla tentou olhar o copo meio cheio.<\/p>\n\n\n\n<p class=\"wp-block-paragraph\">&#8220;Para ser sincero, estou me sentindo bem. No geral, foi um fim de semana muito positivo. N\u00e3o subia ao p\u00f3dio h\u00e1 tr\u00eas corridas ou algo assim. Considerando que n\u00e3o somos mais t\u00e3o dominantes quanto j\u00e1 fomos, acho que foi um fim de semana muito s\u00f3lido&#8221;, come\u00e7ou. &#8220;Houve momentos em que n\u00e3o estava no p\u00f3dio quando t\u00ednhamos o melhor carro, enquanto Kimi estava lutando l\u00e1 na frente. Agora, o ritmo entre n\u00f3s dois foi muito parecido e isso \u00e9 um bom passo \u00e0 frente para mim&#8221;, seguiu.<\/p>\n\n\n\n<p class=\"wp-block-paragraph\">&#8220;Foi um fim de semana mais limpo. N\u00e3o estou lidando com tantos problemas quanto enfrentei no fim da primeira metade da temporada, e isso est\u00e1 me permitindo focar no trabalho&#8221;, explicou George, que voltou a falar rapidamente sobre o quanto a falta de atualiza\u00e7\u00f5es por parte da Mercedes em compara\u00e7\u00e3o com as rivais pode dificultar a vida dele nas pr\u00f3ximas etapas.<\/p>\n\n\n\n<p class=\"wp-block-paragraph\">&#8220;Mas acho que os pr\u00f3ximos dois ou tr\u00eas fins de semana ser\u00e3o desafiadores para n\u00f3s dois, simplesmente porque estamos fora de sincronia em rela\u00e7\u00e3o \u00e0s atualiza\u00e7\u00f5es&#8221;, encerrou.<\/p>\n\n\n\n<figure class=\"wp-block-image size-full\"><img loading=\"lazy\" decoding=\"async\" width=\"800\" height=\"533\" src=\"https:\/\/grandepremio.com\/br\/wp-content\/uploads\/2026\/08\/2291700282.png\" alt=\"\" class=\"wp-image-1020312786\" srcset=\"https:\/\/grandepremio.com\/wp-content\/uploads\/2026\/08\/2291700282.png 800w, https:\/\/grandepremio.com\/wp-content\/uploads\/2026\/08\/2291700282-300x200.png 300w, https:\/\/grandepremio.com\/wp-content\/uploads\/2026\/08\/2291700282-768x512.png 768w, https:\/\/grandepremio.com\/wp-content\/uploads\/2026\/08\/2291700282-150x100.png 150w\" sizes=\"(max-width: 800px) 100vw, 800px\" \/><figcaption class=\"wp-element-caption\">George Russell ficou feliz por ter sido capaz de acompanhar Kimi Antonelli (Foto: F1)<\/figcaption><\/figure>\n\n\n\n<p class=\"wp-block-paragraph\">A F\u00f3rmula 1 volta de 4 a 6 de setembro em Monza, palco do GP da It\u00e1lia, 13\u00aa etapa da temporada 2026.<\/p>\n","protected":false},"excerpt":{"rendered":"<p>Ainda que a diferen\u00e7a entre eles na classifica\u00e7\u00e3o do campeonato tenha permanecido exatamente a mesma ap\u00f3s a etapa em Zandvoort, George Russell ficou satisfeito por ter conseguido acompanhar mais de perto o ritmo de Andrea Kimi Antonelli<\/p>\n","protected":false},"author":19,"featured_media":1020312803,"comment_status":"closed","ping_status":"closed","sticky":false,"template":"","format":"standard","meta":{"42wp_featured_image_caption":"George Russell","42wp_featured_image_credits":"Reprodu\u00e7\u00e3o\/F1","42wp_featured_video":"","42wp_featured_image_hidden":false,"42wp_authors_list":[{"id":47160,"location":"de Colatina"},{"id":47165,"location":"de Zandvoort"}],"footnotes":""},"categories":[2],"tags":[800,31504,82],"42wp_author":[47165,47160],"class_list":["post-163610","post","type-post","status-publish","format-standard","has-post-thumbnail","hentry","category-f1","tag-george-russell","tag-kimi-antonelli","tag-mercedes","42wp_author-leonid-kluiev","42wp_author-vicente-soella"],"_links":{"self":[{"href":"https:\/\/grandepremio.com\/br\/wp-json\/wp\/v2\/posts\/163610","targetHints":{"allow":["GET"]}}],"collection":[{"href":"https:\/\/grandepremio.com\/br\/wp-json\/wp\/v2\/posts"}],"about":[{"href":"https:\/\/grandepremio.com\/br\/wp-json\/wp\/v2\/types\/post"}],"author":[{"embeddable":true,"href":"https:\/\/grandepremio.com\/br\/wp-json\/wp\/v2\/users\/19"}],"replies":[{"embeddable":true,"href":"https:\/\/grandepremio.com\/br\/wp-json\/wp\/v2\/comments?post=163610"}],"version-history":[{"count":2,"href":"https:\/\/grandepremio.com\/br\/wp-json\/wp\/v2\/posts\/163610\/revisions"}],"predecessor-version":[{"id":163616,"href":"https:\/\/grandepremio.com\/br\/wp-json\/wp\/v2\/posts\/163610\/revisions\/163616"}],"wp:featuredmedia":[{"embeddable":true,"href":"https:\/\/grandepremio.com\/br\/wp-json\/wp\/v2\/media\/1020312803"}],"wp:attachment":[{"href":"https:\/\/grandepremio.com\/br\/wp-json\/wp\/v2\/media?parent=163610"}],"wp:term":[{"taxonomy":"category","embeddable":true,"href":"https:\/\/grandepremio.com\/br\/wp-json\/wp\/v2\/categories?post=163610"},{"taxonomy":"post_tag","embeddable":true,"href":"https:\/\/grandepremio.com\/br\/wp-json\/wp\/v2\/tags?post=163610"},{"taxonomy":"42wp_author","embeddable":true,"href":"https:\/\/grandepremio.com\/br\/wp-json\/wp\/v2\/42wp_author?post=163610"}],"curies":[{"name":"wp","href":"https:\/\/api.w.org\/{rel}","templated":true}]}}