{"id":163621,"date":"2026-08-26T18:02:52","date_gmt":"2026-08-26T21:02:52","guid":{"rendered":"https:\/\/grandepremio.com\/br\/?p=163621"},"modified":"2026-08-26T18:04:20","modified_gmt":"2026-08-26T21:04:20","slug":"marcos-baumgart-vence-4a-etapa-sertoes-quebra-dominio-lucas-moraes-carros","status":"publish","type":"post","link":"https:\/\/grandepremio.com\/br\/rally\/sertoes\/marcos-baumgart-vence-4a-etapa-sertoes-quebra-dominio-lucas-moraes-carros\/","title":{"rendered":"Baumgart vence 4\u00aa etapa do Sert\u00f5es e quebra dom\u00ednio de Lucas Moraes nos carros"},"content":{"rendered":"\n<p class=\"wp-block-paragraph\">Depois de vencer as tr\u00eas primeiras etapas do Sert\u00f5es nesta semana e abrir uma boa margem na lideran\u00e7a dos carros, <strong>Lucas Moraes viu Marcos Baumgart levar a melhor nesta quarta-feira (26) na quarta parcial<\/strong> da edi\u00e7\u00e3o 2026 da tradicional prova de rali. O paulistano da Ford fechou o percurso de 304,38 km em 4h05min07s, 2min21s mais r\u00e1pido que o rival e ainda l\u00edder geral da competi\u00e7\u00e3o. <\/p>\n\n\n\n<p class=\"wp-block-paragraph\"><strong>Marcelo Gastaldi, da Baja Tek, completou o top-3 do dia<\/strong>, com 4h12min11s marcados no trajeto que come\u00e7ou em Mateiros (TO) e terminou em Porto Nacional, tamb\u00e9m no Tocantins. Ainda nos carros, <strong>Flavio Lunardi, da Sizmic, e Pedro Queirolo, da RMattheis, fecharam o grupo dos cinco primeiros<\/strong>. <\/p>\n\n\n\n<figure class=\"wp-block-embed is-type-video is-provider-youtube wp-block-embed-youtube wp-embed-aspect-16-9 wp-has-aspect-ratio\"><div class=\"wp-block-embed__wrapper\">\n<iframe loading=\"lazy\" title=\"\ud83d\udd34AO VIVO: SERT\u00d5ES 2026 | ETAPA 4 COM IMAGENS [live grande premio]\" width=\"500\" height=\"281\" src=\"https:\/\/www.youtube.com\/embed\/yuBi9cN86fQ?start=23256&amp;feature=oembed\" frameborder=\"0\" allow=\"accelerometer; autoplay; clipboard-write; encrypted-media; gyroscope; picture-in-picture; web-share\" referrerpolicy=\"strict-origin-when-cross-origin\" allowfullscreen><\/iframe>\n<\/div><\/figure>\n\n\n\n<p class=\"wp-block-paragraph\">Agora, <strong>Moraes acumula 21h53min12s na lideran\u00e7a da classifica\u00e7\u00e3o geral dos carros<\/strong>, com <strong>Gastaldi registrando 18min25s de atraso na segunda posi\u00e7\u00e3o<\/strong>. <strong>Lunardi completa o p\u00f3dio<\/strong> neste momento ao carregar uma desvantagem de 51min22s em rela\u00e7\u00e3o ao ponteiro.<\/p>\n\n\n\n<p class=\"wp-block-paragraph\">Nas motos, <strong>Bruno Crivilin venceu a quarta etapa e tomou a lideran\u00e7a da prova<\/strong>. No trecho desta quarta-feira (26), o capixaba registrou 3h58min45s e foi 5min06s mais r\u00e1pido que o espanhol <strong>Tosha Schareina, que ficou em segundo<\/strong> e \u00e0 frente de <strong>Martim Ventura, que completou os tr\u00eas primeiros<\/strong> mais de 10min atr\u00e1s do vencedor da Honda. <\/p>\n\n\n\n<p class=\"wp-block-paragraph\">Crivilin, portanto, tomou a lideran\u00e7a do Sert\u00f5es e j\u00e1 tem 21h57min43s acumulados depois de quatro etapas. 3min43s atr\u00e1s est\u00e1 Schareina, que perdeu a dianteira, e Ventura finaliza o top-3, com 22h15min. <\/p>\n\n\n\n<p class=\"wp-block-paragraph\">Nos UTVs, <strong>Deni Nascimento abriu mais na lideran\u00e7a ao levar a quarta etapa<\/strong> por 1min20s ao marcar 4h05min16s. <strong>Bruno Varela, com 4h06min36s, fechou na segunda posi\u00e7\u00e3o<\/strong> e superou o <strong>terceiro colocado, Pedro Mac Dowell<\/strong>, que ficou 6min06s atr\u00e1s do vencedor. <\/p>\n\n\n\n<figure class=\"wp-block-image size-large\"><img loading=\"lazy\" decoding=\"async\" width=\"1024\" height=\"683\" src=\"https:\/\/grandepremio.com\/br\/wp-content\/uploads\/2026\/08\/55488073531_ce1693ee52_k-1024x683.jpg\" alt=\"\" class=\"wp-image-1020313012\" srcset=\"https:\/\/grandepremio.com\/wp-content\/uploads\/2026\/08\/55488073531_ce1693ee52_k-1024x683.jpg 1024w, https:\/\/grandepremio.com\/wp-content\/uploads\/2026\/08\/55488073531_ce1693ee52_k-300x200.jpg 300w, https:\/\/grandepremio.com\/wp-content\/uploads\/2026\/08\/55488073531_ce1693ee52_k-768x512.jpg 768w, https:\/\/grandepremio.com\/wp-content\/uploads\/2026\/08\/55488073531_ce1693ee52_k-1536x1024.jpg 1536w, https:\/\/grandepremio.com\/wp-content\/uploads\/2026\/08\/55488073531_ce1693ee52_k-150x100.jpg 150w, https:\/\/grandepremio.com\/wp-content\/uploads\/2026\/08\/55488073531_ce1693ee52_k.jpg 2048w\" sizes=\"(max-width: 1024px) 100vw, 1024px\" \/><figcaption class=\"wp-element-caption\">Deni Nascimento levou a quarta etapa do UTV (Foto: Sert\u00f5es)<\/figcaption><\/figure>\n\n\n\n<p class=\"wp-block-paragraph\">Agora, <strong>Nascimento tem quase 5min de vantagem na lideran\u00e7a das motos<\/strong> e acumula 22h07min26s no percurso. <strong>Varela, com 22h12min22s, fecha na segunda posi\u00e7\u00e3o<\/strong> e supera de momento o <strong>terceiro colocado, Mac Dowell<\/strong>, que est\u00e1 6min06s atr\u00e1s do l\u00edder. <\/p>\n\n\n\n<p class=\"wp-block-paragraph\">Por fim, <strong>na categoria production<\/strong>, <strong>Felipe Lorenci levou a melhor na quarta etapa<\/strong> e marcou 1h56min31s para bater Jo\u00e3o Carlos Cardoso por 3min09s. Vitor Pudell, com 2h06min05s registradas no percurso desta quarta-feira, completou os tr\u00eas melhores da parcial. <\/p>\n\n\n\n<p class=\"wp-block-paragraph\">O\u00a0<strong>Sert\u00f5es\u00a0<\/strong>continua nesta quinta-feira (27), com os pilotos saindo de\u00a0Porto Nacional rumo a Mina\u00e7u, em Goi\u00e1s, em um trecho especial de 309 km.\u00a0<strong>O GRANDE PR\u00caMIO transmite todas as etapas AO VIVO e COM IMAGENS.<\/strong><\/p>\n\n\n\n<p class=\"wp-block-paragraph\"><\/p>\n","protected":false},"excerpt":{"rendered":"<p>Marcos Baugart quebrou a sequ\u00eancia de tr\u00eas vit\u00f3rias de Lucas Moraes no Sert\u00f5es 2026 e levou a melhor na quarta etapa, disputada nesta quarta-feira (26). O campe\u00e3o mundial de Rally Raid, no entanto, segue na lideran\u00e7a. Nas motos, Bruno Crivilin venceu a quarta etapa e tomou a dianteira<\/p>\n","protected":false},"author":20,"featured_media":1020313010,"comment_status":"closed","ping_status":"closed","sticky":false,"template":"","format":"standard","meta":{"42wp_featured_image_caption":"Marcos Baumgart liderou a quarta etapa do Sert\u00f5es","42wp_featured_image_credits":"Sert\u00f5es","42wp_featured_video":"","42wp_featured_image_hidden":false,"42wp_authors_list":[{"id":47162,"location":"de Vinhedo"}],"footnotes":""},"categories":[43],"tags":[3787,3558,233],"42wp_author":[47162],"class_list":["post-163621","post","type-post","status-publish","format-standard","has-post-thumbnail","hentry","category-sertoes","tag-lucas-moraes","tag-marcos-baumgart","tag-rali","42wp_author-giovani-danjo"],"_links":{"self":[{"href":"https:\/\/grandepremio.com\/br\/wp-json\/wp\/v2\/posts\/163621","targetHints":{"allow":["GET"]}}],"collection":[{"href":"https:\/\/grandepremio.com\/br\/wp-json\/wp\/v2\/posts"}],"about":[{"href":"https:\/\/grandepremio.com\/br\/wp-json\/wp\/v2\/types\/post"}],"author":[{"embeddable":true,"href":"https:\/\/grandepremio.com\/br\/wp-json\/wp\/v2\/users\/20"}],"replies":[{"embeddable":true,"href":"https:\/\/grandepremio.com\/br\/wp-json\/wp\/v2\/comments?post=163621"}],"version-history":[{"count":14,"href":"https:\/\/grandepremio.com\/br\/wp-json\/wp\/v2\/posts\/163621\/revisions"}],"predecessor-version":[{"id":163643,"href":"https:\/\/grandepremio.com\/br\/wp-json\/wp\/v2\/posts\/163621\/revisions\/163643"}],"wp:featuredmedia":[{"embeddable":true,"href":"https:\/\/grandepremio.com\/br\/wp-json\/wp\/v2\/media\/1020313010"}],"wp:attachment":[{"href":"https:\/\/grandepremio.com\/br\/wp-json\/wp\/v2\/media?parent=163621"}],"wp:term":[{"taxonomy":"category","embeddable":true,"href":"https:\/\/grandepremio.com\/br\/wp-json\/wp\/v2\/categories?post=163621"},{"taxonomy":"post_tag","embeddable":true,"href":"https:\/\/grandepremio.com\/br\/wp-json\/wp\/v2\/tags?post=163621"},{"taxonomy":"42wp_author","embeddable":true,"href":"https:\/\/grandepremio.com\/br\/wp-json\/wp\/v2\/42wp_author?post=163621"}],"curies":[{"name":"wp","href":"https:\/\/api.w.org\/{rel}","templated":true}]}}