{"id":163684,"date":"2026-08-27T07:03:31","date_gmt":"2026-08-27T10:03:31","guid":{"rendered":"https:\/\/grandepremio.com\/br\/?p=163684"},"modified":"2026-08-27T07:03:33","modified_gmt":"2026-08-27T10:03:33","slug":"pramac-saida-jack-miller-decisao-dificil-frisa-merece-seguir-estrutura","status":"publish","type":"post","link":"https:\/\/grandepremio.com\/br\/motogp\/pramac-saida-jack-miller-decisao-dificil-frisa-merece-seguir-estrutura\/","title":{"rendered":"Pramac diz que sa\u00edda de Miller \u00e9 \u201cdecis\u00e3o dif\u00edcil\u201d e frisa: \u201cMerece seguir na estrutura\u201d"},"content":{"rendered":"\n<p class=\"wp-block-paragraph\">Chefe da Pramac, Gino Borsoi afirmou que a decis\u00e3o pelo div\u00f3rcio com Jack Miller foi \u201cdif\u00edcil\u201d. O dirigente reconheceu que momentos como este fazem parte da natureza do esporte, mas ponderou que o australiano merece seguir como parte da estrutura.<\/p>\n\n\n\n<p class=\"wp-block-paragraph\">Miller tem duas passagens pela Pramac: a primeira entre 2018 e 2020, quando a equipe utilizava equipamento Ducati, e a segunda a partir de 2025, quando o time de Paolo Campinoti j\u00e1 era um aliado da Yamaha.<\/p>\n\n\n\n<figure class=\"wp-block-embed is-type-video is-provider-youtube wp-block-embed-youtube wp-embed-aspect-16-9 wp-has-aspect-ratio\"><div class=\"wp-block-embed__wrapper\">\n<iframe loading=\"lazy\" title=\"MOTOGP CHEGA A ARAG\u00c3O COM APRILIA PRONTA PARA DESTRONAR MARC M\u00c1RQUEZ | Motoca GP\" width=\"500\" height=\"281\" src=\"https:\/\/www.youtube.com\/embed\/CSKIY6iS5Qc?feature=oembed\" frameborder=\"0\" allow=\"accelerometer; autoplay; clipboard-write; encrypted-media; gyroscope; picture-in-picture; web-share\" referrerpolicy=\"strict-origin-when-cross-origin\" allowfullscreen><\/iframe>\n<\/div><\/figure>\n\n\n\n<p class=\"wp-block-paragraph\">Nesta quinta-feira (27), por\u00e9m, Yamaha e Pramac anunciaram que a rela\u00e7\u00e3o profissional chega ao fim no encerramento da temporada 2026 da MotoGP.<\/p>\n\n\n\n<p class=\"wp-block-paragraph\">\u201cQuero mandar um enorme abra\u00e7o para Jack. Ao longo desses dois anos, ele mostrou ser um ativo muito importante tanto para o projeto da Yamaha quanto para a nossa equipe. Ele sempre d\u00e1 o m\u00e1ximo de sim, e isso \u00e9 algo que temos de reconhecer e agradecer, pois mesmo nos momentos mais dif\u00edceis, ele nunca deixou de lutar\u201d, frisou Borsoi. \u201cAl\u00e9m do piloto, Jack \u00e9 uma grande pessoa e \u00e9 uma pena quando os caminhos da equipe e de algu\u00e9m com a personalidade e n\u00edvel dele se separam\u201d, lamentou.<\/p>\n\n\n\n<figure class=\"wp-block-image size-large\"><img loading=\"lazy\" decoding=\"async\" width=\"1024\" height=\"682\" src=\"https:\/\/grandepremio.com\/br\/wp-content\/uploads\/2026\/07\/YFR_050226__AND0336-1024x682.jpg\" alt=\"MotoGP 2026 Pramac Yamaha Gino Borsoi\" class=\"wp-image-1020308918\" srcset=\"https:\/\/grandepremio.com\/wp-content\/uploads\/2026\/07\/YFR_050226__AND0336-1024x682.jpg 1024w, https:\/\/grandepremio.com\/wp-content\/uploads\/2026\/07\/YFR_050226__AND0336-300x200.jpg 300w, https:\/\/grandepremio.com\/wp-content\/uploads\/2026\/07\/YFR_050226__AND0336-768x512.jpg 768w, https:\/\/grandepremio.com\/wp-content\/uploads\/2026\/07\/YFR_050226__AND0336-1536x1023.jpg 1536w, https:\/\/grandepremio.com\/wp-content\/uploads\/2026\/07\/YFR_050226__AND0336-150x100.jpg 150w, https:\/\/grandepremio.com\/wp-content\/uploads\/2026\/07\/YFR_050226__AND0336.jpg 1600w\" sizes=\"(max-width: 1024px) 100vw, 1024px\" \/><figcaption class=\"wp-element-caption\">Gino Borsoi apontou a dificuldade em se separar de Jack Miller (Foto: Yamaha)<\/figcaption><\/figure>\n\n\n\n<p class=\"wp-block-paragraph\">\u201cInfelizmente, isso faz parte do nosso mundo. \u00c0s vezes, as equipes e f\u00e1bricas precisam tomar decis\u00f5es dif\u00edceis, e essa, com certeza, foi uma das mais dif\u00edceis, n\u00e3o apenas para a equipe, mas para mim pessoalmente\u201d, admitiu. \u201cUm piloto e uma pessoa como Jack merece seguir parte da estrutura, mas esporte e esporte e, cedo ou tarde, \u00e0s vezes os caminhos precisam se separar. S\u00f3 podemos agradec\u00ea-lo por tudo que ele nos deu e desejar a ele o melhor para o futuro\u201d, encerrou.<\/p>\n\n\n\n<p class=\"wp-block-paragraph\">O an\u00fancio desta quinta abre caminho n\u00e3o apenas para a confirma\u00e7\u00e3o do substituto de Miller na Pramac, mas tamb\u00e9m para o an\u00fancio do futuro profissional do #43. A expectativa \u00e9 de que Iz\u00e1n Guevara suba da Moto2 para formar par com Toprak Razgatlioglu, enquanto o australiano siga competindo, mas agora no Mundial de Superbike.<\/p>\n\n\n\n<p class=\"wp-block-paragraph\">A&nbsp;<strong>MotoGP<\/strong>&nbsp;<strong>volta a acelerar entre os dias 28 a 30 de agosto para o<\/strong>&nbsp;<strong>GP de Arag\u00e3o<\/strong>, 13\u00aa etapa da temporada 2026. O&nbsp;<strong>GRANDE PR\u00caMIO<\/strong>&nbsp;acompanha toda a programa\u00e7\u00e3o do fim de semana, assim como as demais categorias do&nbsp;Mundial de Motovelocidade.<\/p>\n","protected":false},"excerpt":{"rendered":"<p>Chefe da Pramac, Gino Borsoi admitiu que a decis\u00e3o pelo div\u00f3rcio com Jack Miller foi bastante dif\u00edcil. Dirigente exaltou a personalidade do australiano e lamentou que os caminhos tenham de se separar<\/p>\n","protected":false},"author":10,"featured_media":1020313014,"comment_status":"closed","ping_status":"closed","sticky":false,"template":"","format":"standard","meta":{"42wp_featured_image_caption":"Jack Miller vai deixar a Pramac no fim da temporada 2026 da MotoGP","42wp_featured_image_credits":"Pramac","42wp_featured_video":"","42wp_featured_image_hidden":false,"42wp_authors_list":[{"id":47113,"location":"de S\u00e3o Paulo"}],"footnotes":""},"categories":[8],"tags":[1975,136,172],"42wp_author":[47113],"class_list":["post-163684","post","type-post","status-publish","format-standard","has-post-thumbnail","hentry","category-motogp","tag-jack-miller","tag-pramac","tag-yamaha","42wp_author-juliana-tesser"],"_links":{"self":[{"href":"https:\/\/grandepremio.com\/br\/wp-json\/wp\/v2\/posts\/163684","targetHints":{"allow":["GET"]}}],"collection":[{"href":"https:\/\/grandepremio.com\/br\/wp-json\/wp\/v2\/posts"}],"about":[{"href":"https:\/\/grandepremio.com\/br\/wp-json\/wp\/v2\/types\/post"}],"author":[{"embeddable":true,"href":"https:\/\/grandepremio.com\/br\/wp-json\/wp\/v2\/users\/10"}],"replies":[{"embeddable":true,"href":"https:\/\/grandepremio.com\/br\/wp-json\/wp\/v2\/comments?post=163684"}],"version-history":[{"count":2,"href":"https:\/\/grandepremio.com\/br\/wp-json\/wp\/v2\/posts\/163684\/revisions"}],"predecessor-version":[{"id":163688,"href":"https:\/\/grandepremio.com\/br\/wp-json\/wp\/v2\/posts\/163684\/revisions\/163688"}],"wp:featuredmedia":[{"embeddable":true,"href":"https:\/\/grandepremio.com\/br\/wp-json\/wp\/v2\/media\/1020313014"}],"wp:attachment":[{"href":"https:\/\/grandepremio.com\/br\/wp-json\/wp\/v2\/media?parent=163684"}],"wp:term":[{"taxonomy":"category","embeddable":true,"href":"https:\/\/grandepremio.com\/br\/wp-json\/wp\/v2\/categories?post=163684"},{"taxonomy":"post_tag","embeddable":true,"href":"https:\/\/grandepremio.com\/br\/wp-json\/wp\/v2\/tags?post=163684"},{"taxonomy":"42wp_author","embeddable":true,"href":"https:\/\/grandepremio.com\/br\/wp-json\/wp\/v2\/42wp_author?post=163684"}],"curies":[{"name":"wp","href":"https:\/\/api.w.org\/{rel}","templated":true}]}}