{"id":163691,"date":"2026-08-27T10:18:38","date_gmt":"2026-08-27T13:18:38","guid":{"rendered":"https:\/\/grandepremio.com\/br\/?p=163691"},"modified":"2026-08-27T10:21:52","modified_gmt":"2026-08-27T13:21:52","slug":"lewis-hamilton-cita-orgulho-evolucao-ferrari-em-2026-mas-execucao-tem-de-melhorar","status":"publish","type":"post","link":"https:\/\/grandepremio.com\/br\/f1\/lewis-hamilton-cita-orgulho-evolucao-ferrari-em-2026-mas-execucao-tem-de-melhorar\/","title":{"rendered":"Hamilton cita orgulho por evolu\u00e7\u00e3o da Ferrari em 2026. Mas &#8220;execu\u00e7\u00e3o pode ser melhor&#8221;"},"content":{"rendered":"\n<p class=\"wp-block-paragraph\">Embora ciente de que ainda h\u00e1 \u00e1reas do carro que precisam ser desenvolvidas, Lewis Hamilton elogiou a evolu\u00e7\u00e3o apresentada pela Ferrari at\u00e9 aqui na temporada 2026 da F\u00f3rmula 1. O heptacampe\u00e3o, contudo, <strong>fez um adendo quanto \u00e0 execu\u00e7\u00e3o das opera\u00e7\u00f5es, que pode ser &#8220;melhor&#8221;<\/strong>.<\/p>\n\n\n\n<p class=\"wp-block-paragraph\">Hamilton falou sobre o trabalho da Ferrari durante a passagem da F1 pelos Pa\u00edses Baixos, no \u00faltimo final de semana. Em coletiva acompanhada pelo<strong> GRANDE PR\u00caMIO<\/strong>, afirmou que o novo regulamento tem sido desafiador para todos, mas que h\u00e1 muita confian\u00e7a em Maranello.<\/p>\n\n\n\n<figure class=\"wp-block-embed is-type-video is-provider-youtube wp-block-embed-youtube wp-embed-aspect-16-9 wp-has-aspect-ratio\"><div class=\"wp-block-embed__wrapper\">\n<iframe loading=\"lazy\" title=\"BATALHA SEGUE ABERTA NA F1 | TT GP #233\" width=\"500\" height=\"281\" src=\"https:\/\/www.youtube.com\/embed\/Bm8EnKYBjAg?start=956&amp;feature=oembed\" frameborder=\"0\" allow=\"accelerometer; autoplay; clipboard-write; encrypted-media; gyroscope; picture-in-picture; web-share\" referrerpolicy=\"strict-origin-when-cross-origin\" allowfullscreen><\/iframe>\n<\/div><\/figure>\n\n\n\n<p class=\"wp-block-paragraph\">&#8220;Ainda precisamos continuar evoluindo o carro. Definitivamente temos muitas \u00e1reas que precisamos melhorar. Mas percorremos um caminho muito, muito longo. E estamos realmente orgulhosos dos passos que demos antes do in\u00edcio desta temporada e ao longo dela&#8221;, avaliou Lewis.<\/p>\n\n\n\n<p class=\"wp-block-paragraph\">&#8220;Foi um desafio enorme para todas as equipes. Todas cometeram erros, naturalmente, com os novos regulamentos. E, sim, s\u00f3 precisamos continuar correndo atr\u00e1s. Todos est\u00e3o muito motivados e realmente focados dentro da equipe. H\u00e1 muita confian\u00e7a no time, o que \u00e9 incr\u00edvel de ver&#8221;, acrescentou.<\/p>\n\n\n\n<p class=\"wp-block-paragraph\"><strong>A pr\u00f3xima etapa do calend\u00e1rio \u00e9 o GP da It\u00e1lia<\/strong>, corrida que tem um peso diferente para a Ferrari por ser em casa. <strong>A prepara\u00e7\u00e3o para Monza costuma ser diferenciada, e Hamilton reconheceu que este \u00e9 o ponto que precisa ser aprimorado<\/strong> na segunda metade do campeonato.<\/p>\n\n\n\n<figure class=\"wp-block-image size-large\"><img loading=\"lazy\" decoding=\"async\" width=\"1024\" height=\"576\" src=\"https:\/\/grandepremio.com\/br\/wp-content\/uploads\/2026\/08\/f1-2026-paises-baixos-corrida-ferrari-charles-leclerc-lewis-hamilton-01-1024x576.jpg\" alt=\"F1 2026, PAISES BAIXOS, CORRIDA, FERRARI, CHARLES LECLERC, LEWIS HAMILTON\" class=\"wp-image-1020312798\" srcset=\"https:\/\/grandepremio.com\/wp-content\/uploads\/2026\/08\/f1-2026-paises-baixos-corrida-ferrari-charles-leclerc-lewis-hamilton-01-1024x576.jpg 1024w, https:\/\/grandepremio.com\/wp-content\/uploads\/2026\/08\/f1-2026-paises-baixos-corrida-ferrari-charles-leclerc-lewis-hamilton-01-300x169.jpg 300w, https:\/\/grandepremio.com\/wp-content\/uploads\/2026\/08\/f1-2026-paises-baixos-corrida-ferrari-charles-leclerc-lewis-hamilton-01-768x432.jpg 768w, https:\/\/grandepremio.com\/wp-content\/uploads\/2026\/08\/f1-2026-paises-baixos-corrida-ferrari-charles-leclerc-lewis-hamilton-01-1536x864.jpg 1536w, https:\/\/grandepremio.com\/wp-content\/uploads\/2026\/08\/f1-2026-paises-baixos-corrida-ferrari-charles-leclerc-lewis-hamilton-01-1200x675.jpg 1200w, https:\/\/grandepremio.com\/wp-content\/uploads\/2026\/08\/f1-2026-paises-baixos-corrida-ferrari-charles-leclerc-lewis-hamilton-01-150x84.jpg 150w, https:\/\/grandepremio.com\/wp-content\/uploads\/2026\/08\/f1-2026-paises-baixos-corrida-ferrari-charles-leclerc-lewis-hamilton-01.jpg 1920w\" sizes=\"(max-width: 1024px) 100vw, 1024px\" \/><figcaption class=\"wp-element-caption\">A Ferrari j\u00e1 venceu duas corridas em 2026 (Foto: Reprodu\u00e7\u00e3o\/F1)<\/figcaption><\/figure>\n\n\n\n<p class=\"wp-block-paragraph\">&#8220;Estamos continuamente adicionando desempenho e levando o carro adiante. Ent\u00e3o n\u00e3o h\u00e1 muito mais que eu possa pedir. N\u00e3o acho que possa pedir mais nada \u00e0 equipe, a n\u00e3o ser que, na segunda metade da temporada, tenhamos de tentar executar melhor as coisas&#8221;, finalizou.<\/p>\n\n\n\n<p class=\"wp-block-paragraph\">A F\u00f3rmula 1 volta de 4 a 6 de setembro em Monza, palco do GP da It\u00e1lia, 13\u00aa etapa da temporada 2026.<\/p>\n","protected":false},"excerpt":{"rendered":"<p>Lewis Hamilton disse que n\u00e3o h\u00e1 mais nada o que pedir \u00e0 Ferrari, a n\u00e3o ser que &#8220;tenha de executar melhor as coisas&#8221; na segunda metade da temporada 2026<\/p>\n","protected":false},"author":4,"featured_media":1020312354,"comment_status":"closed","ping_status":"closed","sticky":false,"template":"","format":"standard","meta":{"42wp_featured_image_caption":"Lewis Hamilton \u00e9 o vice-l\u00edder do Mundial de 2026","42wp_featured_image_credits":"Reprodu\u00e7\u00e3o\/F1","42wp_featured_video":"","42wp_featured_image_hidden":false,"42wp_authors_list":[{"id":47147,"location":"de Duque de Caxias"},{"id":47165,"location":"de Zandvoort"}],"footnotes":""},"categories":[2],"tags":[207,87],"42wp_author":[47165,47147],"class_list":["post-163691","post","type-post","status-publish","format-standard","has-post-thumbnail","hentry","category-f1","tag-ferrari","tag-lewis-hamilton","42wp_author-leonid-kluiev","42wp_author-luana-marino"],"_links":{"self":[{"href":"https:\/\/grandepremio.com\/br\/wp-json\/wp\/v2\/posts\/163691","targetHints":{"allow":["GET"]}}],"collection":[{"href":"https:\/\/grandepremio.com\/br\/wp-json\/wp\/v2\/posts"}],"about":[{"href":"https:\/\/grandepremio.com\/br\/wp-json\/wp\/v2\/types\/post"}],"author":[{"embeddable":true,"href":"https:\/\/grandepremio.com\/br\/wp-json\/wp\/v2\/users\/4"}],"replies":[{"embeddable":true,"href":"https:\/\/grandepremio.com\/br\/wp-json\/wp\/v2\/comments?post=163691"}],"version-history":[{"count":3,"href":"https:\/\/grandepremio.com\/br\/wp-json\/wp\/v2\/posts\/163691\/revisions"}],"predecessor-version":[{"id":163797,"href":"https:\/\/grandepremio.com\/br\/wp-json\/wp\/v2\/posts\/163691\/revisions\/163797"}],"wp:featuredmedia":[{"embeddable":true,"href":"https:\/\/grandepremio.com\/br\/wp-json\/wp\/v2\/media\/1020312354"}],"wp:attachment":[{"href":"https:\/\/grandepremio.com\/br\/wp-json\/wp\/v2\/media?parent=163691"}],"wp:term":[{"taxonomy":"category","embeddable":true,"href":"https:\/\/grandepremio.com\/br\/wp-json\/wp\/v2\/categories?post=163691"},{"taxonomy":"post_tag","embeddable":true,"href":"https:\/\/grandepremio.com\/br\/wp-json\/wp\/v2\/tags?post=163691"},{"taxonomy":"42wp_author","embeddable":true,"href":"https:\/\/grandepremio.com\/br\/wp-json\/wp\/v2\/42wp_author?post=163691"}],"curies":[{"name":"wp","href":"https:\/\/api.w.org\/{rel}","templated":true}]}}