{"id":163710,"date":"2026-08-27T09:34:44","date_gmt":"2026-08-27T12:34:44","guid":{"rendered":"https:\/\/grandepremio.com\/br\/?p=163710"},"modified":"2026-08-27T09:36:55","modified_gmt":"2026-08-27T12:36:55","slug":"izan-guevara-assina-pramac-como-esta-grid-motogp-temporada-2027","status":"publish","type":"post","link":"https:\/\/grandepremio.com\/br\/motogp\/izan-guevara-assina-pramac-como-esta-grid-motogp-temporada-2027\/","title":{"rendered":"Guevara assina com Pramac: como est\u00e1 grid da MotoGP para temporada 2027"},"content":{"rendered":"\n<p class=\"wp-block-paragraph\"><strong>Izan Guevara foi confirmado pela Yamaha <\/strong>nesta quinta-feira (27) como<strong> piloto da Pramac para a temporada 2027 da MotoGP <\/strong>e praticamente encerrou o mercado da categoria visando o pr\u00f3ximo ano. O espanhol substituir\u00e1 <strong>Jack Miller <\/strong>e ter\u00e1 <strong>Toprak Razgatlioglu <\/strong>como companheiro, deixando apenas<strong> duas vagas abertas no grid.<\/strong><\/p>\n\n\n\n<p class=\"wp-block-paragraph\">Guevara chega \u00e0 Pramac depois de uma temporada na Moto2 e completa a movimenta\u00e7\u00e3o da Yamaha para formar a dupla da estrutura sat\u00e9lite no in\u00edcio da nova era <strong>t\u00e9cnica da MotoGP. Com a contrata\u00e7\u00e3o, <\/strong>Miller fica sem vaga confirmada para 2027 e com <strong>sa\u00edda encaminhada da MotoGP para disputar o Mundial de Superbike.<\/strong><\/p>\n\n\n\n<figure class=\"wp-block-embed is-type-video is-provider-youtube wp-block-embed-youtube wp-embed-aspect-16-9 wp-has-aspect-ratio\"><div class=\"wp-block-embed__wrapper\">\n<iframe loading=\"lazy\" title=\"MOTOGP CHEGA A ARAG\u00c3O COM APRILIA PRONTA PARA DESTRONAR MARC M\u00c1RQUEZ | Motoca GP\" width=\"500\" height=\"281\" src=\"https:\/\/www.youtube.com\/embed\/CSKIY6iS5Qc?feature=oembed\" frameborder=\"0\" allow=\"accelerometer; autoplay; clipboard-write; encrypted-media; gyroscope; picture-in-picture; web-share\" referrerpolicy=\"strict-origin-when-cross-origin\" allowfullscreen><\/iframe>\n<\/div><\/figure>\n\n\n\n<p class=\"wp-block-paragraph\">A confirma\u00e7\u00e3o do espanhol deixou apenas duas posi\u00e7\u00f5es dispon\u00edveis no grid da pr\u00f3xima temporada, sendo uma delas na <strong>Tech3<\/strong>, que anunciou nesta semana a renova\u00e7\u00e3o contratual de <strong>Luca Marini<\/strong>. A segunda vaga segue indefinida em meio ao <strong>imbr\u00f3glio envolvendo Maverick Vi\u00f1ales<\/strong>, pois o espanhol chegou a afirmar que havia recebido um novo contrato da <strong>KTM <\/strong>para continuar na <strong>Tech3<\/strong>, mas o acordo acabou invalidado posteriormente.<\/p>\n\n\n\n<p class=\"wp-block-paragraph\">A outra posi\u00e7\u00e3o em aberto est\u00e1 na <strong>VR46<\/strong>, que anunciou <strong>Ferm\u00edn Aldeguer <\/strong>para 2027 e oficializou o companheiro do espanhol, mas ainda n\u00e3o definiu a segunda vaga. Na <strong>Honda<\/strong>, <strong>Fabio Quartararo <\/strong>est\u00e1 confirmado para a pr\u00f3xima temporada, mas a equipe de f\u00e1brica ainda precisa definir o segundo piloto, posi\u00e7\u00e3o disputada pelo brasileiro <strong>Diego Moreira <\/strong>e por <strong>David Alonso<\/strong>.<\/p>\n\n\n\n<figure class=\"wp-block-image size-large\"><img loading=\"lazy\" decoding=\"async\" width=\"1200\" height=\"800\" src=\"https:\/\/grandepremio.com\/br\/wp-content\/uploads\/2026\/06\/MotoGP-2026-Hungria-Balaton-Park-Domingo-Pramac-Jack-Miller2-1200x800.jpg\" alt=\"\" class=\"wp-image-1001096940\" srcset=\"https:\/\/grandepremio.com\/wp-content\/uploads\/2026\/06\/MotoGP-2026-Hungria-Balaton-Park-Domingo-Pramac-Jack-Miller2-1200x800.jpg 1200w, https:\/\/grandepremio.com\/wp-content\/uploads\/2026\/06\/MotoGP-2026-Hungria-Balaton-Park-Domingo-Pramac-Jack-Miller2-300x200.jpg 300w, https:\/\/grandepremio.com\/wp-content\/uploads\/2026\/06\/MotoGP-2026-Hungria-Balaton-Park-Domingo-Pramac-Jack-Miller2-768x512.jpg 768w, https:\/\/grandepremio.com\/wp-content\/uploads\/2026\/06\/MotoGP-2026-Hungria-Balaton-Park-Domingo-Pramac-Jack-Miller2-1536x1024.jpg 1536w, https:\/\/grandepremio.com\/wp-content\/uploads\/2026\/06\/MotoGP-2026-Hungria-Balaton-Park-Domingo-Pramac-Jack-Miller2-150x100.jpg 150w, https:\/\/grandepremio.com\/wp-content\/uploads\/2026\/06\/MotoGP-2026-Hungria-Balaton-Park-Domingo-Pramac-Jack-Miller2.jpg 1600w\" sizes=\"(max-width: 1200px) 100vw, 1200px\" \/><figcaption class=\"wp-element-caption\">Jack Miller deve disputar temporada 2027 do Mundial de Superbike (Foto: Pramac)<\/figcaption><\/figure>\n\n\n\n<p class=\"wp-block-paragraph\">A <strong>Yamaha<\/strong>, por sua vez, j\u00e1 tem <strong>Jorge Mart\u00edn <\/strong>e <strong>Ai Ogura <\/strong>confirmados para 2027, enquanto a <strong>KTM <\/strong>fechou a dupla da equipe de f\u00e1brica com <strong>\u00c1lex M\u00e1rquez <\/strong>e <strong>Fabio Di Giannantonio<\/strong>. Na <strong>Ducati<\/strong>, <strong>Marc M\u00e1rquez <\/strong>renovou contrato at\u00e9 o fim de 2028 e ter\u00e1 <strong>Pedro Acosta <\/strong>como companheiro.<\/p>\n\n\n\n<p class=\"wp-block-paragraph\">Al\u00e9m disso, a <strong>Aprilia <\/strong>tamb\u00e9m definiu a forma\u00e7\u00e3o para o novo ciclo, com <strong>Marco Bezzecchi<\/strong>, que possui v\u00ednculo at\u00e9 2028, ao lado de <strong>Francesco Bagnaia<\/strong>; o italiano assinou contrato de quatro temporadas. Por fim, a <strong>Gresini <\/strong>j\u00e1 tem <strong>Joan Mir <\/strong>e <strong>Dani Holgado <\/strong>oficializados para 2027.<\/p>\n\n\n\n<h3 class=\"wp-block-heading\">MotoGP 2027, Grid provis\u00f3rio:<\/h3>\n\n\n\n<figure class=\"wp-block-table\"><table class=\"has-fixed-layout\"><tbody><tr><td><strong>EQUIPE<\/strong><\/td><td><strong>PILOTO<\/strong><\/td><td><strong>SITUA\u00c7\u00c3O<\/strong><\/td><\/tr><tr><td>HONDA<\/td><td>F QUARTARARO<\/td><td>Contrato at\u00e9 o fim de 2028<\/td><\/tr><tr><td>HONDA<\/td><td>D MOREIRA OU D ALONSO<\/td><td>Contratos HRC<\/td><\/tr><tr><td>YAMAHA<\/td><td>J MART\u00cdN<\/td><td>Contrato at\u00e9 o fim de 2028<\/td><\/tr><tr><td>YAMAHA<\/td><td>A OGURA<\/td><td>Contrato at\u00e9 o fim de 2028<\/td><\/tr><tr><td>DUCATI<\/td><td>M M\u00c1RQUEZ<\/td><td>Contrato at\u00e9 o fim de 2028<\/td><\/tr><tr><td>DUCATI<\/td><td>P ACOSTA<\/td><td>Contrato at\u00e9 o fim de 2028<\/td><\/tr><tr><td>APRILIA<\/td><td>M BEZZECCHI<\/td><td>Contrato at\u00e9 o fim de 2028<\/td><\/tr><tr><td>APRILIA<\/td><td>F BAGNAIA<\/td><td>Contrato at\u00e9 o fim de 2030<\/td><\/tr><tr><td>KTM<\/td><td>\u00c1 M\u00c1RQUEZ<\/td><td>Contrato multianual<\/td><\/tr><tr><td>KTM<\/td><td>F DI GIANNANTONIO<\/td><td>Contrato multianual<\/td><\/tr><tr><td>LCR<\/td><td>J ZARCO<\/td><td>Contrato at\u00e9 o fim de 2027 &#8211; HRC<\/td><\/tr><tr><td>LCR<\/td><td>D MOREIRA OU D ALONSO<\/td><td>Contratos HRC<\/td><\/tr><tr><td>PRAMAC<\/td><td>T RAZGATLIOGLU<\/td><td>Contrato at\u00e9 o fim de 2027 &#8211; YAMAHA<\/td><\/tr><tr><td>PRAMAC<\/td><td>I GUEVARA<\/td><td>Contrato at\u00e9 o fim de 2027 &#8211; YAMAHA<\/td><\/tr><tr><td>GRESINI<\/td><td>J MIR<\/td><td>&nbsp;<\/td><\/tr><tr><td>GRESINI<\/td><td>D HOLGADO<\/td><td>&nbsp;<\/td><\/tr><tr><td>VR46<\/td><td>F ALDEGUER<\/td><td>Contrato at\u00e9 o fim de 2028<\/td><\/tr><tr><td>VR46<\/td><td>&nbsp;<\/td><td>&nbsp;<\/td><\/tr><tr><td>TECH3<\/td><td>L MARINI<\/td><td>Contrato at\u00e9 o fim de 2028<\/td><\/tr><tr><td>TECH3<\/td><td>&nbsp;<\/td><td>&nbsp;<\/td><\/tr><tr><td>TRACKHOUSE<\/td><td>R FERN\u00c1NDEZ<\/td><td>Contrato at\u00e9 o fim de 2028<\/td><\/tr><tr><td>TRACKHOUSE<\/td><td>E BASTIANINI<\/td><td>Contrato at\u00e9 o fim de 2028<\/td><\/tr><\/tbody><\/table><\/figure>\n\n\n\n<p class=\"wp-block-paragraph\"><\/p>\n","protected":false},"excerpt":{"rendered":"<p>Izan Guevara substituir\u00e1 Jack Miller e ter\u00e1 Toprak Razgatlioglu como companheiro de equipe na pr\u00f3xima temporada; MotoGP 2027 possui apenas duas vagas restantes no grid<\/p>\n","protected":false},"author":39,"featured_media":1001086518,"comment_status":"closed","ping_status":"closed","sticky":false,"template":"","format":"standard","meta":{"42wp_featured_image_caption":"Izan Guevara","42wp_featured_image_credits":"Pramac Yamaha","42wp_featured_video":"","42wp_featured_image_hidden":false,"42wp_authors_list":[{"id":47171,"location":"do Rio de Janeiro"}],"footnotes":""},"categories":[8],"tags":[29253,136],"42wp_author":[47171],"class_list":["post-163710","post","type-post","status-publish","format-standard","has-post-thumbnail","hentry","category-motogp","tag-izan-guevara","tag-pramac","42wp_author-fabricio-carvalho"],"_links":{"self":[{"href":"https:\/\/grandepremio.com\/br\/wp-json\/wp\/v2\/posts\/163710","targetHints":{"allow":["GET"]}}],"collection":[{"href":"https:\/\/grandepremio.com\/br\/wp-json\/wp\/v2\/posts"}],"about":[{"href":"https:\/\/grandepremio.com\/br\/wp-json\/wp\/v2\/types\/post"}],"author":[{"embeddable":true,"href":"https:\/\/grandepremio.com\/br\/wp-json\/wp\/v2\/users\/39"}],"replies":[{"embeddable":true,"href":"https:\/\/grandepremio.com\/br\/wp-json\/wp\/v2\/comments?post=163710"}],"version-history":[{"count":3,"href":"https:\/\/grandepremio.com\/br\/wp-json\/wp\/v2\/posts\/163710\/revisions"}],"predecessor-version":[{"id":163772,"href":"https:\/\/grandepremio.com\/br\/wp-json\/wp\/v2\/posts\/163710\/revisions\/163772"}],"wp:featuredmedia":[{"embeddable":true,"href":"https:\/\/grandepremio.com\/br\/wp-json\/wp\/v2\/media\/1001086518"}],"wp:attachment":[{"href":"https:\/\/grandepremio.com\/br\/wp-json\/wp\/v2\/media?parent=163710"}],"wp:term":[{"taxonomy":"category","embeddable":true,"href":"https:\/\/grandepremio.com\/br\/wp-json\/wp\/v2\/categories?post=163710"},{"taxonomy":"post_tag","embeddable":true,"href":"https:\/\/grandepremio.com\/br\/wp-json\/wp\/v2\/tags?post=163710"},{"taxonomy":"42wp_author","embeddable":true,"href":"https:\/\/grandepremio.com\/br\/wp-json\/wp\/v2\/42wp_author?post=163710"}],"curies":[{"name":"wp","href":"https:\/\/api.w.org\/{rel}","templated":true}]}}