{"id":16380,"date":"2025-10-13T06:57:00","date_gmt":"2025-10-13T09:57:00","guid":{"rendered":"https:\/\/grandepremio.com\/br\/noticias\/lewis-hamilton-elogia-diz-obcecado-frederic-vasseur-nao-mudou-nada-ao-longo-dos-anos\/"},"modified":"2025-10-13T08:04:07","modified_gmt":"2025-10-13T11:04:07","slug":"lewis-hamilton-elogia-diz-obcecado-frederic-vasseur-nao-mudou-nada-ao-longo-dos-anos","status":"publish","type":"post","link":"https:\/\/grandepremio.com\/br\/f1\/lewis-hamilton-elogia-diz-obcecado-frederic-vasseur-nao-mudou-nada-ao-longo-dos-anos\/","title":{"rendered":"Hamilton elogia e diz que &#8220;obcecado&#8221; Vasseur &#8220;n\u00e3o mudou nada ao longo dos anos&#8221;"},"content":{"rendered":"\n<p class=\"wp-block-paragraph\">Ainda buscando se encontrar na <strong><a href=\"https:\/\/www.grandepremio.com\/br\/f1\/\">F\u00f3rmula 1<\/a><\/strong> com a <strong>Ferrari<\/strong>, <strong>Lewis Hamilton<\/strong> adotou tom de brincadeira ao comentar o jeito de trabalhar do chefe, <strong>Fr\u00e9d\u00e9ric Vasseur<\/strong>. Para o heptacampe\u00e3o mundial, o franc\u00eas &#8220;n\u00e3o mudou nada&#8221; ao longo dos anos.<\/p>\n\n\n\n<p class=\"wp-block-paragraph\">Antes do reencontro no time de <strong>Maranello<\/strong>, Lewis e Vasseur trabalharam juntos nas categorias de base na <strong>ART<\/strong> \u2014 equipe que o engenheiro ajudou a fundar \u2014 e conquistou com ele o t\u00edtulo da <strong>GP2<\/strong> \u2014 atual <strong>F\u00f3rmula 2<\/strong> \u2014 em 2006.<\/p>\n\n\n\n<p class=\"wp-block-paragraph\">Questionado se Vasseur havia mudado nas \u00faltimas duas d\u00e9cadas, Hamilton respondeu rindo ao <em>GP Blog<\/em>. &#8220;N\u00e3o o Fred, n\u00e3o. Ele ainda usa as mesmas roupas e \u00e9 exatamente o mesmo de antes. Tudo continua igual, eu diria&#8221;, disse o <strong>#44<\/strong>.<\/p>\n\n\n\n<p class=\"wp-block-paragraph\">O heptacampe\u00e3o aproveitou para elogiar o estilo de trabalho do dirigente, que chegou para trabalhar na Ferrari na temporada de 2023 ap\u00f3s atuar por <strong>Renault<\/strong>, <strong>Sauber<\/strong> e <strong>Alfa Romeo<\/strong> entre 2016 e 2022.<\/p>\n\n\n\n<figure class=\"wp-block-image size-large\"><img decoding=\"async\" src=\"https:\/\/www.grandepremio.com\/br\/wp-content\/uploads\/2025\/03\/australia-2025-f1-quinta-feira-ferrari-lewis-hamilton-frederic-vasseur-01-1200x800.jpeg\" alt=\"\" class=\"wp-image-937273\"\/><figcaption class=\"wp-element-caption\">Fr\u00e9d\u00e9ric Vasseur e Lewis Hamilton (Foto: Ferrari)<\/figcaption><\/figure>\n\n\n\n<p class=\"wp-block-paragraph\"><strong>\u25b6\ufe0f&nbsp;Inscreva-se nos dois canais do GRANDE PR\u00caMIO no YouTube:&nbsp;<a href=\"https:\/\/www.youtube.com\/channel\/UC9OlHEgxoaY6QY6nWPoiqQg?sub_confirmation=1\" target=\"_blank\" rel=\"noreferrer noopener\">GP<\/a>&nbsp;|&nbsp;<a href=\"https:\/\/www.youtube.com\/channel\/UC9csiS6q_C3C0FYhyr1rnFA?sub_confirmation=1\" target=\"_blank\" rel=\"noreferrer noopener\">GP2<\/a><\/strong><\/p>\n\n\n\n<p class=\"wp-block-paragraph\">&#8220;Sempre admirei muito Fred quando estava nas categorias menores. Ele \u00e9 direto, competitivo e focado no desempenho do carro. Trabalhei em equipes que gastavam tempo em outras \u00e1reas, mas Fred sempre foi obcecado por aerodin\u00e2mica e performance \u2014 e \u00e9 isso que define ele at\u00e9 hoje&#8221;, concluiu Hamilton.<\/p>\n\n\n\n<p class=\"wp-block-paragraph\">A\u00a0<strong><a href=\"https:\/\/www.grandepremio.com\/br\/f1\/\" target=\"_blank\" rel=\"noreferrer noopener\"><\/a><a href=\"https:\/\/www.grandepremio.com\/br\/f1\/\" target=\"_blank\" rel=\"noreferrer noopener\">F\u00f3rmula 1<\/a><\/strong>\u00a0retorna neste fim de semana, de 17 a 19 de outubro,<strong>\u00a0nos Estados Unidos<\/strong>, 19\u00aa etapa da temporada 2025. O\u00a0<strong>GRANDE PR\u00caMIO<\/strong>\u00a0acompanha todas as atividades\u00a0<strong><a href=\"https:\/\/www.grandepremio.com\/br\/f1\/ao-vivo\" target=\"_blank\" rel=\"noreferrer noopener\">AO VIVO E EM\u00a0<\/a><a href=\"https:\/\/www.grandepremio.com\/br\/ao-vivo\/\" target=\"_blank\" rel=\"noreferrer noopener\">TEMPO REAL<\/a><\/strong>, al\u00e9m de classifica\u00e7\u00f5es, sprint e corrida em\u00a0<strong><a href=\"https:\/\/www.youtube.com\/@GrandePremio1\/streams\" target=\"_blank\" rel=\"noreferrer noopener\">SEGUNDA TELA no YouTube<\/a><\/strong>, em parceria com a Voz do Esporte. O\u00a0<strong>Briefing<\/strong>\u00a0chega para analisar ap\u00f3s o fim de cada dia de atividades nas redes sociais e na GPTV. Al\u00e9m da cobertura tradicional, o\u00a0<strong>GRANDE PR\u00caMIO<\/strong>\u00a0estar\u00e1\u00a0<strong>IN LOCO<\/strong>\u00a0em<strong> Austin <\/strong>para acompanhar todas as emo\u00e7\u00f5es da etapa com o rep\u00f3rter\u00a0<strong>Leonid Kliuev<\/strong>.<\/p>\n\n\n\n<p class=\"wp-block-paragraph\"><strong>GP dos Estados Unidos de F1: veja os hor\u00e1rios em Brasil, Cabo Verde,\u00a0<a href=\"https:\/\/grandepremio.pt\/\" target=\"_blank\" rel=\"noreferrer noopener\">Portugal<\/a>, Angola e Mo\u00e7ambique:<\/strong><\/p>\n\n\n\n<figure class=\"wp-block-table\"><table class=\"has-fixed-layout\"><tbody><tr><td><strong>Sess\u00e3o<\/strong><\/td><td><strong>BRA*<\/strong><\/td><td><strong>CBV<\/strong><\/td><td><strong>POR<\/strong><br><strong>ANG<\/strong><\/td><td><strong>MOZ<\/strong><\/td><\/tr><tr><td>Treino livre<\/td><td>14:30<\/td><td>16:30<\/td><td>18:30<\/td><td>19:30<\/td><\/tr><tr><td>Classifica\u00e7\u00e3o sprint<\/td><td>18:30<\/td><td>20:30<\/td><td>22:30<\/td><td>23:30<\/td><\/tr><tr><td>Corrida sprint<\/td><td>14:00<\/td><td>16:00<\/td><td>18:00<\/td><td>19:00<\/td><\/tr><tr><td>Classifica\u00e7\u00e3o<\/td><td>18:00<\/td><td>20:00<\/td><td>22:00<\/td><td>23:00<\/td><\/tr><tr><td>Corrida<\/td><td>16:00<\/td><td>18:00<\/td><td>20:00<\/td><td>21:00<\/td><\/tr><\/tbody><\/table><\/figure>\n\n\n\n<p class=\"wp-block-paragraph\"><em>*Hor\u00e1rio de Bras\u00edlia<\/em><\/p>\n\n\n\n<p class=\"wp-block-paragraph\"><strong>\u25b6\ufe0f&nbsp;Inscreva-se nos dois canais do GRANDE PR\u00caMIO no YouTube:&nbsp;<a href=\"https:\/\/www.youtube.com\/channel\/UC9OlHEgxoaY6QY6nWPoiqQg?sub_confirmation=1\" target=\"_blank\" rel=\"noreferrer noopener\">GP<\/a>&nbsp;|&nbsp;<a href=\"https:\/\/www.youtube.com\/channel\/UC9csiS6q_C3C0FYhyr1rnFA?sub_confirmation=1\" target=\"_blank\" rel=\"noreferrer noopener\">GP2<\/a><\/strong><\/p>\n\n\n\n<figure class=\"wp-block-embed is-type-video is-provider-youtube wp-block-embed-youtube wp-embed-aspect-16-9 wp-has-aspect-ratio\"><div class=\"wp-block-embed__wrapper\">\n<iframe loading=\"lazy\" title=\"DI GRASSI: \u201cQUANDO DIGO QUE BORTOLETO PODE SER PIOR EM 2026 \u00c9 POR ISSO\u2026&quot;\" width=\"500\" height=\"281\" src=\"https:\/\/www.youtube.com\/embed\/GE1q1l6XDRE?feature=oembed\" frameborder=\"0\" allow=\"accelerometer; autoplay; clipboard-write; encrypted-media; gyroscope; picture-in-picture; web-share\" referrerpolicy=\"strict-origin-when-cross-origin\" allowfullscreen><\/iframe>\n<\/div><\/figure>\n","protected":false},"excerpt":{"rendered":"<p>Lewis Hamilton, que trabalhou com Fr\u00e9d\u00e9ric Vasseur na extinta GP2 \u2014 atual F\u00f3rmula 2 \u2014, exaltou o estilo de trabalho do franc\u00eas, a quem definiu como um profissional &#8220;direto, competitivo e focado&#8221;<\/p>\n","protected":false},"author":0,"featured_media":1001003567,"comment_status":"closed","ping_status":"closed","sticky":false,"template":"","format":"standard","meta":{"42wp_featured_image_caption":"","42wp_featured_image_credits":"","42wp_featured_video":"","42wp_featured_image_hidden":false,"42wp_authors_list":[],"footnotes":""},"categories":[2],"tags":[457,26271,5273,147,3630,207,180,3628,2208,1322,496,1491,28285,30840,87,886,35129,229,1197,42001],"42wp_author":[47161],"class_list":["post-16380","post","type-post","status-publish","format-standard","has-post-thumbnail","hentry","category-f1","tag-alfa-romeo","tag-calendario-f1","tag-classificacao-f1","tag-f1","tag-f1-2025","tag-ferrari","tag-formula-1","tag-formula-1-2025","tag-formula-2","tag-frederic-vasseur","tag-gp2","tag-grande-premio","tag-grandepremio","tag-horarios-f1","tag-lewis-hamilton","tag-maranello","tag-onde-assistir-f1","tag-renault","tag-sauber","tag-temporada-2025-f1","42wp_author-kaio-esteves"],"_links":{"self":[{"href":"https:\/\/grandepremio.com\/br\/wp-json\/wp\/v2\/posts\/16380","targetHints":{"allow":["GET"]}}],"collection":[{"href":"https:\/\/grandepremio.com\/br\/wp-json\/wp\/v2\/posts"}],"about":[{"href":"https:\/\/grandepremio.com\/br\/wp-json\/wp\/v2\/types\/post"}],"replies":[{"embeddable":true,"href":"https:\/\/grandepremio.com\/br\/wp-json\/wp\/v2\/comments?post=16380"}],"version-history":[{"count":0,"href":"https:\/\/grandepremio.com\/br\/wp-json\/wp\/v2\/posts\/16380\/revisions"}],"wp:featuredmedia":[{"embeddable":true,"href":"https:\/\/grandepremio.com\/br\/wp-json\/wp\/v2\/media\/1001003567"}],"wp:attachment":[{"href":"https:\/\/grandepremio.com\/br\/wp-json\/wp\/v2\/media?parent=16380"}],"wp:term":[{"taxonomy":"category","embeddable":true,"href":"https:\/\/grandepremio.com\/br\/wp-json\/wp\/v2\/categories?post=16380"},{"taxonomy":"post_tag","embeddable":true,"href":"https:\/\/grandepremio.com\/br\/wp-json\/wp\/v2\/tags?post=16380"},{"taxonomy":"42wp_author","embeddable":true,"href":"https:\/\/grandepremio.com\/br\/wp-json\/wp\/v2\/42wp_author?post=16380"}],"curies":[{"name":"wp","href":"https:\/\/api.w.org\/{rel}","templated":true}]}}