{"id":163815,"date":"2026-08-27T10:47:29","date_gmt":"2026-08-27T13:47:29","guid":{"rendered":"https:\/\/grandepremio.com\/br\/?p=163815"},"modified":"2026-08-27T13:22:24","modified_gmt":"2026-08-27T16:22:24","slug":"johann-zarco-supera-exame-medico-liberado-voltar-motogp-gp-aragao","status":"publish","type":"post","link":"https:\/\/grandepremio.com\/br\/motogp\/johann-zarco-supera-exame-medico-liberado-voltar-motogp-gp-aragao\/","title":{"rendered":"Zarco supera exame m\u00e9dico e \u00e9 liberado para voltar \u00e0 MotoGP no GP de Arag\u00e3o"},"content":{"rendered":"\n<p class=\"wp-block-paragraph\"><strong>102 dias ap\u00f3s sofrer um grave acidente no GP da Catalunha, Johann Zarco est\u00e1 liberado para voltar \u00e0 ativa<\/strong>. O titular da LCR se submeteu nesta quinta-feira (27) a um exame m\u00e9dico no MotorLand de Alca\u00f1iz e conseguiu a aprova\u00e7\u00e3o para voltar \u00e0 MotoGP no GP de Arag\u00e3o deste fim de semana. O piloto, contudo, ter\u00e1 de ser reavaliado ap\u00f3s o primeiro treino livre. <\/p>\n\n\n\n<p class=\"wp-block-paragraph\">No tumultuado GP catal\u00e3o, Zarco caiu na curva 1 na relargada, derrubou Francesco Bagnaia e Luca Marini e acabou com a perna presa na Ducati. No acidente, o #5 sofreu les\u00f5es nos ligamentos.<\/p>\n\n\n\n<figure class=\"wp-block-embed is-type-video is-provider-youtube wp-block-embed-youtube wp-embed-aspect-16-9 wp-has-aspect-ratio\"><div class=\"wp-block-embed__wrapper\">\n<iframe loading=\"lazy\" title=\"MOTOGP CHEGA A ARAG\u00c3O COM APRILIA PRONTA PARA DESTRONAR MARC M\u00c1RQUEZ | Motoca GP\" width=\"500\" height=\"281\" src=\"https:\/\/www.youtube.com\/embed\/CSKIY6iS5Qc?feature=oembed\" frameborder=\"0\" allow=\"accelerometer; autoplay; clipboard-write; encrypted-media; gyroscope; picture-in-picture; web-share\" referrerpolicy=\"strict-origin-when-cross-origin\" allowfullscreen><\/iframe>\n<\/div><\/figure>\n\n\n\n<p class=\"wp-block-paragraph\">Inicialmente, os m\u00e9dicos recomendaram uma cirurgia, mas, como Zarco precisou esperar a melhora de uma queimadura para s\u00f3 ent\u00e3o poder se submeter ao procedimento, a recupera\u00e7\u00e3o foi satisfat\u00f3ria o suficiente para evitar a interven\u00e7\u00e3o.<\/p>\n\n\n\n<p class=\"wp-block-paragraph\">A expectativa, por\u00e9m, era de que Johann voltasse ao trabalho apenas no fim de semana do GP de San Marini e da Riviera de Rimini, mas o franc\u00eas conseguiu antecipar o retorno.<\/p>\n\n\n\n<figure class=\"wp-block-image size-large\"><img loading=\"lazy\" decoding=\"async\" width=\"1024\" height=\"683\" src=\"https:\/\/grandepremio.com\/br\/wp-content\/uploads\/2026\/05\/Zarco-Johann-Barcelona-Lekl-Ronny-15.-Mai-2026-10-42-24-_RL23319-1200x800-1-1024x683.webp\" alt=\"\" class=\"wp-image-1010402550\" srcset=\"https:\/\/grandepremio.com\/wp-content\/uploads\/2026\/05\/Zarco-Johann-Barcelona-Lekl-Ronny-15.-Mai-2026-10-42-24-_RL23319-1200x800-1-1024x683.webp 1024w, https:\/\/grandepremio.com\/wp-content\/uploads\/2026\/05\/Zarco-Johann-Barcelona-Lekl-Ronny-15.-Mai-2026-10-42-24-_RL23319-1200x800-1-300x200.webp 300w, https:\/\/grandepremio.com\/wp-content\/uploads\/2026\/05\/Zarco-Johann-Barcelona-Lekl-Ronny-15.-Mai-2026-10-42-24-_RL23319-1200x800-1-768x512.webp 768w, https:\/\/grandepremio.com\/wp-content\/uploads\/2026\/05\/Zarco-Johann-Barcelona-Lekl-Ronny-15.-Mai-2026-10-42-24-_RL23319-1200x800-1-150x100.webp 150w, https:\/\/grandepremio.com\/wp-content\/uploads\/2026\/05\/Zarco-Johann-Barcelona-Lekl-Ronny-15.-Mai-2026-10-42-24-_RL23319-1200x800-1.webp 1200w\" sizes=\"(max-width: 1024px) 100vw, 1024px\" \/><figcaption class=\"wp-element-caption\">Johann Zarco volta ao trabalho neste fim de semana (Foto: LCR)<\/figcaption><\/figure>\n\n\n\n<p class=\"wp-block-paragraph\">Zarco, por\u00e9m, tem uma puni\u00e7\u00e3o a cumprir. O <a href=\"https:\/\/grandepremio.com\/br\/motogp\/fim-pune-johann-zarco-derrubar-luca-marini-francesco-bagnaia-relargada-gp-catalunha\/\"><strong>Painel de Comiss\u00e1rios da FIM (Federa\u00e7\u00e3o Internacional de Motociclismo) determinou que o #5 cumpra uma dupla volta longa por ter derrubado Bagnaia e Marini na Catalunha<\/strong><\/a>.<\/p>\n\n\n\n<p class=\"wp-block-paragraph\">A&nbsp;<strong>MotoGP<\/strong>&nbsp;<strong>volta a acelerar entre os dias 28 a 30 de agosto para o<\/strong>&nbsp;<strong>GP de Arag\u00e3o<\/strong>, 13\u00aa etapa da temporada 2026. O&nbsp;<strong>GRANDE PR\u00caMIO<\/strong>&nbsp;acompanha toda a programa\u00e7\u00e3o do fim de semana, assim como as demais categorias do&nbsp;Mundial de Motovelocidade.<\/p>\n\n\n\n<p class=\"wp-block-paragraph\"><\/p>\n","protected":false},"excerpt":{"rendered":"<p>Johann Zarco se submeteu a um teste f\u00edsico nesta quinta-feira (27) e conseguiu a libera\u00e7\u00e3o m\u00e9dica necess\u00e1ria para voltar \u00e0 MotoGP neste fim de semana. O franc\u00eas, por\u00e9m, ter\u00e1 de ser revisado ap\u00f3s o TL1<\/p>\n","protected":false},"author":10,"featured_media":1001088530,"comment_status":"closed","ping_status":"closed","sticky":false,"template":"","format":"standard","meta":{"42wp_featured_image_caption":"Johann Zarco volta \u00e0 MotoGP neste fim de semana","42wp_featured_image_credits":"LCR","42wp_featured_video":"","42wp_featured_image_hidden":false,"42wp_authors_list":[{"id":47113,"location":"de S\u00e3o Paulo"}],"footnotes":""},"categories":[8],"tags":[26038,144,137],"42wp_author":[47113],"class_list":["post-163815","post","type-post","status-publish","format-standard","has-post-thumbnail","hentry","category-motogp","tag-aragao","tag-johann-zarco","tag-lcr","42wp_author-juliana-tesser"],"_links":{"self":[{"href":"https:\/\/grandepremio.com\/br\/wp-json\/wp\/v2\/posts\/163815","targetHints":{"allow":["GET"]}}],"collection":[{"href":"https:\/\/grandepremio.com\/br\/wp-json\/wp\/v2\/posts"}],"about":[{"href":"https:\/\/grandepremio.com\/br\/wp-json\/wp\/v2\/types\/post"}],"author":[{"embeddable":true,"href":"https:\/\/grandepremio.com\/br\/wp-json\/wp\/v2\/users\/10"}],"replies":[{"embeddable":true,"href":"https:\/\/grandepremio.com\/br\/wp-json\/wp\/v2\/comments?post=163815"}],"version-history":[{"count":4,"href":"https:\/\/grandepremio.com\/br\/wp-json\/wp\/v2\/posts\/163815\/revisions"}],"predecessor-version":[{"id":163899,"href":"https:\/\/grandepremio.com\/br\/wp-json\/wp\/v2\/posts\/163815\/revisions\/163899"}],"wp:featuredmedia":[{"embeddable":true,"href":"https:\/\/grandepremio.com\/br\/wp-json\/wp\/v2\/media\/1001088530"}],"wp:attachment":[{"href":"https:\/\/grandepremio.com\/br\/wp-json\/wp\/v2\/media?parent=163815"}],"wp:term":[{"taxonomy":"category","embeddable":true,"href":"https:\/\/grandepremio.com\/br\/wp-json\/wp\/v2\/categories?post=163815"},{"taxonomy":"post_tag","embeddable":true,"href":"https:\/\/grandepremio.com\/br\/wp-json\/wp\/v2\/tags?post=163815"},{"taxonomy":"42wp_author","embeddable":true,"href":"https:\/\/grandepremio.com\/br\/wp-json\/wp\/v2\/42wp_author?post=163815"}],"curies":[{"name":"wp","href":"https:\/\/api.w.org\/{rel}","templated":true}]}}