{"id":163848,"date":"2026-08-27T12:26:23","date_gmt":"2026-08-27T15:26:23","guid":{"rendered":"https:\/\/grandepremio.com\/br\/?p=163848"},"modified":"2026-08-27T12:26:24","modified_gmt":"2026-08-27T15:26:24","slug":"jack-miller-mira-vaga-mundial-superbike-ainda-tenho-lenha-queimar","status":"publish","type":"post","link":"https:\/\/grandepremio.com\/br\/motogp\/jack-miller-mira-vaga-mundial-superbike-ainda-tenho-lenha-queimar\/","title":{"rendered":"Miller mira em vaga no Mundial de Superbike: \u201cAinda tenho lenha para queimar\u201d"},"content":{"rendered":"\n<p class=\"wp-block-paragraph\">Jack Miller colocou uma vaga no Mundial de Superbike no centro do alvo para dar sequ\u00eancia \u00e0 carreira ap\u00f3s a MotoGP. O australiano indicou que ainda est\u00e1 em fase de negocia\u00e7\u00f5es, mas frisou que n\u00e3o pensa em usar a s\u00e9rie das motos de produ\u00e7\u00e3o como um trampolim para voltar ao Mundial de Motovelocidade.<\/p>\n\n\n\n<p class=\"wp-block-paragraph\">No in\u00edcio desta quinta-feira (27), a Yamaha confirmou o div\u00f3rcio com Miller, que vai deixar a Pramac no fim do ano. O #43 ser\u00e1 substitu\u00eddo por Izan Guevara, que ser\u00e1 promovido da Moto2.<\/p>\n\n\n\n<figure class=\"wp-block-embed is-type-video is-provider-youtube wp-block-embed-youtube wp-embed-aspect-16-9 wp-has-aspect-ratio\"><div class=\"wp-block-embed__wrapper\">\n<iframe loading=\"lazy\" title=\"MOTOGP CHEGA A ARAG\u00c3O COM APRILIA PRONTA PARA DESTRONAR MARC M\u00c1RQUEZ | Motoca GP\" width=\"500\" height=\"281\" src=\"https:\/\/www.youtube.com\/embed\/CSKIY6iS5Qc?feature=oembed\" frameborder=\"0\" allow=\"accelerometer; autoplay; clipboard-write; encrypted-media; gyroscope; picture-in-picture; web-share\" referrerpolicy=\"strict-origin-when-cross-origin\" allowfullscreen><\/iframe>\n<\/div><\/figure>\n\n\n\n<p class=\"wp-block-paragraph\">\u201c\u00c9 o que \u00e9. \u00c0s vezes, as coisas s\u00e3o assim\u201d, disse Miller. \u201cContinuaremos firmes, tentando fazer o melhor que pudermos at\u00e9 o fim do ano. E, obviamente, as negocia\u00e7\u00f5es est\u00e3o em curso no momento para ver onde ser o nosso futuro\u201d, seguiu.<\/p>\n\n\n\n<p class=\"wp-block-paragraph\">\u201cComo disse o tempo todo, quero continuar correndo. Sinto que ainda tenho lenha para queimar. E sinto que ainda estou melhorando. Ent\u00e3o vamos esperar e ver qual ser\u00e1 a nossa decis\u00e3o e o que vamos fazer\u201d, comentou.<\/p>\n\n\n\n<figure class=\"wp-block-image size-large\"><img loading=\"lazy\" decoding=\"async\" width=\"1024\" height=\"683\" src=\"https:\/\/grandepremio.com\/br\/wp-content\/uploads\/2026\/08\/MotoGP-2026-Pramac-Jack-Miller2-1024x683.jpg\" alt=\"MotoGP 2026 Pramac Jack Miller\" class=\"wp-image-1020313014\" srcset=\"https:\/\/grandepremio.com\/wp-content\/uploads\/2026\/08\/MotoGP-2026-Pramac-Jack-Miller2-1024x683.jpg 1024w, https:\/\/grandepremio.com\/wp-content\/uploads\/2026\/08\/MotoGP-2026-Pramac-Jack-Miller2-300x200.jpg 300w, https:\/\/grandepremio.com\/wp-content\/uploads\/2026\/08\/MotoGP-2026-Pramac-Jack-Miller2-768x512.jpg 768w, https:\/\/grandepremio.com\/wp-content\/uploads\/2026\/08\/MotoGP-2026-Pramac-Jack-Miller2-1536x1024.jpg 1536w, https:\/\/grandepremio.com\/wp-content\/uploads\/2026\/08\/MotoGP-2026-Pramac-Jack-Miller2-150x100.jpg 150w, https:\/\/grandepremio.com\/wp-content\/uploads\/2026\/08\/MotoGP-2026-Pramac-Jack-Miller2.jpg 1600w\" sizes=\"(max-width: 1024px) 100vw, 1024px\" \/><figcaption class=\"wp-element-caption\">Jack Miller vai deixar a MotoGP no fim do ano (Foto: Pramac)<\/figcaption><\/figure>\n\n\n\n<p class=\"wp-block-paragraph\">O australiano apontou que a prioridade \u00e9 uma vaga no Mundial de Superbike, que vai passar a usar pneus Michelin na temporada 2027.<\/p>\n\n\n\n<p class=\"wp-block-paragraph\">\u201cObviamente, todas as vagas aqui est\u00e3o fechadas, ent\u00e3o estou olhando para o Mundial de Superbike. Vamos tentar conseguir algo s\u00f3lido por l\u00e1 para sermos competitivos\u201d, explicou.<\/p>\n\n\n\n<p class=\"wp-block-paragraph\">Mesmo de olho em uma vaga no WSBK, Jack n\u00e3o descarta a possibilidade de atuar como piloto de testes na MotoGP.<\/p>\n\n\n\n<p class=\"wp-block-paragraph\">\u201cN\u00e3o est\u00e1 for a da equa\u00e7\u00e3o, com certeza. Como sempre disse, se for para l\u00e1, a minha meta \u00e9 me tornar o melhor piloto de Superbike que puder ser\u201d, comentou. \u201cN\u00e3o \u00e9 uma quest\u00e3o de sonhar em um dia voltar para c\u00e1 e ser piloto de MotoGP outra vez. Quer dizer, vou ter 32 anos no ano que vem. Sou realista, j\u00e1 fiz mais de 250 [GPs]\u201d, seguiu.<\/p>\n\n\n\n<p class=\"wp-block-paragraph\">\u201cFazer mais alguns n\u00e3o vai mudar a minha vida. Acho que vou para l\u00e1 com foco total de tentar me tornar o melhor piloto de Superbike que posso e construir um segundo cap\u00edtulo para a minha carreira. Esse \u00e9 o principal objetivo\u201d, encerrou.<\/p>\n\n\n\n<p class=\"wp-block-paragraph\">A&nbsp;<strong>MotoGP<\/strong>&nbsp;<strong>volta a acelerar entre os dias 28 a 30 de agosto para o<\/strong>&nbsp;<strong>GP de Arag\u00e3o<\/strong>, 13\u00aa etapa da temporada 2026. O&nbsp;<strong>GRANDE PR\u00caMIO<\/strong>&nbsp;acompanha toda a programa\u00e7\u00e3o do fim de semana, assim como as demais categorias do&nbsp;Mundial de Motovelocidade.<\/p>\n","protected":false},"excerpt":{"rendered":"<p>Sem vaga na MotoGP para 2027, Jack Miller afirmou que trabalha em busca de um lugar no Mundial de Superbike. Australiano descartou, por\u00e9m, usar a s\u00e9rie das motos de produ\u00e7\u00e3o como trampolim para voltar ao Mundial de Motovelocidade<\/p>\n","protected":false},"author":10,"featured_media":1020311492,"comment_status":"closed","ping_status":"closed","sticky":false,"template":"","format":"standard","meta":{"42wp_featured_image_caption":"Jack Miller ainda busca uma vaga no Mundial de Superbike","42wp_featured_image_credits":"AFP","42wp_featured_video":"","42wp_featured_image_hidden":false,"42wp_authors_list":[{"id":47113,"location":"de S\u00e3o Paulo"}],"footnotes":""},"categories":[8],"tags":[1975,847,950],"42wp_author":[47113],"class_list":["post-163848","post","type-post","status-publish","format-standard","has-post-thumbnail","hentry","category-motogp","tag-jack-miller","tag-mundial-de-motovelocidade","tag-mundial-de-superbike","42wp_author-juliana-tesser"],"_links":{"self":[{"href":"https:\/\/grandepremio.com\/br\/wp-json\/wp\/v2\/posts\/163848","targetHints":{"allow":["GET"]}}],"collection":[{"href":"https:\/\/grandepremio.com\/br\/wp-json\/wp\/v2\/posts"}],"about":[{"href":"https:\/\/grandepremio.com\/br\/wp-json\/wp\/v2\/types\/post"}],"author":[{"embeddable":true,"href":"https:\/\/grandepremio.com\/br\/wp-json\/wp\/v2\/users\/10"}],"replies":[{"embeddable":true,"href":"https:\/\/grandepremio.com\/br\/wp-json\/wp\/v2\/comments?post=163848"}],"version-history":[{"count":1,"href":"https:\/\/grandepremio.com\/br\/wp-json\/wp\/v2\/posts\/163848\/revisions"}],"predecessor-version":[{"id":163861,"href":"https:\/\/grandepremio.com\/br\/wp-json\/wp\/v2\/posts\/163848\/revisions\/163861"}],"wp:featuredmedia":[{"embeddable":true,"href":"https:\/\/grandepremio.com\/br\/wp-json\/wp\/v2\/media\/1020311492"}],"wp:attachment":[{"href":"https:\/\/grandepremio.com\/br\/wp-json\/wp\/v2\/media?parent=163848"}],"wp:term":[{"taxonomy":"category","embeddable":true,"href":"https:\/\/grandepremio.com\/br\/wp-json\/wp\/v2\/categories?post=163848"},{"taxonomy":"post_tag","embeddable":true,"href":"https:\/\/grandepremio.com\/br\/wp-json\/wp\/v2\/tags?post=163848"},{"taxonomy":"42wp_author","embeddable":true,"href":"https:\/\/grandepremio.com\/br\/wp-json\/wp\/v2\/42wp_author?post=163848"}],"curies":[{"name":"wp","href":"https:\/\/api.w.org\/{rel}","templated":true}]}}