{"id":163856,"date":"2026-08-27T12:53:02","date_gmt":"2026-08-27T15:53:02","guid":{"rendered":"https:\/\/grandepremio.com\/br\/?p=163856"},"modified":"2026-08-27T12:54:22","modified_gmt":"2026-08-27T15:54:22","slug":"real-madrid-une-forcas-com-f1-acerta-para-ser-patrocinador-local-gp-espanha-2026","status":"publish","type":"post","link":"https:\/\/grandepremio.com\/br\/f1\/real-madrid-une-forcas-com-f1-acerta-para-ser-patrocinador-local-gp-espanha-2026\/","title":{"rendered":"Real Madrid une for\u00e7as com F1 e acerta para ser patrocinador local do GP da Espanha 2026"},"content":{"rendered":"\n<p class=\"wp-block-paragraph\">A <strong>F\u00f3rmula 1 j\u00e1 est\u00e1 nos \u00faltimos preparativos para sediar o GP da Espanha no circuito urbano de Madri<\/strong> pela primeira vez nesta temporada. Marcada para acontecer entre os dias 11 e 13 de setembro, a prova, que ser\u00e1 a 14\u00aa etapa do campeonato, vai contar com mais um apoiador de peso logo na primeira edi\u00e7\u00e3o: o <strong>Real Madrid<\/strong>. <\/p>\n\n\n\n<p class=\"wp-block-paragraph\">De acordo com organizadores da prova, o <strong>GP da Espanha vai ter o tradicional clube merengue como patrocinador local<\/strong> a partir da temporada 2026. O circuito na capital espanhola, inclusive, fica bem pr\u00f3ximo da sede e do complexo esportivo oficial do Real Madrid, o Real Madrid City. A dist\u00e2ncia entre ambas \u00e9 de apenas 200m, o que viabilizou a parceria. <\/p>\n\n\n\n<figure class=\"wp-block-embed is-type-video is-provider-youtube wp-block-embed-youtube wp-embed-aspect-16-9 wp-has-aspect-ratio\"><div class=\"wp-block-embed__wrapper\">\n<iframe loading=\"lazy\" title=\"BATALHA SEGUE ABERTA NA F1 | TT GP #233\" width=\"500\" height=\"281\" src=\"https:\/\/www.youtube.com\/embed\/Bm8EnKYBjAg?start=882&amp;feature=oembed\" frameborder=\"0\" allow=\"accelerometer; autoplay; clipboard-write; encrypted-media; gyroscope; picture-in-picture; web-share\" referrerpolicy=\"strict-origin-when-cross-origin\" allowfullscreen><\/iframe>\n<\/div><\/figure>\n\n\n\n<p class=\"wp-block-paragraph\">Por conta disso, <strong>estruturas do Real Madrid devem ser bastante aproveitadas pela F1 durante o fim de semana do GP da Espanha<\/strong>. Algumas das <strong>instala\u00e7\u00f5es do clube, por exemplo, ser\u00e3o incorporadas \u00e0 opera\u00e7\u00e3o da corrida<\/strong>, ainda de acordo com o comunicado emitido pelos organizadores. <\/p>\n\n\n\n<p class=\"wp-block-paragraph\">O <strong>Real Madrid tamb\u00e9m receber\u00e1 um destaque especial em camarotes e \u00e1reas de hospitalidade<\/strong> do circuito durante a visita da F1 \u00e0 cidade, com lendas e craques do clube merengue sendo esperadas no local como convidados especiais do evento. <\/p>\n\n\n\n<p class=\"wp-block-paragraph\">\u201cO Real Madrid se junta ao GP da Espanha como <strong>apoiador local do evento na primeira edi\u00e7\u00e3o no Madring<\/strong>, que ser\u00e1 realizado de 11 a 13 de setembro\u201d, diz o comunicado. \u201cO acordo re\u00fane o clube de futebol mais vitorioso com um dos eventos esportivos mais prestigiados, acompanhados e influentes do cen\u00e1rio internacional, que ser\u00e1 realizado em Madri. H\u00e1 tamb\u00e9m uma curiosa coincid\u00eancia: a Real Madrid City e a regi\u00e3o norte do Madring s\u00e3o vizinhas em Valdebebas. Apenas 200, separam a entrada norte do circuito do port\u00e3o principal da Real Madrid City, uma proximidade que ficar\u00e1 especialmente evidente durante o fim de semana do GP&#8221;, seguiu a nota. <\/p>\n\n\n\n<p class=\"wp-block-paragraph\">\u201cAs instala\u00e7\u00f5es do clube merengue ocupam uma \u00e1rea de 120 hectares e abrigam os centros onde trabalham todas as equipes esportivas do clube, incluindo os times masculino e feminino, as categorias de base e o basquete, al\u00e9m do est\u00e1dio Alfredo Di St\u00e9fano. A poucos metros dali fica a \u00e1rea de Valdebebas por onde passa o setor norte do Madring e onde est\u00e1 localizada a La Monumental, a curva mais caracter\u00edstica do novo circuito&#8221;, descreveu. <\/p>\n\n\n\n<figure class=\"wp-block-video\"><video class=\"video-js vjs-big-play-centered\" data-gp-vjs=\"1\" controls src=\"https:\/\/grandepremio-portal.b-cdn.net\/2026\/08\/Treino-Real-Madrid-teste-f3.mp4\"><\/video><figcaption class=\"wp-element-caption\">Treino do Real Madrid \u00e9 invadido por barulho dos testes da F\u00f3rmula 3 (V\u00eddeo: Reprodu\u00e7\u00e3o\/DAZN)<\/figcaption><\/figure>\n\n\n\n<p class=\"wp-block-paragraph\">\u201cO acordo tamb\u00e9m levar\u00e1 o Real Madrid para dentro do GP. O clube estar\u00e1 presente em diferentes \u00e1reas de hospitalidade do Madring durante o fim de semana, com a participa\u00e7\u00e3o de lendas e de algumas de suas principais figuras\u201d, conclui o comunicado.<\/p>\n\n\n\n<p class=\"wp-block-paragraph\">Madri vai receber a F1 pela primeira vez em 2026 e, de quebra, as categorias de acesso F2 e F3 tamb\u00e9m v\u00e3o estrear no circuito urbano. A F\u00f3rmula 3, inclusive, <strong>sediou testes de meio de temporada no circuito nesta \u00faltima semana<\/strong> e chamou a aten\u00e7\u00e3o ao <a href=\"https:\/\/grandepremio.com\/br\/f3\/teste-f3-registra-19-bandeiras-vermelhas-primeiro-contato-nova-pista-madri\/\">registrar 19 bandeiras vermelhas em dois dias de atividades de pista<\/a>. <\/p>\n\n\n\n<p class=\"wp-block-paragraph\">A F\u00f3rmula 1 volta de 4 a 6 de setembro em Monza, palco do GP da It\u00e1lia, 13\u00aa etapa da temporada 2026.<\/p>\n","protected":false},"excerpt":{"rendered":"<p>O GP da Espanha, que passa a ser realizado no circuito de rua de Madri a partir desta temporada, est\u00e1 pronto para receber o Real Madrid como patrocinador local do evento j\u00e1 em 2026<\/p>\n","protected":false},"author":20,"featured_media":1020311400,"comment_status":"closed","ping_status":"closed","sticky":false,"template":"","format":"standard","meta":{"42wp_featured_image_caption":"GP da Espanha contar\u00e1 com patroc\u00ednio do Real Madrid","42wp_featured_image_credits":"Ferrari","42wp_featured_video":"","42wp_featured_image_hidden":false,"42wp_authors_list":[{"id":47162,"location":"de Vinhedo"}],"footnotes":""},"categories":[2],"tags":[996,7105],"42wp_author":[47162],"class_list":["post-163856","post","type-post","status-publish","format-standard","has-post-thumbnail","hentry","category-f1","tag-gp-da-espanha","tag-madri","42wp_author-giovani-danjo"],"_links":{"self":[{"href":"https:\/\/grandepremio.com\/br\/wp-json\/wp\/v2\/posts\/163856","targetHints":{"allow":["GET"]}}],"collection":[{"href":"https:\/\/grandepremio.com\/br\/wp-json\/wp\/v2\/posts"}],"about":[{"href":"https:\/\/grandepremio.com\/br\/wp-json\/wp\/v2\/types\/post"}],"author":[{"embeddable":true,"href":"https:\/\/grandepremio.com\/br\/wp-json\/wp\/v2\/users\/20"}],"replies":[{"embeddable":true,"href":"https:\/\/grandepremio.com\/br\/wp-json\/wp\/v2\/comments?post=163856"}],"version-history":[{"count":8,"href":"https:\/\/grandepremio.com\/br\/wp-json\/wp\/v2\/posts\/163856\/revisions"}],"predecessor-version":[{"id":163878,"href":"https:\/\/grandepremio.com\/br\/wp-json\/wp\/v2\/posts\/163856\/revisions\/163878"}],"wp:featuredmedia":[{"embeddable":true,"href":"https:\/\/grandepremio.com\/br\/wp-json\/wp\/v2\/media\/1020311400"}],"wp:attachment":[{"href":"https:\/\/grandepremio.com\/br\/wp-json\/wp\/v2\/media?parent=163856"}],"wp:term":[{"taxonomy":"category","embeddable":true,"href":"https:\/\/grandepremio.com\/br\/wp-json\/wp\/v2\/categories?post=163856"},{"taxonomy":"post_tag","embeddable":true,"href":"https:\/\/grandepremio.com\/br\/wp-json\/wp\/v2\/tags?post=163856"},{"taxonomy":"42wp_author","embeddable":true,"href":"https:\/\/grandepremio.com\/br\/wp-json\/wp\/v2\/42wp_author?post=163856"}],"curies":[{"name":"wp","href":"https:\/\/api.w.org\/{rel}","templated":true}]}}