{"id":163858,"date":"2026-08-27T12:58:50","date_gmt":"2026-08-27T15:58:50","guid":{"rendered":"https:\/\/grandepremio.com\/br\/?p=163858"},"modified":"2026-08-27T12:58:51","modified_gmt":"2026-08-27T15:58:51","slug":"jorge-martin-afasta-pressao-duelo-marc-marquez-aragao-nao-e-minha-luta","status":"publish","type":"post","link":"https:\/\/grandepremio.com\/br\/motogp\/jorge-martin-afasta-pressao-duelo-marc-marquez-aragao-nao-e-minha-luta\/","title":{"rendered":"Mart\u00edn afasta press\u00e3o por duelo com Marc M\u00e1rquez em Arag\u00e3o: &#8220;N\u00e3o \u00e9 minha luta&#8221;"},"content":{"rendered":"\n<p class=\"wp-block-paragraph\"><strong>L\u00edder da MotoGP 2026, Jorge Mart\u00edn prev\u00ea uma etapa dif\u00edcil em Arag\u00e3o, mas afastou a press\u00e3o de superar Marc M\u00e1rquez no MotorLand.<\/strong> O espanhol n\u00e3o disputou a corrida em 2025 e, al\u00e9m disso, ter\u00e1 pela frente o #93, que aparece como grande favorito no circuito espanhol.<\/p>\n\n\n\n<p class=\"wp-block-paragraph\">Com 31 pontos de frente para Marco Bezzecchi, companheiro de\u200b Aprilia, Mart\u00edn quer\u00a0confirmar o desempenho apresentado em Silverstone\u200b e seguir forte na briga pelo t\u00edtulo mundial.<\/p>\n\n\n\n<figure class=\"wp-block-embed is-type-video is-provider-youtube wp-block-embed-youtube wp-embed-aspect-16-9 wp-has-aspect-ratio\"><div class=\"wp-block-embed__wrapper\">\n<iframe loading=\"lazy\" title=\"MOTOGP CHEGA A ARAG\u00c3O COM APRILIA PRONTA PARA DESTRONAR MARC M\u00c1RQUEZ | Motoca GP\" width=\"500\" height=\"281\" src=\"https:\/\/www.youtube.com\/embed\/CSKIY6iS5Qc?feature=oembed\" frameborder=\"0\" allow=\"accelerometer; autoplay; clipboard-write; encrypted-media; gyroscope; picture-in-picture; web-share\" referrerpolicy=\"strict-origin-when-cross-origin\" allowfullscreen><\/iframe>\n<\/div><\/figure>\n\n\n\n<p class=\"wp-block-paragraph\">\u200b&#8221;Estou com vontade de confirmar a nossa velocidade. Com certeza teremos trabalho a fazer, porque as duas \u00faltimas corridas foram uma montanha-russa, com altos e baixos. Mas queremos\u200b fazer isso e estar amanh\u00e3 no\u00a0\u200btop-5\u00a0\u200bnos treinos de amanh\u00e3 seria importante&#8221;,\u00a0\u200bc\u200bome\u00e7ou o #89, durante entrevista coletiva.<\/p>\n\n\n\n<p class=\"wp-block-paragraph\">Questionado se chega a Arag\u00e3o se sentindo mais l\u00edder do que em Silverstone, Mart\u00edn disse que a confian\u00e7a est\u00e1 em um n\u00edvel semelhante, mas ressaltou a evolu\u00e7\u00e3o pessoal durante o per\u00edodo de f\u00e9rias.<\/p>\n\n\n\n<figure class=\"wp-block-image size-large\"><img loading=\"lazy\" decoding=\"async\" width=\"1024\" height=\"683\" src=\"https:\/\/grandepremio.com\/br\/wp-content\/uploads\/2026\/08\/AFP__20260808__C4939JU__v1__MidRes__MotoPrixGbrMotogp-1024x683.jpg\" alt=\"\" class=\"wp-image-1020311558\" srcset=\"https:\/\/grandepremio.com\/wp-content\/uploads\/2026\/08\/AFP__20260808__C4939JU__v1__MidRes__MotoPrixGbrMotogp-1024x683.jpg 1024w, https:\/\/grandepremio.com\/wp-content\/uploads\/2026\/08\/AFP__20260808__C4939JU__v1__MidRes__MotoPrixGbrMotogp-300x200.jpg 300w, https:\/\/grandepremio.com\/wp-content\/uploads\/2026\/08\/AFP__20260808__C4939JU__v1__MidRes__MotoPrixGbrMotogp-768x512.jpg 768w, https:\/\/grandepremio.com\/wp-content\/uploads\/2026\/08\/AFP__20260808__C4939JU__v1__MidRes__MotoPrixGbrMotogp-150x100.jpg 150w, https:\/\/grandepremio.com\/wp-content\/uploads\/2026\/08\/AFP__20260808__C4939JU__v1__MidRes__MotoPrixGbrMotogp.jpg 1200w\" sizes=\"(max-width: 1024px) 100vw, 1024px\" \/><figcaption class=\"wp-element-caption\">Jorge Mart\u00edn (Foto: AFP)<\/figcaption><\/figure>\n\n\n\n<p class=\"wp-block-paragraph\">&#8220;Eu me sinto igual. Vamos ver se o fim de semana ser\u00e1 igual para mim. O importante \u00e9 que me sinto preparado, forte. Nos treinos, me senti muito confort\u00e1vel e acredito que estou melhor do que estava em Silverstone.&#8221;<\/p>\n\n\n\n<p class=\"wp-block-paragraph\">Apesar da lideran\u00e7a do campeonato, o espanhol reconheceu que superar Marc M\u00e1rquez em uma das pistas favoritas do atual campe\u00e3o mundial ser\u00e1 uma tarefa complicada. O espanhol, no entanto, afirmou que n\u00e3o pretende transformar a disputa direta com o piloto da Ducati no principal objetivo do fim de semana.<\/p>\n\n\n\n<p class=\"wp-block-paragraph\">&#8220;Ser\u00e1 muito, muito complicado, mas neste momento n\u00e3o \u00e9 a minha luta ganhar dele aqui ou n\u00e3o. Vou tentar, mas, para mim, \u00e9 importante me concentrar no trabalho, continuar melhorando com a Aprilia, reconfirmar que continuo competitivo, como fui em Silverstone, e pouco mais&#8221;, disse.<\/p>\n\n\n\n<figure class=\"wp-block-image size-large\"><img loading=\"lazy\" decoding=\"async\" width=\"1024\" height=\"683\" src=\"https:\/\/grandepremio.com\/br\/wp-content\/uploads\/2026\/08\/AFP__20260809__C4A46BW__v1__MidRes__MotoPrixGbrMotogp-1024x683.jpg\" alt=\"\" class=\"wp-image-1020311844\" srcset=\"https:\/\/grandepremio.com\/wp-content\/uploads\/2026\/08\/AFP__20260809__C4A46BW__v1__MidRes__MotoPrixGbrMotogp-1024x683.jpg 1024w, https:\/\/grandepremio.com\/wp-content\/uploads\/2026\/08\/AFP__20260809__C4A46BW__v1__MidRes__MotoPrixGbrMotogp-300x200.jpg 300w, https:\/\/grandepremio.com\/wp-content\/uploads\/2026\/08\/AFP__20260809__C4A46BW__v1__MidRes__MotoPrixGbrMotogp-768x512.jpg 768w, https:\/\/grandepremio.com\/wp-content\/uploads\/2026\/08\/AFP__20260809__C4A46BW__v1__MidRes__MotoPrixGbrMotogp-150x100.jpg 150w, https:\/\/grandepremio.com\/wp-content\/uploads\/2026\/08\/AFP__20260809__C4A46BW__v1__MidRes__MotoPrixGbrMotogp.jpg 1200w\" sizes=\"(max-width: 1024px) 100vw, 1024px\" \/><figcaption class=\"wp-element-caption\">Jorge Mart\u00edn e Marc M\u00e1rquez (Foto: AFP)<\/figcaption><\/figure>\n\n\n\n<p class=\"wp-block-paragraph\">Diante da expectativa de dom\u00ednio do #93 no MotorLand, Mart\u00edn afirmou que aceitaria antecipadamente dois segundos lugares em Arag\u00e3o, repetindo o resultado alcan\u00e7ado na etapa de dois anos atr\u00e1s.<\/p>\n\n\n\n<p class=\"wp-block-paragraph\">&#8220;Seria um bom resultado. H\u00e1 dois anos foi o que fiz, e assinaria, mas, nas corridas, nunca se sabe. Vou tentar tirar o m\u00e1ximo, e veremos&#8221;, concluiu.<\/p>\n\n\n\n<p class=\"wp-block-paragraph\">A\u00a0<strong>MotoGP<\/strong>\u00a0<strong>volta a acelerar entre os dias 28 a 30 de agosto para o<\/strong>\u00a0<strong>GP de Arag\u00e3o<\/strong>, 13\u00aa etapa da temporada 2026. O\u00a0<strong>GRANDE PR\u00caMIO<\/strong>\u00a0acompanha toda a programa\u00e7\u00e3o do fim de semana, assim como as demais categorias do\u00a0Mundial de Motovelocidade.<\/p>\n","protected":false},"excerpt":{"rendered":"<p>Jorge Mart\u00edn frisou a necessidade de seguir competitivo ap\u00f3s o GP da Gr\u00e3-Bretanha, mas disse que aceitaria dois segundos lugares no MotorLand ao ser questionado sobre o poss\u00edvel dom\u00ednio de Marc M\u00e1rquez na etapa espanhola<\/p>\n","protected":false},"author":18,"featured_media":1020309230,"comment_status":"closed","ping_status":"closed","sticky":false,"template":"","format":"standard","meta":{"42wp_featured_image_caption":"Jorge Mart\u00edn","42wp_featured_image_credits":"Aprilia","42wp_featured_video":"","42wp_featured_image_hidden":false,"42wp_authors_list":[{"id":47161,"location":"de Ara\u00e7atuba"}],"footnotes":""},"categories":[8],"tags":[26434,25552,25007,78],"42wp_author":[47161],"class_list":["post-163858","post","type-post","status-publish","format-standard","has-post-thumbnail","hentry","category-motogp","tag-gp-de-aragao","tag-jorge-martin-2","tag-marc-marquez-3","tag-motogp","42wp_author-kaio-esteves"],"_links":{"self":[{"href":"https:\/\/grandepremio.com\/br\/wp-json\/wp\/v2\/posts\/163858","targetHints":{"allow":["GET"]}}],"collection":[{"href":"https:\/\/grandepremio.com\/br\/wp-json\/wp\/v2\/posts"}],"about":[{"href":"https:\/\/grandepremio.com\/br\/wp-json\/wp\/v2\/types\/post"}],"author":[{"embeddable":true,"href":"https:\/\/grandepremio.com\/br\/wp-json\/wp\/v2\/users\/18"}],"replies":[{"embeddable":true,"href":"https:\/\/grandepremio.com\/br\/wp-json\/wp\/v2\/comments?post=163858"}],"version-history":[{"count":1,"href":"https:\/\/grandepremio.com\/br\/wp-json\/wp\/v2\/posts\/163858\/revisions"}],"predecessor-version":[{"id":163887,"href":"https:\/\/grandepremio.com\/br\/wp-json\/wp\/v2\/posts\/163858\/revisions\/163887"}],"wp:featuredmedia":[{"embeddable":true,"href":"https:\/\/grandepremio.com\/br\/wp-json\/wp\/v2\/media\/1020309230"}],"wp:attachment":[{"href":"https:\/\/grandepremio.com\/br\/wp-json\/wp\/v2\/media?parent=163858"}],"wp:term":[{"taxonomy":"category","embeddable":true,"href":"https:\/\/grandepremio.com\/br\/wp-json\/wp\/v2\/categories?post=163858"},{"taxonomy":"post_tag","embeddable":true,"href":"https:\/\/grandepremio.com\/br\/wp-json\/wp\/v2\/tags?post=163858"},{"taxonomy":"42wp_author","embeddable":true,"href":"https:\/\/grandepremio.com\/br\/wp-json\/wp\/v2\/42wp_author?post=163858"}],"curies":[{"name":"wp","href":"https:\/\/api.w.org\/{rel}","templated":true}]}}