{"id":16387,"date":"2025-10-12T14:37:54","date_gmt":"2025-10-12T17:37:54","guid":{"rendered":"https:\/\/grandepremio.com\/br\/noticias\/engenheiro-lembra-quando-fernando-alonso-deu-bicho-mecanicos-mclaren-mandou-devolver\/"},"modified":"2025-10-12T14:42:45","modified_gmt":"2025-10-12T17:42:45","slug":"engenheiro-lembra-quando-fernando-alonso-deu-bicho-mecanicos-mclaren-mandou-devolver","status":"publish","type":"post","link":"https:\/\/grandepremio.com\/br\/f1\/engenheiro-lembra-quando-fernando-alonso-deu-bicho-mecanicos-mclaren-mandou-devolver\/","title":{"rendered":"Engenheiro lembra quando Alonso deu &#8216;bicho&#8217; a mec\u00e2nicos. Mas McLaren mandou devolver"},"content":{"rendered":"\n<p class=\"wp-block-paragraph\">Foi dif\u00edcil encontrar sintonia na uni\u00e3o entre <strong>McLaren <\/strong>e<strong> Fernando Alonso<\/strong>. O bicampe\u00e3o mundial correu pela equipe inglesa na <strong>F\u00f3rmula 1 <\/strong>em 2007 e entre 2015 e 2018. Um engenheiro que esteve presente na primeira vida desta parceria revelou mais uma das desaven\u00e7as entre as partes. <strong>Mark Slade<\/strong> contou que Alonso chegou a dar um &#8216;bicho&#8217;, bonifica\u00e7\u00e3o extraoficial em dinheiro, a todos os envolvidos na prepara\u00e7\u00e3o de seu carro como forma de agradecimento. A atitude, no entanto, foi cancelada pela equipe.<\/p>\n\n\n\n<p class=\"wp-block-paragraph\">Conforme o relato, o ocorrido foi no <strong>GP da Europa<\/strong> de 2007, em <strong>N\u00fcrburgring<\/strong>. Alonso pediu a Slade uma lista dos funcion\u00e1rios que trabalhavam diretamente em seu carro e, depois, chamou cada um dos listados o presente: a quantia de \u20ac 1.000 \u2014 equivalente a R$ 2.600, na convers\u00e3o da \u00e9poca. O diretor-esportivo da \u00e9poca, <strong>Martin Whitmarsh<\/strong>, n\u00e3o aprovou a atitude e for\u00e7ou a devolu\u00e7\u00e3o do presente.<\/p>\n\n\n\n<p class=\"wp-block-paragraph\">\u201cEm N\u00fcrburgring 2007, no primeiro dia [do fim de semana], Fernando veio at\u00e9 mim pediu uma lista de todos que trabalhavam no carro. Fiz a lista da melhor forma que pude, incluindo o cara do combust\u00edvel e o do pneu\u201d, disse Slade ao jornal espanhol <em>Marca<\/em>.<\/p>\n\n\n\n<p class=\"wp-block-paragraph\">\u201cN\u00e3o sabia para que era a lista, mas a tinha pronta e entreguei. Um pouco depois, ele voltou e pediu para que eu chamasse o pessoal da lista para encontrar com ele\u201d, acrescentou.<\/p>\n\n\n\n<figure class=\"wp-block-image size-large\"><img decoding=\"async\" src=\"https:\/\/www.grandepremio.com\/br\/wp-content\/uploads\/2022\/06\/FS_w6gDXEAcdXaz-1024x768.jpg\" alt=\"\" class=\"wp-image-582487\"\/><figcaption class=\"wp-element-caption\">Hamilton e Alonso, dupla da McLaren em 2007 (Foto: Reprodu\u00e7\u00e3o)<\/figcaption><\/figure>\n\n\n\n<p class=\"wp-block-paragraph\">\u201cCostumo dividir minhas vit\u00f3rias com meu pessoal, n\u00e3o \u00e9 algo que fiz na McLaren ainda, mas \u00e9 algo que gosto, para que possa mostrar meu apre\u00e7o por estarem no meu carro e fazendo um bom trabalho\u201d, falou. Apesar do gesto, os mec\u00e2nicos n\u00e3o ficaram no lucro.<\/p>\n\n\n\n<p class=\"wp-block-paragraph\">Na ocasi\u00e3o, em julho daquele 2007, Alonso venceu a corrida do &#8216;bicho&#8217; ap\u00f3s largar em segundo. Ap\u00f3s a absoluta implos\u00e3o da equipe e a decis\u00e3o de abandonar o contrato no fim do ano, voltou a correr pela <strong>Renault<\/strong>, equipe pela qual j\u00e1 havia conquistado o bicampeonato.<\/p>\n\n\n\n<p class=\"wp-block-paragraph\">\u201cAcho que esse caso mostrou a incompatibilidade entre o Fernando e a McLaren. Gostava muito dele e de trabalhar com ele, era uma boa pessoa\u201d, finalizou o engenheiro.<\/p>\n\n\n\n<p class=\"wp-block-paragraph\">Quase duas d\u00e9cadas se passaram desde ent\u00e3o e Alonso, aos 44 anos, continua no grid. Na temporada de 2025, pela Aston Martin, somou 36 pontos e \u00e9 o 11\u00ba colocado no <strong>Mundial de Pilotos<\/strong>.<\/p>\n\n\n\n<p class=\"wp-block-paragraph\">A&nbsp;<a href=\"https:\/\/www.grandepremio.com\/br\/f1\/\" target=\"_blank\" rel=\"noreferrer noopener\"><\/a><a href=\"https:\/\/www.grandepremio.com\/br\/f1\/\" target=\"_blank\" rel=\"noreferrer noopener\"><strong>F\u00f3rmula 1<\/strong><\/a>&nbsp;retorna entre os dias 17 e 19 de outubro no&nbsp;<a href=\"https:\/\/www.grandepremio.com\/br\/circuito\/circuito-das-americas\/\" target=\"_blank\" rel=\"noreferrer noopener\"><\/a><a href=\"https:\/\/www.grandepremio.com\/br\/circuito\/circuito-das-americas\/\" target=\"_blank\" rel=\"noreferrer noopener\"><\/a><a href=\"https:\/\/www.grandepremio.com\/br\/circuito\/circuito-das-americas\/\" target=\"_blank\" rel=\"noreferrer noopener\"><\/a><a href=\"https:\/\/www.grandepremio.com\/br\/circuito\/circuito-das-americas\/\" target=\"_blank\" rel=\"noreferrer noopener\"><\/a><a href=\"https:\/\/www.grandepremio.com\/br\/circuito\/circuito-das-americas\/\" target=\"_blank\" rel=\"noreferrer noopener\"><\/a><a href=\"https:\/\/www.grandepremio.com\/br\/circuito\/circuito-das-americas\/\" target=\"_blank\" rel=\"noreferrer noopener\"><\/a><strong><a href=\"https:\/\/www.grandepremio.com\/br\/circuito\/circuito-das-americas\/\" target=\"_blank\" rel=\"noreferrer noopener\"><\/a><a href=\"https:\/\/www.grandepremio.com\/br\/circuito\/circuito-das-americas\/\" target=\"_blank\" rel=\"noreferrer noopener\"><\/a><a href=\"https:\/\/www.grandepremio.com\/br\/circuito\/circuito-das-americas\/\" target=\"_blank\" rel=\"noreferrer noopener\"><\/a><a href=\"https:\/\/www.grandepremio.com\/br\/circuito\/circuito-das-americas\/\" target=\"_blank\" rel=\"noreferrer noopener\"><\/a><a href=\"https:\/\/www.grandepremio.com\/br\/circuito\/circuito-das-americas\/\" target=\"_blank\" rel=\"noreferrer noopener\"><\/a><a href=\"https:\/\/www.grandepremio.com\/br\/circuito\/circuito-das-americas\/\" target=\"_blank\" rel=\"noreferrer noopener\"><\/a><a href=\"https:\/\/www.grandepremio.com\/br\/circuito\/circuito-das-americas\/\" target=\"_blank\" rel=\"noreferrer noopener\"><\/a><a href=\"https:\/\/www.grandepremio.com\/br\/circuito\/circuito-das-americas\/\" target=\"_blank\" rel=\"noreferrer noopener\"><\/a><a href=\"https:\/\/www.grandepremio.com\/br\/circuito\/circuito-das-americas\/\" target=\"_blank\" rel=\"noreferrer noopener\">Circuito das Am\u00e9ricas<\/a><\/strong>, em&nbsp;<strong>Austin<\/strong>, que \u00e9 sede do&nbsp;<strong>GP dos Estados Unidos, a 19\u00aa etapa&nbsp;<\/strong>da temporada 2025.<\/p>\n\n\n\n<p class=\"wp-block-paragraph\">&nbsp;\u25b6 <strong>Inscreva-se nos dois canais do GRANDE PR\u00caMIO no YouTube:&nbsp;<a href=\"https:\/\/www.youtube.com\/channel\/UC9OlHEgxoaY6QY6nWPoiqQg?sub_confirmation=1\" target=\"_blank\" rel=\"noreferrer noopener\">GP<\/a>&nbsp;|&nbsp;<a href=\"https:\/\/www.youtube.com\/channel\/UC9csiS6q_C3C0FYhyr1rnFA?sub_confirmation=1\" target=\"_blank\" rel=\"noreferrer noopener\">GP2<\/a><\/strong><\/p>\n\n\n\n<figure class=\"wp-block-embed is-type-video is-provider-youtube wp-block-embed-youtube wp-embed-aspect-16-9 wp-has-aspect-ratio\"><div class=\"wp-block-embed__wrapper\">\n<iframe loading=\"lazy\" title=\"TENS\u00c3O NA FERRARI ANTECIPA MERCADO DE PILOTOS? E SOBRA PARA BORTOLETO | WGP [grande premio]\" width=\"500\" height=\"281\" src=\"https:\/\/www.youtube.com\/embed\/jxs6hzZuB0I?feature=oembed\" frameborder=\"0\" allow=\"accelerometer; autoplay; clipboard-write; encrypted-media; gyroscope; picture-in-picture; web-share\" referrerpolicy=\"strict-origin-when-cross-origin\" allowfullscreen><\/iframe>\n<\/div><figcaption class=\"wp-element-caption\">TENS\u00c3O NA FERRARI ANTECIPA MERCADO DE PILOTOS? E SOBRA PARA BORTOLETO | WGP [grande premio]<br><a href=\"https:\/\/www.youtube.com\/@GrandePremio1\"><\/a><br><\/figcaption><\/figure>\n","protected":false},"excerpt":{"rendered":"<p>Fernando Alonso teria dado mil euros a cada membro da equipe que trabalhava em seu carro &#8220;para mostrar apre\u00e7o&#8221; <\/p>\n","protected":false},"author":0,"featured_media":1000426076,"comment_status":"closed","ping_status":"closed","sticky":false,"template":"","format":"standard","meta":{"42wp_featured_image_caption":"","42wp_featured_image_credits":"","42wp_featured_video":"","42wp_featured_image_hidden":false,"42wp_authors_list":[],"footnotes":""},"categories":[2],"tags":[26000,26271,28552,5660,5273,6133,3630,642,176,90],"42wp_author":[47167],"class_list":["post-16387","post","type-post","status-publish","format-standard","has-post-thumbnail","hentry","category-f1","tag-audiencia-da-tv","tag-calendario-f1","tag-calendario-indy","tag-classificacao","tag-classificacao-f1","tag-classificacao-indy","tag-f1-2025","tag-f1-ao-vivo","tag-fernando-alonso","tag-mclaren","42wp_author-julia-palomares-aro"],"_links":{"self":[{"href":"https:\/\/grandepremio.com\/br\/wp-json\/wp\/v2\/posts\/16387","targetHints":{"allow":["GET"]}}],"collection":[{"href":"https:\/\/grandepremio.com\/br\/wp-json\/wp\/v2\/posts"}],"about":[{"href":"https:\/\/grandepremio.com\/br\/wp-json\/wp\/v2\/types\/post"}],"replies":[{"embeddable":true,"href":"https:\/\/grandepremio.com\/br\/wp-json\/wp\/v2\/comments?post=16387"}],"version-history":[{"count":0,"href":"https:\/\/grandepremio.com\/br\/wp-json\/wp\/v2\/posts\/16387\/revisions"}],"wp:featuredmedia":[{"embeddable":true,"href":"https:\/\/grandepremio.com\/br\/wp-json\/wp\/v2\/media\/1000426076"}],"wp:attachment":[{"href":"https:\/\/grandepremio.com\/br\/wp-json\/wp\/v2\/media?parent=16387"}],"wp:term":[{"taxonomy":"category","embeddable":true,"href":"https:\/\/grandepremio.com\/br\/wp-json\/wp\/v2\/categories?post=16387"},{"taxonomy":"post_tag","embeddable":true,"href":"https:\/\/grandepremio.com\/br\/wp-json\/wp\/v2\/tags?post=16387"},{"taxonomy":"42wp_author","embeddable":true,"href":"https:\/\/grandepremio.com\/br\/wp-json\/wp\/v2\/42wp_author?post=16387"}],"curies":[{"name":"wp","href":"https:\/\/api.w.org\/{rel}","templated":true}]}}