{"id":163884,"date":"2026-08-27T13:02:08","date_gmt":"2026-08-27T16:02:08","guid":{"rendered":"https:\/\/grandepremio.com\/br\/?p=163884"},"modified":"2026-08-27T13:02:10","modified_gmt":"2026-08-27T16:02:10","slug":"marco-bezzecchi-lesao-joelho-leva-tempo-melhorar-assume-vou-ter-sofrer","status":"publish","type":"post","link":"https:\/\/grandepremio.com\/br\/motogp\/marco-bezzecchi-lesao-joelho-leva-tempo-melhorar-assume-vou-ter-sofrer\/","title":{"rendered":"Bezzecchi diz que les\u00e3o no joelho \u201cleva tempo para melhorar\u201d e assume: \u201cVou ter de sofrer\u201d"},"content":{"rendered":"\n<p class=\"wp-block-paragraph\">Marco Bezzecchi admitiu que ter\u00e1 de \u201csofrer\u201d no GP de Arag\u00e3o deste fim de semana. O italiano explicou que a les\u00e3o do ombro melhorou bastante, mas o joelho esquerdo segue causando problemas.<\/p>\n\n\n\n<p class=\"wp-block-paragraph\">Bezzecchi sofreu uma queda violenta na classifica\u00e7\u00e3o na Alemanha e, al\u00e9m de uma fratura de clav\u00edcula, lesionou o joelho. O #72 voltou \u00e0 ativa no GP da Gr\u00e3-Bretanha, mas sofreu com perna.<\/p>\n\n\n\n<figure class=\"wp-block-embed is-type-video is-provider-youtube wp-block-embed-youtube wp-embed-aspect-16-9 wp-has-aspect-ratio\"><div class=\"wp-block-embed__wrapper\">\n<iframe loading=\"lazy\" title=\"MOTOGP CHEGA A ARAG\u00c3O COM APRILIA PRONTA PARA DESTRONAR MARC M\u00c1RQUEZ | Motoca GP\" width=\"500\" height=\"281\" src=\"https:\/\/www.youtube.com\/embed\/CSKIY6iS5Qc?feature=oembed\" frameborder=\"0\" allow=\"accelerometer; autoplay; clipboard-write; encrypted-media; gyroscope; picture-in-picture; web-share\" referrerpolicy=\"strict-origin-when-cross-origin\" allowfullscreen><\/iframe>\n<\/div><\/figure>\n\n\n\n<p class=\"wp-block-paragraph\">\u201cObviamente, Silverstone foi bom, mas tamb\u00e9m foi super duro\u201d, disse Bezzecchi. \u201cE, depois do fim de semana de corrida, tive muita dificuldade, especialmente com o meu joelho. Verdade que do ombro n\u00e3o posso reclamar muito. Estou me recuperando at\u00e9 que bem. Claro, n\u00e3o estou como gostaria, mas, no momento, \u00e9 o m\u00e1ximo que tenho\u201d, seguiu.<\/p>\n\n\n\n<p class=\"wp-block-paragraph\">\u201cMas estou com muita dificuldade com o meu joelho esquerdo. Infelizmente, a les\u00e3o leva muito tempo para melhorar. E pilotar n\u00e3o \u00e9 o melhor analg\u00e9sico\u201d, comentou. \u201cMas, no fim, estou dando o melhor de mim. Dei o meu melhor para estar em Silverstone. Dei o meu melhor para estar aqui. Vai ser duro tamb\u00e9m, mas vou dar meu melhor\u201d, assegurou.<\/p>\n\n\n\n<figure class=\"wp-block-image size-large\"><img loading=\"lazy\" decoding=\"async\" width=\"1024\" height=\"683\" src=\"https:\/\/grandepremio.com\/br\/wp-content\/uploads\/2026\/08\/DS_8917-2-1024x683.jpg\" alt=\"\" class=\"wp-image-1020311677\" srcset=\"https:\/\/grandepremio.com\/wp-content\/uploads\/2026\/08\/DS_8917-2-1024x683.jpg 1024w, https:\/\/grandepremio.com\/wp-content\/uploads\/2026\/08\/DS_8917-2-300x200.jpg 300w, https:\/\/grandepremio.com\/wp-content\/uploads\/2026\/08\/DS_8917-2-768x512.jpg 768w, https:\/\/grandepremio.com\/wp-content\/uploads\/2026\/08\/DS_8917-2-1536x1024.jpg 1536w, https:\/\/grandepremio.com\/wp-content\/uploads\/2026\/08\/DS_8917-2-2048x1365.jpg 2048w, https:\/\/grandepremio.com\/wp-content\/uploads\/2026\/08\/DS_8917-2-150x100.jpg 150w\" sizes=\"(max-width: 1024px) 100vw, 1024px\" \/><figcaption class=\"wp-element-caption\">Marco Bezzecchi acredita que ter\u00e1 de sofrer por causa da les\u00e3o na perna (Foto: Divulga\u00e7\u00e3o\/ MotoGP)<\/figcaption><\/figure>\n\n\n\n<p class=\"wp-block-paragraph\">A temporada, por\u00e9m, chega \u00e0 um momento de alta intensidade, j\u00e1 que ser\u00e3o disputadas dez etapas no intervalo de 14 semanas.<\/p>\n\n\n\n<p class=\"wp-block-paragraph\">Questionado se isso vai dificultar a recupera\u00e7\u00e3o, Bezzecchi respondeu: \u201cBom, vai ser duro. Como eu disse antes, o ombro est\u00e1 se recuperando bem. \u00c9 uma clav\u00edcula, ent\u00e3o n\u00e3o \u00e9 uma les\u00e3o super grande. Mas a fratura foi grande, ent\u00e3o a cirurgia foi um pouco mais longa em compara\u00e7\u00e3o com as outras vezes que quebrei ossos\u201d.<\/p>\n\n\n\n<p class=\"wp-block-paragraph\">\u201cMas o problema \u00e9 mais o meu joelho esquerdo, que est\u00e1 levando mais tempo. Est\u00e1 criando liquido dentro, ent\u00e3o fica mais dif\u00edcil dobrar a perna e fazer for\u00e7a na pedaleira\u201d, explicou. \u201cEstou fazendo todo o poss\u00edvel para me recuperar mais r\u00e1pido. Mas, com certeza, vou ter de sofrer\u201d, encerrou.<\/p>\n\n\n\n<p class=\"wp-block-paragraph\">A&nbsp;<strong>MotoGP<\/strong>&nbsp;<strong>volta a acelerar entre os dias 28 a 30 de agosto para o<\/strong>&nbsp;<strong>GP de Arag\u00e3o<\/strong>, 13\u00aa etapa da temporada 2026. O&nbsp;<strong>GRANDE PR\u00caMIO<\/strong>&nbsp;acompanha toda a programa\u00e7\u00e3o do fim de semana, assim como as demais categorias do&nbsp;Mundial de Motovelocidade.<\/p>\n","protected":false},"excerpt":{"rendered":"<p>Marco Bezzecchi afirmou que a les\u00e3o no joelho esquerdo ainda precisa de algum tempo de recupera\u00e7\u00e3o. Italiano destacou, por\u00e9m, que o ombro est\u00e1 recuperado<\/p>\n","protected":false},"author":10,"featured_media":1020311666,"comment_status":"closed","ping_status":"closed","sticky":false,"template":"","format":"standard","meta":{"42wp_featured_image_caption":"Marco Bezzecchi disse que a les\u00e3o no joelho leva tempo para recuperar","42wp_featured_image_credits":"AFP","42wp_featured_video":"","42wp_featured_image_hidden":false,"42wp_authors_list":[{"id":47113,"location":"de S\u00e3o Paulo"}],"footnotes":""},"categories":[8],"tags":[133,26038,2287],"42wp_author":[47113],"class_list":["post-163884","post","type-post","status-publish","format-standard","has-post-thumbnail","hentry","category-motogp","tag-aprilia","tag-aragao","tag-marco-bezzecchi","42wp_author-juliana-tesser"],"_links":{"self":[{"href":"https:\/\/grandepremio.com\/br\/wp-json\/wp\/v2\/posts\/163884","targetHints":{"allow":["GET"]}}],"collection":[{"href":"https:\/\/grandepremio.com\/br\/wp-json\/wp\/v2\/posts"}],"about":[{"href":"https:\/\/grandepremio.com\/br\/wp-json\/wp\/v2\/types\/post"}],"author":[{"embeddable":true,"href":"https:\/\/grandepremio.com\/br\/wp-json\/wp\/v2\/users\/10"}],"replies":[{"embeddable":true,"href":"https:\/\/grandepremio.com\/br\/wp-json\/wp\/v2\/comments?post=163884"}],"version-history":[{"count":2,"href":"https:\/\/grandepremio.com\/br\/wp-json\/wp\/v2\/posts\/163884\/revisions"}],"predecessor-version":[{"id":163892,"href":"https:\/\/grandepremio.com\/br\/wp-json\/wp\/v2\/posts\/163884\/revisions\/163892"}],"wp:featuredmedia":[{"embeddable":true,"href":"https:\/\/grandepremio.com\/br\/wp-json\/wp\/v2\/media\/1020311666"}],"wp:attachment":[{"href":"https:\/\/grandepremio.com\/br\/wp-json\/wp\/v2\/media?parent=163884"}],"wp:term":[{"taxonomy":"category","embeddable":true,"href":"https:\/\/grandepremio.com\/br\/wp-json\/wp\/v2\/categories?post=163884"},{"taxonomy":"post_tag","embeddable":true,"href":"https:\/\/grandepremio.com\/br\/wp-json\/wp\/v2\/tags?post=163884"},{"taxonomy":"42wp_author","embeddable":true,"href":"https:\/\/grandepremio.com\/br\/wp-json\/wp\/v2\/42wp_author?post=163884"}],"curies":[{"name":"wp","href":"https:\/\/api.w.org\/{rel}","templated":true}]}}