{"id":163893,"date":"2026-08-27T13:23:10","date_gmt":"2026-08-27T16:23:10","guid":{"rendered":"https:\/\/grandepremio.com\/br\/?p=163893"},"modified":"2026-08-27T13:23:11","modified_gmt":"2026-08-27T16:23:11","slug":"ganassi-homenageia-alessandro-zanardi-1o-titulo-pintura-especial-para-alex-palou-laguna-seca","status":"publish","type":"post","link":"https:\/\/grandepremio.com\/br\/indy\/ganassi-homenageia-alessandro-zanardi-1o-titulo-pintura-especial-para-alex-palou-laguna-seca\/","title":{"rendered":"Ganassi homenageia Zanardi e 1\u00ba t\u00edtulo com pintura especial para Palou em Laguna Seca"},"content":{"rendered":"\n<p class=\"wp-block-paragraph\">A Ganassi vai homenagear Alessandro Zanardi no GP de Laguna Seca, que encerra a temporada 2026 da Indy entre os dias 4 e 6 de setembro. \u00c1lex Palou vai correr com uma pintura que remete ao carro utilizado pelo italiano em 1996, ano em que a equipe conquistou o primeiro t\u00edtulo de sua hist\u00f3ria na categoria.<\/p>\n\n\n\n<p class=\"wp-block-paragraph\">Apesar de o trof\u00e9u ter chegado pelas m\u00e3os de Jimmy Vasser, a homenagem a Zanardi, que morreu em 1\u00ba de maio deste ano, se d\u00e1 pelos 30 anos do \u201cThe Pass\u201d. Na ocasi\u00e3o, o italiano se arriscou na temida curva Saca-Rolhas e ultrapassou Bryan Herta na \u00faltima volta para vencer o GP de Laguna Seca de 1996, disputado em 8 de setembro daquele ano.<\/p>\n\n\n\n<figure class=\"wp-block-embed is-type-video is-provider-youtube wp-block-embed-youtube wp-embed-aspect-9-16 wp-has-aspect-ratio\"><div class=\"wp-block-embed__wrapper\">\n<iframe loading=\"lazy\" title=\"&quot;Nasr surge como solu\u00e7\u00e3o para Penske ap\u00f3s temporada de pilotos vacilantes&quot;, analisa Daniel Balsa\" width=\"422\" height=\"750\" src=\"https:\/\/www.youtube.com\/embed\/ohVK6f_pTUM?feature=oembed\" frameborder=\"0\" allow=\"accelerometer; autoplay; clipboard-write; encrypted-media; gyroscope; picture-in-picture; web-share\" referrerpolicy=\"strict-origin-when-cross-origin\" allowfullscreen><\/iframe>\n<\/div><\/figure>\n\n\n\n<p class=\"wp-block-paragraph\">Para 2026, a pintura de Palou ganhou mais vermelho, cor predominante nos carros da Ganassi \u00e0 \u00e9poca, al\u00e9m dos raios que estampavam o carro da equipe em 1996. Entretanto, por quest\u00f5es relacionadas ao patrocinador atual, o amarelo mant\u00e9m enorme destaque.<\/p>\n\n\n\n<p class=\"wp-block-paragraph\">\u201cEstou empolgado por ter a pintura dos raios no carro. Vamos correr em mem\u00f3ria ao Alessandro Zanardi. Vamos correr em Laguna, nesse lugar, nessa curva e, no topo disso, s\u00e3o 30 anos do anivers\u00e1rio do primeiro t\u00edtulo da Ganassi e Honda na Indy. Ent\u00e3o, vamos dar tudo pelos f\u00e3s e por n\u00f3s tamb\u00e9m. Espero que seja uma grande corrida para n\u00f3s do #10\u201d, disse Palou.<\/p>\n\n\n\n<figure class=\"wp-block-image size-large\"><img loading=\"lazy\" decoding=\"async\" width=\"1024\" height=\"576\" src=\"https:\/\/grandepremio.com\/br\/wp-content\/uploads\/2026\/08\/sprint-7-1024x576.jpg\" alt=\"\" class=\"wp-image-1020313028\" srcset=\"https:\/\/grandepremio.com\/wp-content\/uploads\/2026\/08\/sprint-7-1024x576.jpg 1024w, https:\/\/grandepremio.com\/wp-content\/uploads\/2026\/08\/sprint-7-300x169.jpg 300w, https:\/\/grandepremio.com\/wp-content\/uploads\/2026\/08\/sprint-7-768x432.jpg 768w, https:\/\/grandepremio.com\/wp-content\/uploads\/2026\/08\/sprint-7-1536x864.jpg 1536w, https:\/\/grandepremio.com\/wp-content\/uploads\/2026\/08\/sprint-7-1200x675.jpg 1200w, https:\/\/grandepremio.com\/wp-content\/uploads\/2026\/08\/sprint-7-150x84.jpg 150w, https:\/\/grandepremio.com\/wp-content\/uploads\/2026\/08\/sprint-7.jpg 1920w\" sizes=\"(max-width: 1024px) 100vw, 1024px\" \/><figcaption class=\"wp-element-caption\">Pintura original utilizada por Alessandro Zanardi (Foto: Reprodu\u00e7\u00e3o)<\/figcaption><\/figure>\n\n\n\n<p class=\"wp-block-paragraph\">Palou est\u00e1 muito pr\u00f3ximo de fazer a Ganassi se tornar, de forma isolada, a equipe com mais t\u00edtulos na hist\u00f3ria da Indy. O espanhol possui alt\u00edssimas chances de levar o 19\u00ba campeonato para o time e desbancar a Penske neste fim de semana de rodada dupla em Milwaukee. Para isso, basta terminar a primeira corrida com 108 pontos de vantagem sobre a concorr\u00eancia ou com 54 ap\u00f3s a segunda prova. Atualmente, a diferen\u00e7a para o segundo colocado, Kyle Kirkwood, \u00e9 de 91 pontos.<\/p>\n\n\n\n<p class=\"wp-block-paragraph\">A Indy retorna neste fim de semana, com a rodada dupla no oval de 1 milha (1,609 km) de Milwaukee \u2014 16\u00aa e 17\u00aa etapas da temporada 2026 \u2014, localizado na cidade de West Allis, no Wisconsin. O&nbsp;<strong>GRANDE PR\u00caMIO<\/strong>&nbsp;faz cobertura completa do evento.<\/p>\n\n\n\n<h2 class=\"wp-block-heading\">Rodada dupla de Milwaukee da Indy: veja os hor\u00e1rios em Brasil, Cabo Verde,&nbsp;<a href=\"https:\/\/grandepremio.pt\/\" target=\"_blank\" rel=\"noopener\"><strong>Portugal<\/strong><\/a>, Angola e Mo\u00e7ambique:<\/h2>\n\n\n\n<h3 class=\"wp-block-heading\">Hor\u00e1rios no Brasil*<\/h3>\n\n\n\n<ul class=\"wp-block-list\">\n<li><strong>Treino livre 1 (28\/08): 19:00<\/strong><\/li>\n\n\n\n<li><strong>Classifica\u00e7\u00e3o (29\/08): 12:00<\/strong><\/li>\n\n\n\n<li><strong>Corrida 1 (29\/08): 15:30<\/strong><\/li>\n\n\n\n<li><strong>Warm-up\u00a0(30\/08): 11:15<\/strong><\/li>\n\n\n\n<li><strong>Corrida 2 (30\/08): 14:00<\/strong><\/li>\n<\/ul>\n\n\n\n<h3 class=\"wp-block-heading\">Hor\u00e1rios em Portugal e Angola<\/h3>\n\n\n\n<ul class=\"wp-block-list\">\n<li><strong>Treino livre 1 (28\/08): 23:00<\/strong><\/li>\n\n\n\n<li><strong>Classifica\u00e7\u00e3o (29\/08): 16:00<\/strong><\/li>\n\n\n\n<li><strong>Corrida 1 (29\/08): 19:30<\/strong><\/li>\n\n\n\n<li><strong>Warm-up\u00a0(30\/08): 15:15<\/strong><\/li>\n\n\n\n<li><strong>Corrida 2 (30\/08): 18:00<\/strong><\/li>\n<\/ul>\n\n\n\n<h3 class=\"wp-block-heading\">Hor\u00e1rios em Cabo Verde<\/h3>\n\n\n\n<ul class=\"wp-block-list\">\n<li><strong>Treino livre 1 (28\/08): 21:00<\/strong><\/li>\n\n\n\n<li><strong>Classifica\u00e7\u00e3o (29\/08): 14:00<\/strong><\/li>\n\n\n\n<li><strong>Corrida 1 (29\/08): 17:30<\/strong><\/li>\n\n\n\n<li><strong>Warm-up\u00a0(30\/08): 13:15<\/strong><\/li>\n\n\n\n<li><strong>Corrida 2 (30\/08): 16:00<\/strong><\/li>\n<\/ul>\n\n\n\n<h3 class=\"wp-block-heading\"><strong>Hor\u00e1rios em Mo\u00e7ambique<\/strong><\/h3>\n\n\n\n<ul class=\"wp-block-list\">\n<li><strong>Treino livre 1 (28\/08): 22:00<\/strong><\/li>\n\n\n\n<li><strong>Classifica\u00e7\u00e3o (29\/08): 15:00<\/strong><\/li>\n\n\n\n<li><strong>Corrida 1 (29\/08): 18:30<\/strong><\/li>\n\n\n\n<li><strong>Warm-up\u00a0(30\/08): 14:15<\/strong><\/li>\n\n\n\n<li><strong>Corrida 2 (30\/08): 17:00<\/strong><\/li>\n<\/ul>\n\n\n\n<p class=\"wp-block-paragraph\"><em>*Hor\u00e1rio de Bras\u00edlia<\/em><\/p>\n","protected":false},"excerpt":{"rendered":"<p>\u00c1lex Palou vai correr com pintura que remete ao carro de 1996 usado por Alessandro Zanardi, 30 anos ap\u00f3s a hist\u00f3rica ultrapassagem na curva Saca-Rolhas, e ao primeiro t\u00edtulo da Ganassi na Indy<\/p>\n","protected":false},"author":14,"featured_media":1020313027,"comment_status":"closed","ping_status":"closed","sticky":false,"template":"","format":"standard","meta":{"42wp_featured_image_caption":"Pintura especial que \u00c1lex Palou vai correr o GP de Laguna Seca","42wp_featured_image_credits":"\u00c1lex Palou","42wp_featured_video":"","42wp_featured_image_hidden":false,"42wp_authors_list":[],"footnotes":""},"categories":[3],"tags":[3226,1595,3419],"42wp_author":[],"class_list":["post-163893","post","type-post","status-publish","format-standard","has-post-thumbnail","hentry","category-indy","tag-alessandro-zanardi","tag-ganassi","tag-laguna-seca"],"_links":{"self":[{"href":"https:\/\/grandepremio.com\/br\/wp-json\/wp\/v2\/posts\/163893","targetHints":{"allow":["GET"]}}],"collection":[{"href":"https:\/\/grandepremio.com\/br\/wp-json\/wp\/v2\/posts"}],"about":[{"href":"https:\/\/grandepremio.com\/br\/wp-json\/wp\/v2\/types\/post"}],"author":[{"embeddable":true,"href":"https:\/\/grandepremio.com\/br\/wp-json\/wp\/v2\/users\/14"}],"replies":[{"embeddable":true,"href":"https:\/\/grandepremio.com\/br\/wp-json\/wp\/v2\/comments?post=163893"}],"version-history":[{"count":1,"href":"https:\/\/grandepremio.com\/br\/wp-json\/wp\/v2\/posts\/163893\/revisions"}],"predecessor-version":[{"id":163900,"href":"https:\/\/grandepremio.com\/br\/wp-json\/wp\/v2\/posts\/163893\/revisions\/163900"}],"wp:featuredmedia":[{"embeddable":true,"href":"https:\/\/grandepremio.com\/br\/wp-json\/wp\/v2\/media\/1020313027"}],"wp:attachment":[{"href":"https:\/\/grandepremio.com\/br\/wp-json\/wp\/v2\/media?parent=163893"}],"wp:term":[{"taxonomy":"category","embeddable":true,"href":"https:\/\/grandepremio.com\/br\/wp-json\/wp\/v2\/categories?post=163893"},{"taxonomy":"post_tag","embeddable":true,"href":"https:\/\/grandepremio.com\/br\/wp-json\/wp\/v2\/tags?post=163893"},{"taxonomy":"42wp_author","embeddable":true,"href":"https:\/\/grandepremio.com\/br\/wp-json\/wp\/v2\/42wp_author?post=163893"}],"curies":[{"name":"wp","href":"https:\/\/api.w.org\/{rel}","templated":true}]}}