{"id":163896,"date":"2026-08-30T04:00:00","date_gmt":"2026-08-30T07:00:00","guid":{"rendered":"https:\/\/grandepremio.com\/br\/?p=163896"},"modified":"2026-08-27T13:25:18","modified_gmt":"2026-08-27T16:25:18","slug":"tem-f1-tv-hoje-saiba-quando-proxima-corrida-4","status":"publish","type":"post","link":"https:\/\/grandepremio.com\/br\/f1\/tem-f1-tv-hoje-saiba-quando-proxima-corrida-4\/","title":{"rendered":"Tem F1 na TV hoje? Saiba quando \u00e9 a pr\u00f3xima corrida"},"content":{"rendered":"\n<p class=\"wp-block-paragraph\">Depois de um hiato de quase um m\u00eas devido \u00e0s f\u00e9rias de ver\u00e3o, a F\u00f3rmula 1 retomou as atividades da temporada 2026 com a realiza\u00e7\u00e3o do GP dos Pa\u00edses Baixos, que teve vit\u00f3ria de Lando Norris. Por\u00e9m, a categoria enfrenta um pequeno intervalo antes de voltar \u00e0 pista entre os dias 4 e 6 de setembro, em Monza.<\/p>\n\n\n\n<p class=\"wp-block-paragraph\">Viajando por diversas partes do mundo, \u00e9 comum que a F\u00f3rmula 1 tenha intervalos de at\u00e9 duas semanas entre uma corrida e outra. E, ainda que a categoria tenha acabado de voltar das f\u00e9rias, um novo per\u00edodo de pausa foi necess\u00e1rio antes da realiza\u00e7\u00e3o do GP da It\u00e1lia.<\/p>\n\n\n\n<figure class=\"wp-block-embed is-type-video is-provider-youtube wp-block-embed-youtube wp-embed-aspect-16-9 wp-has-aspect-ratio\"><div class=\"wp-block-embed__wrapper\">\n<iframe loading=\"lazy\" title=\"BATALHA SEGUE ABERTA NA F1 | TT GP #233\" width=\"500\" height=\"281\" src=\"https:\/\/www.youtube.com\/embed\/Bm8EnKYBjAg?feature=oembed\" frameborder=\"0\" allow=\"accelerometer; autoplay; clipboard-write; encrypted-media; gyroscope; picture-in-picture; web-share\" referrerpolicy=\"strict-origin-when-cross-origin\" allowfullscreen><\/iframe>\n<\/div><\/figure>\n\n\n\n<p class=\"wp-block-paragraph\">Diferentemente do GP dos Pa\u00edses Baixos, a corrida em Monza acontecer\u00e1 no formato tradicional. Portanto, a sexta-feira (4) ser\u00e1 voltada aos treinos livres, com o TL1 \u00e0s 7h30 e o TL2 \u00e0s 11h, no hor\u00e1rio de Bras\u00edlia (GMT-3).<\/p>\n\n\n\n<p class=\"wp-block-paragraph\">No s\u00e1bado (5), a a\u00e7\u00e3o come\u00e7a com o TL3 \u00e0s 7h30, e os carros voltam \u00e0 pista \u00e0s 11h para a classifica\u00e7\u00e3o. Por fim, no domingo (6), \u00e0s 10h, come\u00e7a o GP da It\u00e1lia.<\/p>\n\n\n\n<figure class=\"wp-block-image size-large\"><img loading=\"lazy\" decoding=\"async\" width=\"1024\" height=\"819\" src=\"https:\/\/grandepremio.com\/br\/wp-content\/uploads\/2026\/08\/f1-2026-paises-baixos-corrida-mclaren-lando-norris-07-1024x819.jpg\" alt=\"F1 2026, PAISES BAIXOS, CORRIDA, MCLAREN, LANDO NORRIS\" class=\"wp-image-1020312967\" srcset=\"https:\/\/grandepremio.com\/wp-content\/uploads\/2026\/08\/f1-2026-paises-baixos-corrida-mclaren-lando-norris-07-1024x819.jpg 1024w, https:\/\/grandepremio.com\/wp-content\/uploads\/2026\/08\/f1-2026-paises-baixos-corrida-mclaren-lando-norris-07-300x240.jpg 300w, https:\/\/grandepremio.com\/wp-content\/uploads\/2026\/08\/f1-2026-paises-baixos-corrida-mclaren-lando-norris-07-768x614.jpg 768w, https:\/\/grandepremio.com\/wp-content\/uploads\/2026\/08\/f1-2026-paises-baixos-corrida-mclaren-lando-norris-07-1536x1229.jpg 1536w, https:\/\/grandepremio.com\/wp-content\/uploads\/2026\/08\/f1-2026-paises-baixos-corrida-mclaren-lando-norris-07-2048x1639.jpg 2048w, https:\/\/grandepremio.com\/wp-content\/uploads\/2026\/08\/f1-2026-paises-baixos-corrida-mclaren-lando-norris-07-150x120.jpg 150w\" sizes=\"(max-width: 1024px) 100vw, 1024px\" \/><figcaption class=\"wp-element-caption\">Lando Norris venceu as duas \u00faltimas corridas da F1 2026 (Foto: Gabriel L\u00f3pez\/Grande Pr\u00eamio)<\/figcaption><\/figure>\n\n\n\n<p class=\"wp-block-paragraph\">A F1 chega \u00e0 It\u00e1lia com Andrea Kimi Antonelli liderando o Mundial de Pilotos com 59 pontos de vantagem sobre Lewis Hamilton e George Russell, que aparecem empatados na segunda posi\u00e7\u00e3o. Por\u00e9m, quem vive um grande momento na temporada \u00e9 Norris, que venceu as duas \u00faltimas corridas.<\/p>\n","protected":false},"excerpt":{"rendered":"<p>A F\u00f3rmula 1 retornou das f\u00e9rias de ver\u00e3o com a realiza\u00e7\u00e3o do GP dos Pa\u00edses Baixos, mas agora enfrenta um pequeno hiato antes da etapa na It\u00e1lia. Saiba quando ser\u00e1 a prova em Monza<\/p>\n","protected":false},"author":17,"featured_media":1020312938,"comment_status":"closed","ping_status":"closed","sticky":false,"template":"","format":"standard","meta":{"42wp_featured_image_caption":"A F\u00f3rmula 1 enfrenta um pequeno hiato ap\u00f3s o GP dos Pa\u00edses Baixos","42wp_featured_image_credits":"Pirelli","42wp_featured_video":"","42wp_featured_image_hidden":false,"42wp_authors_list":[{"id":47149,"location":"de Belo Horizonte"}],"footnotes":""},"categories":[2],"tags":[207,24898,1737],"42wp_author":[47149],"class_list":["post-163896","post","type-post","status-publish","format-standard","has-post-thumbnail","hentry","category-f1","tag-ferrari","tag-gp-da-italia","tag-monza","42wp_author-bernardo-castro"],"_links":{"self":[{"href":"https:\/\/grandepremio.com\/br\/wp-json\/wp\/v2\/posts\/163896","targetHints":{"allow":["GET"]}}],"collection":[{"href":"https:\/\/grandepremio.com\/br\/wp-json\/wp\/v2\/posts"}],"about":[{"href":"https:\/\/grandepremio.com\/br\/wp-json\/wp\/v2\/types\/post"}],"author":[{"embeddable":true,"href":"https:\/\/grandepremio.com\/br\/wp-json\/wp\/v2\/users\/17"}],"replies":[{"embeddable":true,"href":"https:\/\/grandepremio.com\/br\/wp-json\/wp\/v2\/comments?post=163896"}],"version-history":[{"count":1,"href":"https:\/\/grandepremio.com\/br\/wp-json\/wp\/v2\/posts\/163896\/revisions"}],"predecessor-version":[{"id":163901,"href":"https:\/\/grandepremio.com\/br\/wp-json\/wp\/v2\/posts\/163896\/revisions\/163901"}],"wp:featuredmedia":[{"embeddable":true,"href":"https:\/\/grandepremio.com\/br\/wp-json\/wp\/v2\/media\/1020312938"}],"wp:attachment":[{"href":"https:\/\/grandepremio.com\/br\/wp-json\/wp\/v2\/media?parent=163896"}],"wp:term":[{"taxonomy":"category","embeddable":true,"href":"https:\/\/grandepremio.com\/br\/wp-json\/wp\/v2\/categories?post=163896"},{"taxonomy":"post_tag","embeddable":true,"href":"https:\/\/grandepremio.com\/br\/wp-json\/wp\/v2\/tags?post=163896"},{"taxonomy":"42wp_author","embeddable":true,"href":"https:\/\/grandepremio.com\/br\/wp-json\/wp\/v2\/42wp_author?post=163896"}],"curies":[{"name":"wp","href":"https:\/\/api.w.org\/{rel}","templated":true}]}}