{"id":163961,"date":"2026-08-27T16:20:46","date_gmt":"2026-08-27T19:20:46","guid":{"rendered":"https:\/\/grandepremio.com\/br\/?p=163961"},"modified":"2026-08-27T16:20:47","modified_gmt":"2026-08-27T19:20:47","slug":"indy-ve-chance-manter-gp-de-washington-mas-pede-definicao-em-2-ou-3-semanas","status":"publish","type":"post","link":"https:\/\/grandepremio.com\/br\/indy\/indy-ve-chance-manter-gp-de-washington-mas-pede-definicao-em-2-ou-3-semanas\/","title":{"rendered":"Indy v\u00ea chance de manter GP de Washington, mas pede defini\u00e7\u00e3o em &#8220;2 ou 3 semanas&#8221;"},"content":{"rendered":"\n<p class=\"wp-block-paragraph\">Vice-presidente da Penske Entertainment, empresa propriet\u00e1ria da Indy, Bud Denker v\u00ea as portas abertas para a categoria voltar a competir nas ruas de Washington no futuro. No entanto, o dirigente apontou que o tempo \u00e9 curto para definir a perman\u00eancia do evento no calend\u00e1rio de 2027.<\/p>\n\n\n\n<p class=\"wp-block-paragraph\">O GP de Washington surgiu de uma ideia da Fox, transmissora e s\u00f3cia da Indy, para celebrar os 250 anos da Declara\u00e7\u00e3o da Independ\u00eancia dos Estados Unidos \u2014 por isso, o nome Freedom 250. O governo de Donald Trump apoiou a iniciativa e fez for\u00e7a para que o evento fosse realizado, o que obrigou a categoria a inclu\u00ed-lo no calend\u00e1rio em janeiro deste ano, meses ap\u00f3s a defini\u00e7\u00e3o da programa\u00e7\u00e3o de 2026. Denker foi o respons\u00e1vel por liderar a organiza\u00e7\u00e3o.<\/p>\n\n\n\n<p class=\"wp-block-paragraph\">Os n\u00fameros do GP de Washington nos Estados Unidos foram impressionantes, com 3,2 milh\u00f5es de espectadores, o que tornou a prova a maior audi\u00eancia da IndyCar \u2014 criada pela reunifica\u00e7\u00e3o de CART e IRL em 2008 \u2014 al\u00e9m das 500 Milhas de Indian\u00e1polis.<\/p>\n\n\n\n<p class=\"wp-block-paragraph\">Contribui \u00e0 perman\u00eancia no calend\u00e1rio o fato de o evento ter sido realizado durante o recesso do Congresso americano, o que levou \u00e0 cidade uma movimenta\u00e7\u00e3o acima do esperado e <strong><a href=\"https:\/\/grandepremio.com\/br\/indy\/prefeita-rejeita-evento-unico-pede-permanencia-gp-de-washington-indy\/\">rendeu o apoio da prefeita de Washington, Muriel Bowser, \u00e0 continuidade da prova nos pr\u00f3ximos anos<\/a><\/strong>.<\/p>\n\n\n\n<p class=\"wp-block-paragraph\">No entanto, na vis\u00e3o de Denker, uma decis\u00e3o oficial sobre a perman\u00eancia do GP de Washington no calend\u00e1rio da Indy precisa ser tomada em \u201cduas ou tr\u00eas semanas\u201d.<\/p>\n\n\n\n<p class=\"wp-block-paragraph\">\u201cN\u00e3o h\u00e1 raz\u00e3o para n\u00e3o conseguirmos fazer isso do ponto de vista operacional. Dessa vez, n\u00e3o acho que seria necess\u00e1rio um decreto executivo. Mas a quest\u00e3o \u00e9: queremos fazer o evento? Essa \u00e9 uma decis\u00e3o que precisamos tomar nas pr\u00f3ximas duas ou tr\u00eas semanas\u201d, comentou o dirigente da Indy.<\/p>\n","protected":false},"excerpt":{"rendered":"<p>Bud Denker, vice-presidente de empresa propriet\u00e1ria da Indy, destacou o interesse em manter a corrida nas ruas da capital dos EUA, mas afirmou que decis\u00e3o sobre 2027 precisa ser tomada em breve.<\/p>\n","protected":false},"author":14,"featured_media":1020312894,"comment_status":"closed","ping_status":"closed","sticky":false,"template":"","format":"standard","meta":{"42wp_featured_image_caption":"A largada do GP de Washington","42wp_featured_image_credits":"IndyCar","42wp_featured_video":"","42wp_featured_image_hidden":false,"42wp_authors_list":[{"id":47155,"location":"de S\u00e3o Paulo"}],"footnotes":""},"categories":[3],"tags":[45771],"42wp_author":[47155],"class_list":["post-163961","post","type-post","status-publish","format-standard","has-post-thumbnail","hentry","category-indy","tag-gp-de-washington","42wp_author-daniel-balsa"],"_links":{"self":[{"href":"https:\/\/grandepremio.com\/br\/wp-json\/wp\/v2\/posts\/163961","targetHints":{"allow":["GET"]}}],"collection":[{"href":"https:\/\/grandepremio.com\/br\/wp-json\/wp\/v2\/posts"}],"about":[{"href":"https:\/\/grandepremio.com\/br\/wp-json\/wp\/v2\/types\/post"}],"author":[{"embeddable":true,"href":"https:\/\/grandepremio.com\/br\/wp-json\/wp\/v2\/users\/14"}],"replies":[{"embeddable":true,"href":"https:\/\/grandepremio.com\/br\/wp-json\/wp\/v2\/comments?post=163961"}],"version-history":[{"count":1,"href":"https:\/\/grandepremio.com\/br\/wp-json\/wp\/v2\/posts\/163961\/revisions"}],"predecessor-version":[{"id":163971,"href":"https:\/\/grandepremio.com\/br\/wp-json\/wp\/v2\/posts\/163961\/revisions\/163971"}],"wp:featuredmedia":[{"embeddable":true,"href":"https:\/\/grandepremio.com\/br\/wp-json\/wp\/v2\/media\/1020312894"}],"wp:attachment":[{"href":"https:\/\/grandepremio.com\/br\/wp-json\/wp\/v2\/media?parent=163961"}],"wp:term":[{"taxonomy":"category","embeddable":true,"href":"https:\/\/grandepremio.com\/br\/wp-json\/wp\/v2\/categories?post=163961"},{"taxonomy":"post_tag","embeddable":true,"href":"https:\/\/grandepremio.com\/br\/wp-json\/wp\/v2\/tags?post=163961"},{"taxonomy":"42wp_author","embeddable":true,"href":"https:\/\/grandepremio.com\/br\/wp-json\/wp\/v2\/42wp_author?post=163961"}],"curies":[{"name":"wp","href":"https:\/\/api.w.org\/{rel}","templated":true}]}}