{"id":164048,"date":"2026-08-28T09:58:46","date_gmt":"2026-08-28T12:58:46","guid":{"rendered":"https:\/\/grandepremio.com\/br\/?p=164048"},"modified":"2026-08-28T10:47:29","modified_gmt":"2026-08-28T13:47:29","slug":"ivan-ortola-mostra-forca-lidera-movimentado-treino-moto2-aragao-manuel-gonzalez-6","status":"publish","type":"post","link":"https:\/\/grandepremio.com\/br\/motogp\/ivan-ortola-mostra-forca-lidera-movimentado-treino-moto2-aragao-manuel-gonzalez-6\/","title":{"rendered":"Ortol\u00e1 mostra for\u00e7a e lidera movimentado treino da Moto2 em Arag\u00e3o. Gonz\u00e1lez \u00e9 6\u00ba"},"content":{"rendered":"\n<p class=\"wp-block-paragraph\"><strong>Iv\u00e1n Ortol\u00e1 superou advers\u00e1rios e estabeleceu recorde da pista de MotorLand ao liderar o dia de treino <\/strong>do GP de Arag\u00e3o desta sexta-feira (28). Arrancando a lideran\u00e7a nos minutos finais, o piloto <strong>estabeleceu o melhor tempo com marca de 1min49s791<\/strong>, com vantagem de 0s058 em rela\u00e7\u00e3o \u00e0 Daniel Holgado.<\/p>\n\n\n\n<p class=\"wp-block-paragraph\">Senna Agius aproveitou momento em que teve maior liberdade na pista e cravou 1min49s973 para garantir o terceiro melhor tempo. Alonso L\u00f3pez, Celestino Vietti, Manuel Gonz\u00e1lez, Daniel Mu\u00f1oz, Alex Escrig, Collin Veijer e Iz\u00e1n Guevara fecharam a lista dos dez primeiros colocados.<\/p>\n\n\n\n<figure class=\"wp-block-embed is-type-video is-provider-youtube wp-block-embed-youtube wp-embed-aspect-16-9 wp-has-aspect-ratio\"><div class=\"wp-block-embed__wrapper\">\n<iframe loading=\"lazy\" title=\"MOTOGP CHEGA A ARAG\u00c3O COM APRILIA PRONTA PARA DESTRONAR MARC M\u00c1RQUEZ | Motoca GP\" width=\"500\" height=\"281\" src=\"https:\/\/www.youtube.com\/embed\/CSKIY6iS5Qc?feature=oembed\" frameborder=\"0\" allow=\"accelerometer; autoplay; clipboard-write; encrypted-media; gyroscope; picture-in-picture; web-share\" referrerpolicy=\"strict-origin-when-cross-origin\" allowfullscreen><\/iframe>\n<\/div><\/figure>\n\n\n\n<p class=\"wp-block-paragraph\">A linha de corte para a definir os 14 classificados sofreu diversas altera\u00e7\u00f5es no fim, mas quem conseguiu garantir as \u00faltimas vagas foram Ayumu Sasaki, Barry Baltus, Angel Piqueras e Taiyo Furusato. Nomes como Filip Sala\u010d, David Alonso e Aaron Canet precisar\u00e3o disputar o Q1.<\/p>\n\n\n\n<p class=\"wp-block-paragraph\">A <strong>Moto2 <\/strong>volta a acelerar neste s\u00e1bado (29), a partir das 4h25, para o TL2 do <strong>GP de Arag\u00e3o<\/strong>, 13\u00aa etapa da temporada 2026. O <strong>GRANDE PR\u00caMIO <\/strong>acompanha toda a programa\u00e7\u00e3o do fim de semana, assim como as demais categorias do Mundial de Motovelocidade.<\/p>\n\n\n\n<figure class=\"wp-block-image size-large\"><img loading=\"lazy\" decoding=\"async\" width=\"1024\" height=\"683\" src=\"https:\/\/grandepremio.com\/br\/wp-content\/uploads\/2026\/08\/DANI-HOLGADO-1024x683.jpg\" alt=\"\" class=\"wp-image-1020313062\" srcset=\"https:\/\/grandepremio.com\/wp-content\/uploads\/2026\/08\/DANI-HOLGADO-1024x683.jpg 1024w, https:\/\/grandepremio.com\/wp-content\/uploads\/2026\/08\/DANI-HOLGADO-300x200.jpg 300w, https:\/\/grandepremio.com\/wp-content\/uploads\/2026\/08\/DANI-HOLGADO-768x512.jpg 768w, https:\/\/grandepremio.com\/wp-content\/uploads\/2026\/08\/DANI-HOLGADO-1536x1024.jpg 1536w, https:\/\/grandepremio.com\/wp-content\/uploads\/2026\/08\/DANI-HOLGADO-2048x1366.jpg 2048w, https:\/\/grandepremio.com\/wp-content\/uploads\/2026\/08\/DANI-HOLGADO-150x100.jpg 150w\" sizes=\"(max-width: 1024px) 100vw, 1024px\" \/><figcaption class=\"wp-element-caption\">Daniel Holgado fechou dia de treino em Arag\u00e3o na segunda coloca\u00e7\u00e3o (Foto: Aspar)<\/figcaption><\/figure>\n\n\n\n<h2 class=\"wp-block-heading\">Como foi o treino da Moto2 em Arag\u00e3o:<\/h2>\n\n\n\n<figure class=\"wp-block-video\"><video class=\"video-js vjs-big-play-centered\" data-gp-vjs=\"1\" controls src=\"https:\/\/grandepremio-portal.b-cdn.net\/2026\/08\/INICIO-TREINO-MOTO2-ARAGAO.mp4\"><\/video><figcaption class=\"wp-element-caption\">Moto2 inicia treino da Moto2 em Arag\u00e3o (V\u00eddeo: Reprodu\u00e7\u00e3o\/MotoGP)<\/figcaption><\/figure>\n\n\n\n<p class=\"wp-block-paragraph\">A sess\u00e3o come\u00e7ou com Alonso novamente em bom ritmo. Depois de apresentar desempenho competitivo no treino livre, o piloto #80 conseguiu manter estabilidade e permaneceu por um longo per\u00edodo entre os 14 primeiros colocados, garantindo provisoriamente a classifica\u00e7\u00e3o direta para o Q2.<\/p>\n\n\n\n<p class=\"wp-block-paragraph\">Entre os principais nomes da categoria, Aaron Canet enfrentou dificuldades logo no in\u00edcio. O espanhol perdeu cerca de 0s5 apenas no primeiro setor e n\u00e3o conseguiu encontrar bom ritmo entre as curvas 1 e 5. Depois de nove voltas, Canet ocupava apenas a 26\u00aa posi\u00e7\u00e3o, com 1min51s607.<\/p>\n\n\n\n<figure class=\"wp-block-video\"><video class=\"video-js vjs-big-play-centered\" data-gp-vjs=\"1\" controls src=\"https:\/\/grandepremio-portal.b-cdn.net\/2026\/08\/ALONSO-LOPEZ-TREINO-MOTO2-ARAGAO.mp4\"><\/video><figcaption class=\"wp-element-caption\">Alonso L\u00f3pez come\u00e7a treino da Moto2 na frente em Arag\u00e3o (V\u00eddeo: Reprodu\u00e7\u00e3o\/MotoGP)<\/figcaption><\/figure>\n\n\n\n<p class=\"wp-block-paragraph\">Manuel Gonz\u00e1lez tamb\u00e9m teve problemas na parte inicial do treino e chegou a aparecer em 14\u00ba durante alguns minutos. Antes da metade da sess\u00e3o, por\u00e9m, o espanhol reagiu e registrou 1min50s793, tempo suficiente para assumir a oitava posi\u00e7\u00e3o naquele momento. Outro nome que chamou aten\u00e7\u00e3o positivamente foi Alex Escrig, que conseguiu manter o ritmo e segurar a press\u00e3o dos advers\u00e1rios na disputa pelas posi\u00e7\u00f5es de classifica\u00e7\u00e3o.<\/p>\n\n\n\n<p class=\"wp-block-paragraph\">Na frente, quem ditava o ritmo era Alonso L\u00f3pez. Depois de algumas etapas abaixo das expectativas na Moto2, o piloto estabeleceu 1min50s380 e permaneceu na lideran\u00e7a durante boa parte da sess\u00e3o. Quando restavam 10min para o fim, por\u00e9m, Senna Agius aproveitou a pista mais livre e marcou 1min50s009, assumindo a primeira posi\u00e7\u00e3o.<\/p>\n\n\n\n<p class=\"wp-block-paragraph\">Antes da fase decisiva, Celestino Vietti aparecia em situa\u00e7\u00e3o delicada. O italiano tinha apenas o 16\u00ba melhor tempo, com 1min51s047, e precisava reagir para evitar a passagem pelo Q1.<\/p>\n\n\n\n<p class=\"wp-block-paragraph\">A disputa aumentou nos minutos finais, com os pilotos do pelot\u00e3o principal aproveitando principalmente os setores 2 e 4 para baixar os tempos. Holgado foi o primeiro a estabelecer um novo recorde de MotorLand, com 1min49s921, mas Ortol\u00e1 respondeu rapidamente e cravou 1min49s791 para assumir a lideran\u00e7a.<\/p>\n\n\n\n<figure class=\"wp-block-image size-large\"><img loading=\"lazy\" decoding=\"async\" width=\"1024\" height=\"576\" src=\"https:\/\/grandepremio.com\/br\/wp-content\/uploads\/2026\/08\/HQz3Qv5WUAATjkn-1024x576.jpg\" alt=\"\" class=\"wp-image-1020313064\" srcset=\"https:\/\/grandepremio.com\/wp-content\/uploads\/2026\/08\/HQz3Qv5WUAATjkn-1024x576.jpg 1024w, https:\/\/grandepremio.com\/wp-content\/uploads\/2026\/08\/HQz3Qv5WUAATjkn-300x169.jpg 300w, https:\/\/grandepremio.com\/wp-content\/uploads\/2026\/08\/HQz3Qv5WUAATjkn-768x432.jpg 768w, https:\/\/grandepremio.com\/wp-content\/uploads\/2026\/08\/HQz3Qv5WUAATjkn-1536x864.jpg 1536w, https:\/\/grandepremio.com\/wp-content\/uploads\/2026\/08\/HQz3Qv5WUAATjkn-1200x675.jpg 1200w, https:\/\/grandepremio.com\/wp-content\/uploads\/2026\/08\/HQz3Qv5WUAATjkn-150x84.jpg 150w, https:\/\/grandepremio.com\/wp-content\/uploads\/2026\/08\/HQz3Qv5WUAATjkn.jpg 1920w\" sizes=\"(max-width: 1024px) 100vw, 1024px\" \/><figcaption class=\"wp-element-caption\">Iv\u00e1n Ortol\u00e1 estabeleceu novo recorde da pista de MotorLand (Foto: Reprodu\u00e7\u00e3o)<\/figcaption><\/figure>\n\n\n\n<p class=\"wp-block-paragraph\">Vietti tamb\u00e9m conseguiu reagir e chegou a entrar na zona de classifica\u00e7\u00e3o direta para o Q2 com 1min50s805. A posi\u00e7\u00e3o, por\u00e9m, durou pouco, e o italiano voltou a ficar amea\u00e7ado pela forte movimenta\u00e7\u00e3o do pelot\u00e3o. David Alonso, que havia sido um dos destaques no in\u00edcio da sess\u00e3o, perdeu rendimento e passou a enfrentar dificuldades para extrair desempenho da moto.<\/p>\n\n\n\n<p class=\"wp-block-paragraph\">Na \u00faltima tentativa, o colombiano terminou em 15\u00ba lugar, ficando a 0s6 da zona de classifica\u00e7\u00e3o para o Q2. Jos\u00e9 Antonio Rueda tamb\u00e9m n\u00e3o conseguiu garantir uma das 14 primeiras posi\u00e7\u00f5es.<\/p>\n\n\n\n<p class=\"wp-block-paragraph\">Com o cron\u00f4metro zerado, Vietti encontrou a volta que precisava. O italiano registrou 1min50s296, saltou para a quinta posi\u00e7\u00e3o e tirou Adri\u00e1n Huertas da zona de classifica\u00e7\u00e3o direta. Escrig tamb\u00e9m conseguiu reagir na reta final e avan\u00e7ou com 1min50s377. Sala\u010d, por outro lado, n\u00e3o conseguiu melhorar a tempo e acabou ficando fora dos 14 primeiros colocados.<\/p>\n\n\n\n<h2 class=\"wp-block-heading\">\u200bMoto2: resultado do treino do GP de Arag\u00e3o em MotorLand<\/h2>\n\n\n\n<figure class=\"wp-block-table is-style-stripes\"><table class=\"has-fixed-layout\"><tbody><tr><td>POS<\/td><td>Piloto<\/td><td>Equipe<\/td><td>Tempo<\/td><td>Dif<\/td><\/tr><tr><td>1<\/td><td>I ORTOL\u00c1<\/td><td>MSi Kalex<\/td><td>1:49.791<\/td><td><\/td><\/tr><tr><td>2<\/td><td>D HOLGADO<\/td><td>CFMoto Aspar Kalex<\/td><td>1:49.849<\/td><td>+0.058<\/td><\/tr><tr><td>3<\/td><td>S AGIUS<\/td><td>Intact GP Kalex<\/td><td>1:49<strong>.<\/strong>973<\/td><td>+0.182<\/td><\/tr><tr><td>4<\/td><td>A L\u00d3PEZ<\/td><td>Gresini Kalex<\/td><td>1:50.227<\/td><td>+0.436<\/td><\/tr><tr><td>5<\/td><td>C VIETTI<\/td><td>SpeedRS Boscoscuro<\/td><td>1:50.296<\/td><td>+0.505<\/td><\/tr><tr><td>6<\/td><td>M GONZ\u00c1LEZ<\/td><td>Intact GP Kalex<\/td><td>1:50.304<\/td><td>+0.513<\/td><\/tr><tr><td>7<\/td><td>D MU\u00d1OZ<\/td><td>Italtrans Kalex<\/td><td>1:50.330<\/td><td>+0.539<\/td><\/tr><tr><td>8<\/td><td>A ESCRIG<\/td><td>KLINT Racing Team<\/td><td>1:50.377<\/td><td>+0.586<\/td><\/tr><tr><td>9<\/td><td>C VEIJER<\/td><td>Red Bull KTM Ajo Kalex<\/td><td>1:50.411<\/td><td>+0.620<\/td><\/tr><tr><td>10<\/td><td>I GUEVARA<\/td><td>Pramac Yamaha<\/td><td>1:50.493<\/td><td>+0.702<\/td><\/tr><tr><td>11<\/td><td>A SASAKI<\/td><td>RW Racing Kalex<\/td><td>1:50.537<\/td><td>+0.746<\/td><\/tr><tr><td>12<\/td><td>B BALTUS<\/td><td>Fantic Kalex<\/td><td>1:50.552<\/td><td>+0.761<\/td><\/tr><tr><td>13<\/td><td>A PIQUERAS<\/td><td>MSi Kalex<\/td><td>1:50.555<\/td><td>+0.764<\/td><\/tr><tr><td>14<\/td><td>T FURUSATO<\/td><td>Idemitsu Honda<\/td><td>1:50.657<\/td><td>+0.866<\/td><\/tr><tr><td>15<\/td><td>F SALA\u010c<\/td><td>American Racing Kalex<\/td><td>1:50.691<\/td><td>+0.900<\/td><\/tr><tr><td>16<\/td><td>A HUERTAS<\/td><td>Italtrans Kalex<\/td><td>1:50.700<\/td><td>+0.909<\/td><\/tr><tr><td>17<\/td><td>M AJI<\/td><td>Idemitsu Honda<\/td><td>1:50.734<\/td><td>+0.943<\/td><\/tr><tr><td>18<\/td><td>D ALONSO<\/td><td>CFMoto Aspar Kalex<\/td><td>1:50.761<\/td><td>+0.970<\/td><\/tr><tr><td>19<\/td><td>J ROBERTS<\/td><td>RW Racing Kalex<\/td><td>1:50.768<\/td><td>+0.977<\/td><\/tr><tr><td>20<\/td><td>L LUNETTA<\/td><td>SpeedRS Boscoscuro<\/td><td>1:50.783<\/td><td>+0.992<\/td><\/tr><tr><td>21<\/td><td>JA RUEDA<\/td><td>Red Bull KTM Ajo Kalex<\/td><td>1:50.819<\/td><td>+1.028<\/td><\/tr><tr><td>22<\/td><td>T ARBOLINO<\/td><td>Fantic Kalex<\/td><td>1:50,981<\/td><td>+1.190<\/td><\/tr><tr><td>23<\/td><td>D \u00d6NC\u00dc<\/td><td>VDS Racing Team<\/td><td>1:51,005<\/td><td>+1.214<\/td><\/tr><tr><td>24<\/td><td>A FERRANDEZ<\/td><td>Pramac Yamaha<\/td><td>1:51,008<\/td><td>+1.217<\/td><\/tr><tr><td>25<\/td><td>S GARC\u00cdA<\/td><td>Gresini Kalex<\/td><td>1:51,021<\/td><td>+1.230<\/td><\/tr><tr><td>26<\/td><td>A CANET<\/td><td>VDS Racing Team<\/td><td>1:51,080<\/td><td>+1.289<\/td><\/tr><tr><td>27<\/td><td>M RAM\u00cdREZ<\/td><td>KLINT Racing Team<\/td><td>1:51,423<\/td><td>+1.632<\/td><\/tr><tr><td>28<\/td><td>Z VD GOORBERGH<\/td><td>RW Racing Kalex<\/td><td>1:51,429<\/td><td>+1.638<\/td><\/tr><tr><td>29<\/td><td>Z ZURUTUZA<\/td><td>KLINT Racing Team<\/td><td>1:51,657<\/td><td>+1.866<\/td><\/tr><\/tbody><\/table><\/figure>\n\n\n\n<h2 class=\"wp-block-heading\">MotoGP 2026, GP de Arag\u00e3o, MotorLand, Hor\u00e1rios:<\/h2>\n\n\n\n<h2 class=\"wp-block-heading\">Hor\u00e1rios do Brasil*<\/h2>\n\n\n\n<h3 class=\"wp-block-heading\">Sexta-feira:<\/h3>\n\n\n\n<ul id=\"block-dd1343c9-004c-4bab-9f44-3c7133d684e5\" class=\"wp-block-list\">\n<li>MotoGP \u2013 Treino: 10h \ud83d\udcfa<\/li>\n\n\n\n<li>Copa do Mundo de Harley-Davidson Baggers \u2013 Treino 2: 11h25<\/li>\n<\/ul>\n\n\n\n<h3 class=\"wp-block-heading\">S\u00e1bado:<\/h3>\n\n\n\n<ul id=\"block-258bc9b4-c437-4672-8998-29c74f5688c9\" class=\"wp-block-list\">\n<li>Moto3 \u2013 Treino livre 2: 3h40<\/li>\n\n\n\n<li>Moto2 \u2013 Treino livre 2: 4h25<\/li>\n\n\n\n<li>MotoGP \u2013 Treino livre 2: 5h10 \ud83d\udcfa<\/li>\n\n\n\n<li>MotoGP \u2013 Q1: 5h50 \ud83d\udcfa<\/li>\n\n\n\n<li>MotoGP \u2013 Q2: 6h15 \ud83d\udcfa<\/li>\n\n\n\n<li>Copa do Mundo de Harley-Davidson Bagger \u2013 Classifica\u00e7\u00e3o: 7h10<\/li>\n\n\n\n<li>Moto3 \u2013 Q1: 7h45 \ud83d\udcfa<\/li>\n\n\n\n<li>Moto3 \u2013 Q2: 8h10 \ud83d\udcfa<\/li>\n\n\n\n<li>Moto2 \u2013 Q1: 8h40 \ud83d\udcfa<\/li>\n\n\n\n<li>Moto2 \u2013 Q2: 9h05 \ud83d\udcfa<\/li>\n\n\n\n<li>MotoGP \u2013 Sprint (11 voltas): 10h \ud83d\udcfa<\/li>\n\n\n\n<li>Copa do Mundo de Harley-Davidson Baggers \u2013 Corrida 1 (8 voltas): 11h10 \ud83d\udcfa<\/li>\n<\/ul>\n\n\n\n<h3 class=\"wp-block-heading\">Domingo:<\/h3>\n\n\n\n<ul id=\"block-2d527b67-381e-45bc-94b8-c58c84bff551\" class=\"wp-block-list\">\n<li>Copa do Mundo de Harley-Davidson Baggers \u2013 Corrida 2 (8 voltas): 3h55 \ud83d\udcfa<\/li>\n\n\n\n<li>MotoGP \u2013 Warm-up: 4h40<\/li>\n\n\n\n<li>Moto3 \u2013 GP (17 voltas): 6h \ud83d\udcfa<\/li>\n\n\n\n<li>Moto2 \u2013 GP (19 voltas): 7h15 \ud83d\udcfa<\/li>\n\n\n\n<li>MotoGP \u2013 GP (23 voltas): 9h \ud83d\udcfa<\/li>\n<\/ul>\n\n\n\n<h2 class=\"wp-block-heading\">Hor\u00e1rios de Portugal*<\/h2>\n\n\n\n<h3 class=\"wp-block-heading\">Sexta-feira:<\/h3>\n\n\n\n<ul id=\"block-dd1343c9-004c-4bab-9f44-3c7133d684e5\" class=\"wp-block-list\">\n<li>Moto3 \u2013 Treino: 12h15 \ud83d\udcfa<\/li>\n\n\n\n<li>Moto2 \u2013 Treino: 13h05 \ud83d\udcfa<\/li>\n\n\n\n<li>MotoGP \u2013 Treino: 14h \ud83d\udcfa<\/li>\n\n\n\n<li>Copa do Mundo de Harley-Davidson Baggers \u2013 Treino 2: 11h25<\/li>\n<\/ul>\n\n\n\n<h3 class=\"wp-block-heading\">S\u00e1bado:<\/h3>\n\n\n\n<ul id=\"block-258bc9b4-c437-4672-8998-29c74f5688c9\" class=\"wp-block-list\">\n<li>Moto3 \u2013 Treino livre 2: 7h40\ud83d\udcfa<\/li>\n\n\n\n<li>Moto2 \u2013 Treino livre 2: 8h25\ud83d\udcfa<\/li>\n\n\n\n<li>MotoGP \u2013 Treino livre 2: 9h10 \ud83d\udcfa<\/li>\n\n\n\n<li>MotoGP \u2013 Q1: 9h50 \ud83d\udcfa<\/li>\n\n\n\n<li>MotoGP \u2013 Q2: 10h15 \ud83d\udcfa<\/li>\n\n\n\n<li>Copa do Mundo de Harley-Davidson Bagger \u2013 Classifica\u00e7\u00e3o: 11h10\ud83d\udcfa<\/li>\n\n\n\n<li>Moto3 \u2013 Q1: 11h45 \ud83d\udcfa<\/li>\n\n\n\n<li>Moto3 \u2013 Q2: 12h10 \ud83d\udcfa<\/li>\n\n\n\n<li>Moto2 \u2013 Q1: 12h40 \ud83d\udcfa<\/li>\n\n\n\n<li>Moto2 \u2013 Q2: 13h05 \ud83d\udcfa<\/li>\n\n\n\n<li>MotoGP \u2013 Sprint (11 voltas): 14h \ud83d\udcfa<\/li>\n\n\n\n<li>Copa do Mundo de Harley-Davidson Baggers \u2013 Corrida 1 (8 voltas): 15h10 \ud83d\udcfa<\/li>\n<\/ul>\n\n\n\n<h3 class=\"wp-block-heading\">Domingo:<\/h3>\n\n\n\n<ul id=\"block-2d527b67-381e-45bc-94b8-c58c84bff551\" class=\"wp-block-list\">\n<li>Copa do Mundo de Harley-Davidson Baggers \u2013 Corrida 2 (8 voltas): 7h55 \ud83d\udcfa<\/li>\n\n\n\n<li>MotoGP \u2013 Warm-up: 8h40\ud83d\udcfa<\/li>\n\n\n\n<li>Moto3 \u2013 GP (17 voltas): 10h \ud83d\udcfa<\/li>\n\n\n\n<li>Moto2 \u2013 GP (19 voltas): 11h15 \ud83d\udcfa<\/li>\n\n\n\n<li>MotoGP \u2013 GP (23 voltas): 13h \ud83d\udcfa<\/li>\n<\/ul>\n\n\n\n<figure class=\"wp-block-video\"><video class=\"video-js vjs-big-play-centered\" data-gp-vjs=\"1\" controls src=\"https:\/\/grandepremio-portal.b-cdn.net\/2026\/08\/ZARCO-MOTOGP-ARAGAO-TREINO.mp4\"><\/video><figcaption class=\"wp-element-caption\">Johann Zarco evita queda durante treino em Arag\u00e3o (V\u00eddeo: Reprodu\u00e7\u00e3o\/MotoGP)<\/figcaption><\/figure>\n\n\n\n<p class=\"wp-block-paragraph\"><\/p>\n","protected":false},"excerpt":{"rendered":"<p>Iv\u00e1n Ortol\u00e1 estabeleceu novo recorde de MotorLand nos minutos finais e liderou dia de treino no GP de Arag\u00e3o, enquanto David Alonso ficou de fora do Q2<\/p>\n","protected":false},"author":39,"featured_media":1020313063,"comment_status":"closed","ping_status":"closed","sticky":false,"template":"","format":"standard","meta":{"42wp_featured_image_caption":"Iv\u00e1n Ortol\u00e1","42wp_featured_image_credits":"Reprodu\u00e7\u00e3o","42wp_featured_video":"","42wp_featured_image_hidden":false,"42wp_authors_list":[{"id":47171,"location":"do Rio de Janeiro"}],"footnotes":""},"categories":[8],"tags":[26434],"42wp_author":[47171],"class_list":["post-164048","post","type-post","status-publish","format-standard","has-post-thumbnail","hentry","category-motogp","tag-gp-de-aragao","42wp_author-fabricio-carvalho"],"_links":{"self":[{"href":"https:\/\/grandepremio.com\/br\/wp-json\/wp\/v2\/posts\/164048","targetHints":{"allow":["GET"]}}],"collection":[{"href":"https:\/\/grandepremio.com\/br\/wp-json\/wp\/v2\/posts"}],"about":[{"href":"https:\/\/grandepremio.com\/br\/wp-json\/wp\/v2\/types\/post"}],"author":[{"embeddable":true,"href":"https:\/\/grandepremio.com\/br\/wp-json\/wp\/v2\/users\/39"}],"replies":[{"embeddable":true,"href":"https:\/\/grandepremio.com\/br\/wp-json\/wp\/v2\/comments?post=164048"}],"version-history":[{"count":6,"href":"https:\/\/grandepremio.com\/br\/wp-json\/wp\/v2\/posts\/164048\/revisions"}],"predecessor-version":[{"id":164060,"href":"https:\/\/grandepremio.com\/br\/wp-json\/wp\/v2\/posts\/164048\/revisions\/164060"}],"wp:featuredmedia":[{"embeddable":true,"href":"https:\/\/grandepremio.com\/br\/wp-json\/wp\/v2\/media\/1020313063"}],"wp:attachment":[{"href":"https:\/\/grandepremio.com\/br\/wp-json\/wp\/v2\/media?parent=164048"}],"wp:term":[{"taxonomy":"category","embeddable":true,"href":"https:\/\/grandepremio.com\/br\/wp-json\/wp\/v2\/categories?post=164048"},{"taxonomy":"post_tag","embeddable":true,"href":"https:\/\/grandepremio.com\/br\/wp-json\/wp\/v2\/tags?post=164048"},{"taxonomy":"42wp_author","embeddable":true,"href":"https:\/\/grandepremio.com\/br\/wp-json\/wp\/v2\/42wp_author?post=164048"}],"curies":[{"name":"wp","href":"https:\/\/api.w.org\/{rel}","templated":true}]}}