{"id":164081,"date":"2026-08-28T12:17:01","date_gmt":"2026-08-28T15:17:01","guid":{"rendered":"https:\/\/grandepremio.com\/br\/?p=164081"},"modified":"2026-08-28T12:17:04","modified_gmt":"2026-08-28T15:17:04","slug":"ferrari-divulga-macacao-com-homenagem-a-schumacher-para-gp-da-italia","status":"publish","type":"post","link":"https:\/\/grandepremio.com\/br\/f1\/ferrari-divulga-macacao-com-homenagem-a-schumacher-para-gp-da-italia\/","title":{"rendered":"Ferrari divulga macac\u00e3o com homenagem a Schumacher para GP da It\u00e1lia"},"content":{"rendered":"\n<p class=\"wp-block-paragraph\">A Ferrari divulgou, nesta sexta-feira (28), um macac\u00e3o especial para o GP da It\u00e1lia de F\u00f3rmula 1, que ser\u00e1 disputado no pr\u00f3ximo dia 6. Para a corrida de casa, a Scuderia traz homenagens ao heptacampe\u00e3o Michael Schumacher, cuja estreia na equipe de Maranello completou 30 anos em 2026.<\/p>\n\n\n\n<p class=\"wp-block-paragraph\">Os macac\u00f5es contam com o desenho de sete estrelas na parte das costas, em refer\u00eancia ao heptacampeonato do piloto alem\u00e3o, al\u00e9m tamb\u00e9m de usar a logomarca de Michael na cintura. A equipe tamb\u00e9m confirmou que utilizar\u00e1 uma pintura especial para a corrida, que ser\u00e1 divulgada apenas na semana que vem.<\/p>\n\n\n\n<figure class=\"wp-block-image size-large\"><img loading=\"lazy\" decoding=\"async\" width=\"1024\" height=\"576\" src=\"https:\/\/grandepremio.com\/br\/wp-content\/uploads\/2026\/08\/ferrari-uniforme-monza-2026-f1-michael-schumacher-04-1024x576.jpg\" alt=\"\" class=\"wp-image-1020313112\" srcset=\"https:\/\/grandepremio.com\/wp-content\/uploads\/2026\/08\/ferrari-uniforme-monza-2026-f1-michael-schumacher-04-1024x576.jpg 1024w, https:\/\/grandepremio.com\/wp-content\/uploads\/2026\/08\/ferrari-uniforme-monza-2026-f1-michael-schumacher-04-300x169.jpg 300w, https:\/\/grandepremio.com\/wp-content\/uploads\/2026\/08\/ferrari-uniforme-monza-2026-f1-michael-schumacher-04-768x432.jpg 768w, https:\/\/grandepremio.com\/wp-content\/uploads\/2026\/08\/ferrari-uniforme-monza-2026-f1-michael-schumacher-04-1536x864.jpg 1536w, https:\/\/grandepremio.com\/wp-content\/uploads\/2026\/08\/ferrari-uniforme-monza-2026-f1-michael-schumacher-04-1200x675.jpg 1200w, https:\/\/grandepremio.com\/wp-content\/uploads\/2026\/08\/ferrari-uniforme-monza-2026-f1-michael-schumacher-04-150x84.jpg 150w, https:\/\/grandepremio.com\/wp-content\/uploads\/2026\/08\/ferrari-uniforme-monza-2026-f1-michael-schumacher-04.jpg 1920w\" sizes=\"(max-width: 1024px) 100vw, 1024px\" \/><\/figure>\n\n\n\n<p class=\"wp-block-paragraph\">Michael Schumacher \u00e9 o maior piloto da hist\u00f3ria da Ferrari na F\u00f3rmula 1. 5 de seus 7 t\u00edtulos mundiais foram conquistados em Maranello, no per\u00edodo entre 2000 e 2004. Tamb\u00e9m conquistou 72 vit\u00f3rias, 58 pole-positions e 116 p\u00f3dios em 11 temporadas de parceria com a equipe italiana.<\/p>\n\n\n\n<p class=\"wp-block-paragraph\">A Ferrari atualmente ocupa a segunda coloca\u00e7\u00e3o no Mundial de Construtores, com 338 pontos. O time venceu em duas ocasi\u00f5es: o GP de Barcelona-Catalunha, com Lewis Hamilton, e o GP da Inglaterra, com Charles Leclerc. O brit\u00e2nico \u00e9 terceiro no Mundial de Pilotos, com 183 pontos, contra 155 do monegasco, que \u00e9 quinto.<\/p>\n\n\n\n<p class=\"wp-block-paragraph\">A F\u00f3rmula 1 volta de 4 a 6 de setembro em Monza, palco do GP da It\u00e1lia, 13\u00aa etapa da temporada 2026.<\/p>\n","protected":false},"excerpt":{"rendered":"<p>Ferrari traz sete estrelas na parte das costas do macac\u00e3o em refer\u00eancia aos t\u00edtulos de Michael Schumacher na F\u00f3rmula 1 para o GP da It\u00e1lia<\/p>\n","protected":false},"author":16,"featured_media":1020313114,"comment_status":"closed","ping_status":"closed","sticky":false,"template":"","format":"standard","meta":{"42wp_featured_image_caption":"Ferrari traz estrelas no macac\u00e3o em refer\u00eancia aos sete t\u00edtulos de Schumacher","42wp_featured_image_credits":"Ferrari","42wp_featured_video":"","42wp_featured_image_hidden":false,"42wp_authors_list":[{"id":47119,"location":"de Campinas"}],"footnotes":""},"categories":[2],"tags":[207,758],"42wp_author":[47119],"class_list":["post-164081","post","type-post","status-publish","format-standard","has-post-thumbnail","hentry","category-f1","tag-ferrari","tag-michael-schumacher","42wp_author-gabriel-carvalho"],"_links":{"self":[{"href":"https:\/\/grandepremio.com\/br\/wp-json\/wp\/v2\/posts\/164081","targetHints":{"allow":["GET"]}}],"collection":[{"href":"https:\/\/grandepremio.com\/br\/wp-json\/wp\/v2\/posts"}],"about":[{"href":"https:\/\/grandepremio.com\/br\/wp-json\/wp\/v2\/types\/post"}],"author":[{"embeddable":true,"href":"https:\/\/grandepremio.com\/br\/wp-json\/wp\/v2\/users\/16"}],"replies":[{"embeddable":true,"href":"https:\/\/grandepremio.com\/br\/wp-json\/wp\/v2\/comments?post=164081"}],"version-history":[{"count":2,"href":"https:\/\/grandepremio.com\/br\/wp-json\/wp\/v2\/posts\/164081\/revisions"}],"predecessor-version":[{"id":164090,"href":"https:\/\/grandepremio.com\/br\/wp-json\/wp\/v2\/posts\/164081\/revisions\/164090"}],"wp:featuredmedia":[{"embeddable":true,"href":"https:\/\/grandepremio.com\/br\/wp-json\/wp\/v2\/media\/1020313114"}],"wp:attachment":[{"href":"https:\/\/grandepremio.com\/br\/wp-json\/wp\/v2\/media?parent=164081"}],"wp:term":[{"taxonomy":"category","embeddable":true,"href":"https:\/\/grandepremio.com\/br\/wp-json\/wp\/v2\/categories?post=164081"},{"taxonomy":"post_tag","embeddable":true,"href":"https:\/\/grandepremio.com\/br\/wp-json\/wp\/v2\/tags?post=164081"},{"taxonomy":"42wp_author","embeddable":true,"href":"https:\/\/grandepremio.com\/br\/wp-json\/wp\/v2\/42wp_author?post=164081"}],"curies":[{"name":"wp","href":"https:\/\/api.w.org\/{rel}","templated":true}]}}