{"id":164089,"date":"2026-08-28T12:24:51","date_gmt":"2026-08-28T15:24:51","guid":{"rendered":"https:\/\/grandepremio.com\/br\/?p=164089"},"modified":"2026-08-30T13:06:50","modified_gmt":"2026-08-30T16:06:50","slug":"ferrari-sinal-verde-atualizacoes-motor-chassi-gp-da-italia","status":"publish","type":"post","link":"https:\/\/grandepremio.com\/br\/f1\/ferrari-sinal-verde-atualizacoes-motor-chassi-gp-da-italia\/","title":{"rendered":"Ferrari d\u00e1 sinal verde e decide levar atualiza\u00e7\u00f5es para motor e chassi no GP da It\u00e1lia"},"content":{"rendered":"\n<p class=\"wp-block-paragraph\">A Ferrari decidiu levar ao GP da It\u00e1lia, corrida de casa da equipe, as pr\u00f3ximas atualiza\u00e7\u00f5es na unidade de pot\u00eancia italiana permitidas pelo ADUO. Antes em d\u00favida sobre estrear as novidades em Monza, a montadora deu sinal verde \u00e0s melhorias e ter\u00e1 um novo turbocompressor, al\u00e9m de uma c\u00e2mara de combust\u00e3o revisada e altera\u00e7\u00f5es na parte aerodin\u00e2mica.<\/p>\n\n\n\n<p class=\"wp-block-paragraph\">Ap\u00f3s a avalia\u00e7\u00e3o feita pelo ADUO, a Ferrari passou a ter duas atualiza\u00e7\u00f5es dispon\u00edveis na unidade de pot\u00eancia para 2026, o que levar\u00e1 imediatamente \u00e0s novidades em Monza. Segundo a vers\u00e3o inglesa do portal Motorsport, as mudan\u00e7as no turbo e na c\u00e2mara de compress\u00e3o devem render uma evolu\u00e7\u00e3o de at\u00e9 15 cv na pista.<\/p>\n\n\n\n<figure class=\"wp-block-embed is-type-video is-provider-youtube wp-block-embed-youtube wp-embed-aspect-16-9 wp-has-aspect-ratio\"><div class=\"wp-block-embed__wrapper\">\n<iframe loading=\"lazy\" title=\"ALPINE RENOVA COM COLAPINTO + SEMANA DECISIVA DE C\u00c2MARA | WGP\" width=\"500\" height=\"281\" src=\"https:\/\/www.youtube.com\/embed\/pOHasUibuKM?feature=oembed\" frameborder=\"0\" allow=\"accelerometer; autoplay; clipboard-write; encrypted-media; gyroscope; picture-in-picture; web-share\" referrerpolicy=\"strict-origin-when-cross-origin\" allowfullscreen><\/iframe>\n<\/div><\/figure>\n\n\n\n<p class=\"wp-block-paragraph\">Mas as novidades n\u00e3o se resumem ao motor. Ainda em busca de reduzir o d\u00e9ficit para a Mercedes, a equipe tamb\u00e9m ter\u00e1 um novo combust\u00edvel fornecido pela Shell e altera\u00e7\u00f5es na parte traseira do carro.<\/p>\n\n\n\n<p class=\"wp-block-paragraph\">A principal delas est\u00e1 na asa Macarena, que receber\u00e1 uma vers\u00e3o mais eficiente em termos aerodin\u00e2micos. Al\u00e9m disso, o exaustor localizado na parte inferior ter\u00e1 um escape ajust\u00e1vel, caso a Ferrari precise reduzir ainda mais o arrasto devido \u00e0s caracter\u00edsticas particulares de Monza.<\/p>\n\n\n\n<p class=\"wp-block-paragraph\">Por fim, claro, a equipe ainda ter\u00e1 uniformes novos e uma pintura especial, em homenagem a Michael Schumacher. A Ferrari ocupa a segunda posi\u00e7\u00e3o no Mundial de Construtores, com 338 pontos, e v\u00ea a Mercedes liderar com 425; no de Pilotos, Lewis Hamilton \u00e9 o melhor posicionado pela esquadra, em terceiro, com os mesmos 183 tentos de George Russell. Andrea Kimi Antonelli, com 242, lidera.<\/p>\n\n\n\n<p class=\"wp-block-paragraph\">A F\u00f3rmula 1 volta entre os dias 4 e 6 de setembro em Monza, palco justamente do GP da It\u00e1lia, 13\u00aa etapa da temporada 2026.<\/p>\n\n\n\n<figure class=\"wp-block-image size-large\"><img loading=\"lazy\" decoding=\"async\" width=\"1024\" height=\"683\" src=\"https:\/\/grandepremio.com\/br\/wp-content\/uploads\/2026\/08\/f1-2026-paises-baixos-corrida-ferrari-lewis-hamilton-charles-leclerc-1024x683.jpeg\" alt=\"F1 2026, PAISES BAIXOS, CORRIDA, FERRARI, CHARLES LECLERC, LEWIS HAMILTOM\" class=\"wp-image-1020312714\" srcset=\"https:\/\/grandepremio.com\/wp-content\/uploads\/2026\/08\/f1-2026-paises-baixos-corrida-ferrari-lewis-hamilton-charles-leclerc-1024x683.jpeg 1024w, https:\/\/grandepremio.com\/wp-content\/uploads\/2026\/08\/f1-2026-paises-baixos-corrida-ferrari-lewis-hamilton-charles-leclerc-300x200.jpeg 300w, https:\/\/grandepremio.com\/wp-content\/uploads\/2026\/08\/f1-2026-paises-baixos-corrida-ferrari-lewis-hamilton-charles-leclerc-768x512.jpeg 768w, https:\/\/grandepremio.com\/wp-content\/uploads\/2026\/08\/f1-2026-paises-baixos-corrida-ferrari-lewis-hamilton-charles-leclerc-1536x1025.jpeg 1536w, https:\/\/grandepremio.com\/wp-content\/uploads\/2026\/08\/f1-2026-paises-baixos-corrida-ferrari-lewis-hamilton-charles-leclerc-150x100.jpeg 150w, https:\/\/grandepremio.com\/wp-content\/uploads\/2026\/08\/f1-2026-paises-baixos-corrida-ferrari-lewis-hamilton-charles-leclerc.jpeg 2048w\" sizes=\"(max-width: 1024px) 100vw, 1024px\" \/><figcaption class=\"wp-element-caption\">Charles Leclerc e Lewis Hamilton tentam reduzir o d\u00e9ficit para a Mercedes (Foto: Ferrari)<br><\/figcaption><\/figure>\n","protected":false},"excerpt":{"rendered":"<p>A Ferrari ainda analisava se levaria atualiza\u00e7\u00f5es na unidade de pot\u00eancia para o GP da It\u00e1lia, mas decidiu seguir em frente e ter\u00e1 mudan\u00e7as tamb\u00e9m na parte traseira do carro em Monza<\/p>\n","protected":false},"author":13,"featured_media":1020312798,"comment_status":"closed","ping_status":"closed","sticky":false,"template":"","format":"standard","meta":{"42wp_featured_image_caption":"Carros da Ferrari ter\u00e3o atualiza\u00e7\u00f5es no motor em Monza","42wp_featured_image_credits":"Reprodu\u00e7\u00e3o\/F1","42wp_featured_video":"","42wp_featured_image_hidden":false,"42wp_authors_list":[{"id":47142,"location":"do Rio de Janeiro"}],"footnotes":""},"categories":[2],"tags":[207,24898,1737],"42wp_author":[47142],"class_list":["post-164089","post","type-post","status-publish","format-standard","has-post-thumbnail","hentry","category-f1","tag-ferrari","tag-gp-da-italia","tag-monza","42wp_author-jp-nascimento"],"_links":{"self":[{"href":"https:\/\/grandepremio.com\/br\/wp-json\/wp\/v2\/posts\/164089","targetHints":{"allow":["GET"]}}],"collection":[{"href":"https:\/\/grandepremio.com\/br\/wp-json\/wp\/v2\/posts"}],"about":[{"href":"https:\/\/grandepremio.com\/br\/wp-json\/wp\/v2\/types\/post"}],"author":[{"embeddable":true,"href":"https:\/\/grandepremio.com\/br\/wp-json\/wp\/v2\/users\/13"}],"replies":[{"embeddable":true,"href":"https:\/\/grandepremio.com\/br\/wp-json\/wp\/v2\/comments?post=164089"}],"version-history":[{"count":1,"href":"https:\/\/grandepremio.com\/br\/wp-json\/wp\/v2\/posts\/164089\/revisions"}],"predecessor-version":[{"id":164091,"href":"https:\/\/grandepremio.com\/br\/wp-json\/wp\/v2\/posts\/164089\/revisions\/164091"}],"wp:featuredmedia":[{"embeddable":true,"href":"https:\/\/grandepremio.com\/br\/wp-json\/wp\/v2\/media\/1020312798"}],"wp:attachment":[{"href":"https:\/\/grandepremio.com\/br\/wp-json\/wp\/v2\/media?parent=164089"}],"wp:term":[{"taxonomy":"category","embeddable":true,"href":"https:\/\/grandepremio.com\/br\/wp-json\/wp\/v2\/categories?post=164089"},{"taxonomy":"post_tag","embeddable":true,"href":"https:\/\/grandepremio.com\/br\/wp-json\/wp\/v2\/tags?post=164089"},{"taxonomy":"42wp_author","embeddable":true,"href":"https:\/\/grandepremio.com\/br\/wp-json\/wp\/v2\/42wp_author?post=164089"}],"curies":[{"name":"wp","href":"https:\/\/api.w.org\/{rel}","templated":true}]}}