{"id":164118,"date":"2026-08-28T18:39:03","date_gmt":"2026-08-28T21:39:03","guid":{"rendered":"https:\/\/grandepremio.com\/br\/?p=164118"},"modified":"2026-08-28T18:39:05","modified_gmt":"2026-08-28T21:39:05","slug":"lucas-moraes-amplia-dominio-vence-6a-etapa-sertoes-2026-martim-ventura-leva-motos","status":"publish","type":"post","link":"https:\/\/grandepremio.com\/br\/rally\/sertoes\/lucas-moraes-amplia-dominio-vence-6a-etapa-sertoes-2026-martim-ventura-leva-motos\/","title":{"rendered":"Lucas Moraes amplia dom\u00ednio e vence 6\u00aa etapa do Sert\u00f5es 2026. Ventura leva nas motos"},"content":{"rendered":"\n<p class=\"wp-block-paragraph\">Lucas Moraes segue dominando a edi\u00e7\u00e3o de 2026 do Sert\u00f5es e venceu a sexta etapa da competi\u00e7\u00e3o. Nesta sexta-feira (28), o paulista percorreu os 324 km entre Mina\u00e7u e Niquel\u00e2ndia, em Goi\u00e1s, em 5h00min54s e ficou 2min32s55 \u00e0 frente de Marcelo Gastaldi, segundo colocado.\u00a0Carlos Ambr\u00f3sio fechou o top-3, com uma desvantagem de 21min06s46.<\/p>\n\n\n\n<p class=\"wp-block-paragraph\">Apesar da vit\u00f3ria, Moraes n\u00e3o teve vida f\u00e1cil na sexta etapa, terminando em segundo na duas primeiras especiais e em terceiro nas quatro seguintes. O campe\u00e3o mundial de Rally Raid\u00a0s\u00f3 foi assumir a lideran\u00e7a no \u00faltimo trecho.<\/p>\n\n\n\n<figure class=\"wp-block-embed is-type-video is-provider-youtube wp-block-embed-youtube wp-embed-aspect-16-9 wp-has-aspect-ratio\"><div class=\"wp-block-embed__wrapper\">\n<iframe loading=\"lazy\" title=\"\ud83d\udd34AO VIVO: SERT\u00d5ES 2026 | ETAPA 6 COM IMAGENS [live grande premio]\" width=\"500\" height=\"281\" src=\"https:\/\/www.youtube.com\/embed\/eCNA08CyFsM?feature=oembed\" frameborder=\"0\" allow=\"accelerometer; autoplay; clipboard-write; encrypted-media; gyroscope; picture-in-picture; web-share\" referrerpolicy=\"strict-origin-when-cross-origin\" allowfullscreen><\/iframe>\n<\/div><\/figure>\n\n\n\n<p class=\"wp-block-paragraph\">Ap\u00f3s vencer cinco das seis etapas, Lucas segue na lideran\u00e7a da classifica\u00e7\u00e3o geral, com 30h32min37s no tempo total acumulado e tem\u00a024min43s79 de vantagem sobre Gastaldi.\u00a0Fl\u00e1vio Lunardi segue na terceira posi\u00e7\u00e3o com 1h30min55s70 de atraso, enquanto Fernando Possetti assumiu o quarto lugar e tem 3h09min26s52 de d\u00e9ficit para Moraes. Jos\u00e9 Silmar completa o grupo dos cinco primeiros e aparece 3h11min13s58 atr\u00e1s do l\u00edder.<\/p>\n\n\n\n<p class=\"wp-block-paragraph\">Entre as motos, Martim Ventura superou Bruno Crivilin para vencer a sexta etapa. O portugu\u00eas concluiu o dia com 5h01min57s11 e ficou 4min \u00e0 frente do capixaba. Adrien Metge marcou 5h08min01s40 e finalizou na terceira coloca\u00e7\u00e3o, logo \u00e0 frente de Guilherme Bissotto, que ficou 12min atr\u00e1s do franc\u00eas. Marcelo Medeiros fechou o top-5 com um atraso de 9min em rela\u00e7\u00e3o ao baiano.<\/p>\n\n\n\n<figure class=\"wp-block-image size-large\"><img loading=\"lazy\" decoding=\"async\" width=\"1024\" height=\"682\" src=\"https:\/\/grandepremio.com\/br\/wp-content\/uploads\/2026\/08\/Martim-Ventura-Sertoes-2026-1024x682.jpg\" alt=\"\" class=\"wp-image-1020312932\" srcset=\"https:\/\/grandepremio.com\/wp-content\/uploads\/2026\/08\/Martim-Ventura-Sertoes-2026-1024x682.jpg 1024w, https:\/\/grandepremio.com\/wp-content\/uploads\/2026\/08\/Martim-Ventura-Sertoes-2026-300x200.jpg 300w, https:\/\/grandepremio.com\/wp-content\/uploads\/2026\/08\/Martim-Ventura-Sertoes-2026-768x512.jpg 768w, https:\/\/grandepremio.com\/wp-content\/uploads\/2026\/08\/Martim-Ventura-Sertoes-2026-150x100.jpg 150w, https:\/\/grandepremio.com\/wp-content\/uploads\/2026\/08\/Martim-Ventura-Sertoes-2026.jpg 1280w\" sizes=\"(max-width: 1024px) 100vw, 1024px\" \/><figcaption class=\"wp-element-caption\">Martim Ventura venceu sexta etapa da edi\u00e7\u00e3o de 2026 do Sert\u00f5es nas motos (Foto: Sert\u00f5es)<\/figcaption><\/figure>\n\n\n\n<p class=\"wp-block-paragraph\">Por conta da vantagem conquistada nas outras etapas, Crivilin segue como l\u00edder na classifica\u00e7\u00e3o geral com 30h47min01 acumulados. Ventura aparece na segunda posi\u00e7\u00e3o, com 23min38s14 de desvantagem e \u00e9 o \u00fanico que pode amea\u00e7\u00e1-lo na lideran\u00e7a. Bissotto (+1h54min20s73), Medeiros (+2h52min06s79) e Ricardo Martins (+2h58min41s66) completam o grupo dos cinco primeiros, com uma diferen\u00e7a consider\u00e1vel para Bruno.<\/p>\n\n\n\n<p class=\"wp-block-paragraph\">Nos UTVs, Deni Nascimento voltou a vencer. O catarinense completou a sexta etapa com o tempo de 5h04min15s10 e viu os principais rivais n\u00e3o terem boas perfomances. Douglas Carassa foi o segundo colocado com 5h15min15s94, enquanto Jean Azevedo concluiu na terceira posi\u00e7\u00e3o ao registrar 5h17min02s34 e ficou logo \u00e0 frente de Pedro Mac Dowell, que anotou 5h17min02s50. Francesco Franciosi fechou o top-5 com 5h17min54s73.<\/p>\n\n\n\n<p class=\"wp-block-paragraph\">Na classifica\u00e7\u00e3o geral, Nascimento ampliou a vantagem na lideran\u00e7a e aparece 24min25s68 \u00e0 frente de Mac Dowell. Bruno Varela ocupa a terceira coloca\u00e7\u00e3o com 38min52s51 de atraso, enquanto Franciosi \u00e9 o quarto colocado e tem 41min12s10 de d\u00e9ficit para o l\u00edder. Mais atr\u00e1s, Vinicius Castro surge na quinta posi\u00e7\u00e3o, com 1h08min42s25 de desvantagem para Deni.<\/p>\n\n\n\n<p class=\"wp-block-paragraph\">Na categoria production, Felipe Lorenci venceu a sexta etapa ao registrar 40min25s. Jo\u00e3o Carlos Cardoso teve de se conformar com a segunda coloca\u00e7\u00e3o ao anotar 41min55s e Gabriel Boff fechou o grupo dos tr\u00eas primeiros com 44min05. <\/p>\n\n\n\n<p class=\"wp-block-paragraph\">O\u00a0Sert\u00f5es\u00a0continua neste s\u00e1bado (29), com os pilotos saindo de\u00a0Niquel\u00e2ndia rumo a Goian\u00e9sia, ambas em Goi\u00e1s, em um trecho especial de 287 km.\u00a0<strong>O GRANDE PR\u00caMIO transmite todas as etapas AO VIVO e COM IMAGENS.<\/strong><\/p>\n\n\n\n<p class=\"wp-block-paragraph\"><\/p>\n","protected":false},"excerpt":{"rendered":"<p>Lucas Moraes venceu pela quinta vez em seis etapas na edi\u00e7\u00e3o de 2026 do Sert\u00f5es. O portugu\u00eas Martim Ventura levou a melhor nas motos, enquanto Deni Nascimento triunfou entre os UTVs<\/p>\n","protected":false},"author":21,"featured_media":1020313128,"comment_status":"closed","ping_status":"closed","sticky":false,"template":"","format":"standard","meta":{"42wp_featured_image_caption":"Lucas Moraes segue dominando Sert\u00f5es 2026","42wp_featured_image_credits":"Alen Milavec","42wp_featured_video":"","42wp_featured_image_hidden":false,"42wp_authors_list":[{"id":47163,"location":"do Rio de Janeiro"}],"footnotes":""},"categories":[43],"tags":[3787,26304],"42wp_author":[47163],"class_list":["post-164118","post","type-post","status-publish","format-standard","has-post-thumbnail","hentry","category-sertoes","tag-lucas-moraes","tag-sertoes","42wp_author-caio-cavalcante"],"_links":{"self":[{"href":"https:\/\/grandepremio.com\/br\/wp-json\/wp\/v2\/posts\/164118","targetHints":{"allow":["GET"]}}],"collection":[{"href":"https:\/\/grandepremio.com\/br\/wp-json\/wp\/v2\/posts"}],"about":[{"href":"https:\/\/grandepremio.com\/br\/wp-json\/wp\/v2\/types\/post"}],"author":[{"embeddable":true,"href":"https:\/\/grandepremio.com\/br\/wp-json\/wp\/v2\/users\/21"}],"replies":[{"embeddable":true,"href":"https:\/\/grandepremio.com\/br\/wp-json\/wp\/v2\/comments?post=164118"}],"version-history":[{"count":2,"href":"https:\/\/grandepremio.com\/br\/wp-json\/wp\/v2\/posts\/164118\/revisions"}],"predecessor-version":[{"id":164125,"href":"https:\/\/grandepremio.com\/br\/wp-json\/wp\/v2\/posts\/164118\/revisions\/164125"}],"wp:featuredmedia":[{"embeddable":true,"href":"https:\/\/grandepremio.com\/br\/wp-json\/wp\/v2\/media\/1020313128"}],"wp:attachment":[{"href":"https:\/\/grandepremio.com\/br\/wp-json\/wp\/v2\/media?parent=164118"}],"wp:term":[{"taxonomy":"category","embeddable":true,"href":"https:\/\/grandepremio.com\/br\/wp-json\/wp\/v2\/categories?post=164118"},{"taxonomy":"post_tag","embeddable":true,"href":"https:\/\/grandepremio.com\/br\/wp-json\/wp\/v2\/tags?post=164118"},{"taxonomy":"42wp_author","embeddable":true,"href":"https:\/\/grandepremio.com\/br\/wp-json\/wp\/v2\/42wp_author?post=164118"}],"curies":[{"name":"wp","href":"https:\/\/api.w.org\/{rel}","templated":true}]}}