{"id":16417,"date":"2025-10-11T11:05:46","date_gmt":"2025-10-11T14:05:46","guid":{"rendered":"https:\/\/grandepremio.com\/br\/noticias\/sacha-fenestraz-vence-corrida-1-encurtada-pela-chuva-super-formula-fuji-fraga-e-8o\/"},"modified":"2025-10-11T15:37:53","modified_gmt":"2025-10-11T18:37:53","slug":"sacha-fenestraz-vence-corrida-1-encurtada-pela-chuva-super-formula-fuji-fraga-e-8o","status":"publish","type":"post","link":"https:\/\/grandepremio.com\/br\/super-formula\/sacha-fenestraz-vence-corrida-1-encurtada-pela-chuva-super-formula-fuji-fraga-e-8o\/","title":{"rendered":"Fenestraz vence corrida 1 encurtada pela chuva da Super F\u00f3rmula em Fuji. Fraga \u00e9 8\u00ba"},"content":{"rendered":"\n<p class=\"wp-block-paragraph\">Em prova com encerramento antecipado por conta da chuva, <strong>Sacha Fenestraz<\/strong> levou a melhor na corrida 1 da <strong>Super F\u00f3rmula em Fuji, disputada <\/strong>na madrugada deste s\u00e1bado (11). Na nona prova da temporada, o piloto franc\u00eas conseguiu a primeira vit\u00f3ria desde que voltou \u00e0 categoria, no in\u00edcio do ano. O brasileiro <strong>Igor Fraga<\/strong> terminou a etapa na zona de pontua\u00e7\u00e3o, com o oitavo lugar. Com tr\u00eas provas restantes para o fim do campeonato, <strong>Sho Tsuboi <\/strong>lidera.<\/p>\n\n\n\n<p class=\"wp-block-paragraph\">A corrida acabou com apenas 14 voltas e foi interrompida por duas bandeiras vermelhas. Ambas foram causadas pela baixa visibilidade em raz\u00e3o da chuva. Logo atr\u00e1s de Fenestraz, veio Tsuboi, completando uma dobradinha da equipe <strong>TOM&#8217;S<\/strong>. <strong>Tomoki Nojiri <\/strong>completou o p\u00f3dio.<\/p>\n\n\n\n<p class=\"wp-block-paragraph\">Por conta ao final antecipado da morna corrida, apenas metade dos pontos previstos foram concedidos. Caso pelo menos 75% das 36 voltas previstas fossem cumpridas, a pontua\u00e7\u00e3o seria completa.<\/p>\n\n\n\n<p class=\"wp-block-paragraph\">\u00danico brasileiro na categoria,<strong> Igor Fraga <\/strong>fez o oitavo melhor tempo na classifica\u00e7\u00e3o e terminou a corrida na mesma posi\u00e7\u00e3o em que largou, somando 1,5 pontos, No campeonato, Fraga ocupa a nona posi\u00e7\u00e3o.<\/p>\n\n\n\n<figure class=\"wp-block-image size-full\"><img decoding=\"async\" src=\"https:\/\/www.grandepremio.com\/br\/wp-content\/uploads\/2025\/10\/MK1_3878.jpg.webp\" alt=\"\" class=\"wp-image-1021637\"\/><figcaption class=\"wp-element-caption\">Super F\u00f3rmula correu com chuva em Fuji (Divulga\u00e7\u00e3o: Super F\u00f3rmula)<\/figcaption><\/figure>\n\n\n\n<p class=\"wp-block-paragraph\"><a href=\"https:\/\/www.grandepremio.com\/br\/super-formula\/noticias\/ayumu-iwasa-segura-sacha-fenestraz-sugo-vence-1a-vez-super-formula-igor-fraga-e-6o\">Principal rival de Tsuboi na briga pelo t\u00edtulo<\/a>, <strong>Ayumu Iwasa<\/strong> viu a dist\u00e2ncia aumentar, j\u00e1 que foi apenas o 21\u00ba colocado, passando zerado. Agora, a dist\u00e2ncia de Sho \u00e9 de 14,5 pontos.<\/p>\n\n\n\n<p class=\"wp-block-paragraph\">A Super F\u00f3rmula encerra a rodada dupla de Fuji neste domingo (12). A temporada termina tamb\u00e9m em um fim de semana com duas corridas, em Suzuka, nos dias 22 e 23 de novembro.<\/p>\n\n\n\n<p class=\"wp-block-paragraph\"><strong>\u25b6\ufe0f<\/strong>&nbsp;<strong>Inscreva-se nos dois canais do GRANDE PR\u00caMIO no YouTube:&nbsp;<a href=\"https:\/\/www.youtube.com\/channel\/UC9OlHEgxoaY6QY6nWPoiqQg?sub_confirmation=1\" target=\"_blank\" rel=\"noreferrer noopener\">GP<\/a>&nbsp;|&nbsp;<a href=\"https:\/\/www.youtube.com\/channel\/UC9csiS6q_C3C0FYhyr1rnFA?sub_confirmation=1\" target=\"_blank\" rel=\"noreferrer noopener\">GP2<\/a><\/strong><\/p>\n\n\n\n<figure class=\"wp-block-embed is-type-video is-provider-youtube wp-block-embed-youtube wp-embed-aspect-16-9 wp-has-aspect-ratio\"><div class=\"wp-block-embed__wrapper\">\n<iframe loading=\"lazy\" title=\"TENS\u00c3O NA FERRARI ANTECIPA MERCADO DE PILOTOS? E SOBRA PARA BORTOLETO | WGP [grande premio]\" width=\"500\" height=\"281\" src=\"https:\/\/www.youtube.com\/embed\/jxs6hzZuB0I?feature=oembed\" frameborder=\"0\" allow=\"accelerometer; autoplay; clipboard-write; encrypted-media; gyroscope; picture-in-picture; web-share\" referrerpolicy=\"strict-origin-when-cross-origin\" allowfullscreen><\/iframe>\n<\/div><figcaption class=\"wp-element-caption\">TENS\u00c3O NA FERRARI ANTECIPA MERCADO DE PILOTOS? E SOBRA PARA BORTOLETO | WGP [grande premio]<br><a href=\"https:\/\/www.youtube.com\/@GrandePremio1\"><\/a><br><\/figcaption><\/figure>\n","protected":false},"excerpt":{"rendered":"<p>Em corrida marcada por bandeiras vermelhas, chuva e pontua\u00e7\u00e3o reduzida, Sacha Fenestraz quebrou a sequ\u00eancia de vit\u00f3rias dos japoneses e subiu ao topo do p\u00f3dio<\/p>\n","protected":false},"author":0,"featured_media":1001021636,"comment_status":"closed","ping_status":"closed","sticky":false,"template":"","format":"standard","meta":{"42wp_featured_image_caption":"","42wp_featured_image_credits":"","42wp_featured_video":"","42wp_featured_image_hidden":false,"42wp_authors_list":[],"footnotes":""},"categories":[55],"tags":[26000,28711,5660,289,7539],"42wp_author":[47167],"class_list":["post-16417","post","type-post","status-publish","format-standard","has-post-thumbnail","hentry","category-super-formula","tag-audiencia-da-tv","tag-ayumu-iwasa","tag-classificacao","tag-igor-fraga","tag-sacha-fenestraz","42wp_author-julia-palomares-aro"],"_links":{"self":[{"href":"https:\/\/grandepremio.com\/br\/wp-json\/wp\/v2\/posts\/16417","targetHints":{"allow":["GET"]}}],"collection":[{"href":"https:\/\/grandepremio.com\/br\/wp-json\/wp\/v2\/posts"}],"about":[{"href":"https:\/\/grandepremio.com\/br\/wp-json\/wp\/v2\/types\/post"}],"replies":[{"embeddable":true,"href":"https:\/\/grandepremio.com\/br\/wp-json\/wp\/v2\/comments?post=16417"}],"version-history":[{"count":0,"href":"https:\/\/grandepremio.com\/br\/wp-json\/wp\/v2\/posts\/16417\/revisions"}],"wp:featuredmedia":[{"embeddable":true,"href":"https:\/\/grandepremio.com\/br\/wp-json\/wp\/v2\/media\/1001021636"}],"wp:attachment":[{"href":"https:\/\/grandepremio.com\/br\/wp-json\/wp\/v2\/media?parent=16417"}],"wp:term":[{"taxonomy":"category","embeddable":true,"href":"https:\/\/grandepremio.com\/br\/wp-json\/wp\/v2\/categories?post=16417"},{"taxonomy":"post_tag","embeddable":true,"href":"https:\/\/grandepremio.com\/br\/wp-json\/wp\/v2\/tags?post=16417"},{"taxonomy":"42wp_author","embeddable":true,"href":"https:\/\/grandepremio.com\/br\/wp-json\/wp\/v2\/42wp_author?post=16417"}],"curies":[{"name":"wp","href":"https:\/\/api.w.org\/{rel}","templated":true}]}}