{"id":164185,"date":"2026-08-29T08:31:30","date_gmt":"2026-08-29T11:31:30","guid":{"rendered":"https:\/\/grandepremio.com\/br\/?p=164185"},"modified":"2026-09-01T15:12:18","modified_gmt":"2026-09-01T18:12:18","slug":"mclaren-renova-lando-norris-titulo-mundial-como-esta-grid-formula-1-2027","status":"publish","type":"post","link":"https:\/\/grandepremio.com\/br\/f1\/mclaren-renova-lando-norris-titulo-mundial-como-esta-grid-formula-1-2027\/","title":{"rendered":"McLaren renova com Norris ap\u00f3s t\u00edtulo mundial: como est\u00e1 grid da F\u00f3rmula 1 2027"},"content":{"rendered":"\n<p class=\"wp-block-paragraph\">O an\u00fancio de renova\u00e7\u00e3o contratual entre Lando Norris e McLaren, feito neste s\u00e1bado (29), n\u00e3o alterou o panorama do grid da F\u00f3rmula 1 para a temporada 2027. Como o campe\u00e3o mundial de 2025 j\u00e1 tinha v\u00ednculo at\u00e9 o fim do ano que vem, a perman\u00eancia na categoria s\u00f3 n\u00e3o ocorreria em caso de negocia\u00e7\u00e3o com outra equipe, agora recha\u00e7ada com uma extens\u00e3o at\u00e9 2030.<\/p>\n\n\n\n<p class=\"wp-block-paragraph\">Assim, o grid da F1 2027 tem oficialmente 12 vagas a serem preenchidas ainda. <strong>Na pr\u00e1tica, no entanto, o n\u00famero \u00e9 bem mais reduzido, o que significa que h\u00e1 poucos lugares a serem definidos<\/strong>.<\/p>\n\n\n\n<figure class=\"wp-block-embed is-type-video is-provider-youtube wp-block-embed-youtube wp-embed-aspect-16-9 wp-has-aspect-ratio\"><div class=\"wp-block-embed__wrapper\">\n<iframe loading=\"lazy\" title=\"ALPINE RENOVA COM COLAPINTO + SEMANA DECISIVA DE C\u00c2MARA | WGP\" width=\"500\" height=\"281\" src=\"https:\/\/www.youtube.com\/embed\/pOHasUibuKM?feature=oembed\" frameborder=\"0\" allow=\"accelerometer; autoplay; clipboard-write; encrypted-media; gyroscope; picture-in-picture; web-share\" referrerpolicy=\"strict-origin-when-cross-origin\" allowfullscreen><\/iframe>\n<\/div><\/figure>\n\n\n\n<p class=\"wp-block-paragraph\"><strong>Esse \u00e9 o caso da Mercedes<\/strong>, por exemplo, que tem George Russell e Andrea Kimi Antonelli com contratos vigentes at\u00e9 o final de 2026 e op\u00e7\u00f5es de renova\u00e7\u00e3o. L\u00edder do mundial, o italiano tem a sequ\u00eancia tratada como algo certo na esquadra, enquanto o brit\u00e2nico ganhou f\u00f4lego com a <a href=\"https:\/\/grandepremio.com\/br\/f1\/max-verstappen-encerra-novela-anuncia-renovacao-red-bull-formula-1\/\" target=\"_blank\" rel=\"noopener\"><strong>renova\u00e7\u00e3o de Max Verstappen na Red Bull<\/strong><\/a>. Assim, a tend\u00eancia \u00e9 que permane\u00e7a tamb\u00e9m.<\/p>\n\n\n\n<p class=\"wp-block-paragraph\">A <strong>Audi vive situa\u00e7\u00e3o parecida<\/strong>, inclusive com sinaliza\u00e7\u00f5es em entrevistas de que pretende manter Gabriel Bortoleto (que tem contrato) e Nico H\u00fclkenberg em 2027. E a Ferrari, que j\u00e1 havia anunciado renova\u00e7\u00e3o com Charles Leclerc, tamb\u00e9m <strong>garantiu que Lewis Hamilton segue para o ano que vem<\/strong>.<\/p>\n\n\n\n<p class=\"wp-block-paragraph\"><strong>Aston Martin, Haas e Red Bull tamb\u00e9m vivem o mesmo cen\u00e1rio<\/strong>. Na equipe de Silverstone, \u00e9 cada vez mais real o fato de que Lance Stroll s\u00f3 sai quando quiser. J\u00e1 Oliver Bearman ficou sem ter para onde correr diante da decis\u00e3o da Ferrari de renovar contrato com Leclerc. E a Red Bull dificilmente abrir\u00e1 m\u00e3o de Isack Hadjar, que tem correspondido \u00e0s expectativas ao pontuar com regularidade.<\/p>\n\n\n\n<p class=\"wp-block-paragraph\"><strong>Na pr\u00e1tica, portanto, as vagas em disputa s\u00e3o quatro:<\/strong> as duas da Racing Bulls, que hoje conta com Liam Lawson e Arvid Lindblad; o assento que pertence a Esteban Ocon na Haas; e a vaga de Fernando Alonso na Aston Martin, que ainda se v\u00ea \u00e0s voltas com a chance de aposentadoria.<\/p>\n\n\n\n<p class=\"wp-block-paragraph\">No momento, Lindblad parece seguro na Racing Bulls, o que deixa Lawson e Yuki Tsunoda em briga direta pelo outro assento. Na Aston Martin, a tend\u00eancia \u00e9 Alonso renovar por ao menos mais um ano, enquanto Rafael C\u00e2mara e Leonardo Fornaroli duelam pelo posto de Ocon na Haas.<\/p>\n\n\n\n<p class=\"wp-block-paragraph\">A F\u00f3rmula 1 volta de 4 a 6 de setembro em Monza, palco do GP da It\u00e1lia, 13\u00aa etapa da temporada 2026.<\/p>\n\n\n\n<figure class=\"wp-block-image size-large\"><img loading=\"lazy\" decoding=\"async\" width=\"1024\" height=\"576\" src=\"https:\/\/grandepremio.com\/br\/wp-content\/uploads\/2026\/08\/f1-2026-paises-baixos-corrida-mclaren-lando-norris-02-1024x576.jpg\" alt=\"F1 2026, PAISES BAIXOS, CORRIDA, MCLAREN, LANDO NORRIS\" class=\"wp-image-1020312752\" srcset=\"https:\/\/grandepremio.com\/wp-content\/uploads\/2026\/08\/f1-2026-paises-baixos-corrida-mclaren-lando-norris-02-1024x576.jpg 1024w, https:\/\/grandepremio.com\/wp-content\/uploads\/2026\/08\/f1-2026-paises-baixos-corrida-mclaren-lando-norris-02-300x169.jpg 300w, https:\/\/grandepremio.com\/wp-content\/uploads\/2026\/08\/f1-2026-paises-baixos-corrida-mclaren-lando-norris-02-768x432.jpg 768w, https:\/\/grandepremio.com\/wp-content\/uploads\/2026\/08\/f1-2026-paises-baixos-corrida-mclaren-lando-norris-02-1536x864.jpg 1536w, https:\/\/grandepremio.com\/wp-content\/uploads\/2026\/08\/f1-2026-paises-baixos-corrida-mclaren-lando-norris-02-1200x675.jpg 1200w, https:\/\/grandepremio.com\/wp-content\/uploads\/2026\/08\/f1-2026-paises-baixos-corrida-mclaren-lando-norris-02-150x84.jpg 150w, https:\/\/grandepremio.com\/wp-content\/uploads\/2026\/08\/f1-2026-paises-baixos-corrida-mclaren-lando-norris-02.jpg 1920w\" sizes=\"(max-width: 1024px) 100vw, 1024px\" \/><figcaption class=\"wp-element-caption\">McLaren aproveitou o fim de semana sem corrida para anunciar renova\u00e7\u00e3o de Norris (Foto: McLaren)<\/figcaption><\/figure>\n\n\n\n<h3 class=\"wp-block-heading\"><strong>Confira o grid provis\u00f3rio da F1 2027:<\/strong><\/h3>\n\n\n\n<figure class=\"wp-block-table\"><table class=\"has-fixed-layout\"><tbody><tr><td><strong>Piloto<\/strong><\/td><td><strong>Equipe<\/strong><\/td><\/tr><tr><td>Lando Norris<\/td><td>McLaren<\/td><\/tr><tr><td>Oscar Piastri<\/td><td>McLaren<\/td><\/tr><tr><td>A definir<\/td><td>Mercedes<\/td><\/tr><tr><td>A definir<\/td><td>Mercedes<\/td><\/tr><tr><td>Max Verstappen<\/td><td>Red Bull<\/td><\/tr><tr><td>A definir<\/td><td>Red Bull<\/td><\/tr><tr><td>Charles Leclerc<\/td><td>Ferrari<\/td><\/tr><tr><td>A definir<\/td><td>Ferrari<\/td><\/tr><tr><td>Alexander Albon<\/td><td>Williams<\/td><\/tr><tr><td>Carlos Sainz<\/td><td>Williams<\/td><\/tr><tr><td>A definir<\/td><td>Racing Bulls<\/td><\/tr><tr><td>A definir<\/td><td>Racing Bulls<\/td><\/tr><tr><td>A definir<\/td><td>Aston Martin<\/td><\/tr><tr><td>A definir<\/td><td>Aston Martin<\/td><\/tr><tr><td>A definir<\/td><td>Haas<\/td><\/tr><tr><td>A definir<\/td><td>Haas<\/td><\/tr><tr><td>A definir<\/td><td>Audi<\/td><\/tr><tr><td>A definir<\/td><td>Audi<\/td><\/tr><tr><td>Pierre Gasly<\/td><td>Alpine<\/td><\/tr><tr><td>Franco Colapinto<\/td><td>Alpine<\/td><\/tr><tr><td>Valtteri Bottas<\/td><td>Cadillac<\/td><\/tr><tr><td>Sergio P\u00e9rez<\/td><td>Cadillac<\/td><\/tr><\/tbody><\/table><\/figure>\n","protected":false},"excerpt":{"rendered":"<p>McLaren anunciou extens\u00e3o contratual com Lando Norris at\u00e9 a F1 2030. Como atual campe\u00e3o mundial j\u00e1 tinha v\u00ednculo at\u00e9 o fim de 2027, novidade n\u00e3o alterou tanto o cen\u00e1rio do grid para o ano que vem<\/p>\n","protected":false},"author":13,"featured_media":1020312801,"comment_status":"closed","ping_status":"closed","sticky":false,"template":"","format":"standard","meta":{"42wp_featured_image_caption":"Lando Norris venceu as \u00faltimas duas corridas da F\u00f3rmula 1, em Hungria e Pa\u00edses Baixos","42wp_featured_image_credits":"McLaren","42wp_featured_video":"","42wp_featured_image_hidden":false,"42wp_authors_list":[{"id":47142,"location":"do Rio de Janeiro"}],"footnotes":""},"categories":[2],"tags":[20491],"42wp_author":[47142],"class_list":["post-164185","post","type-post","status-publish","format-standard","has-post-thumbnail","hentry","category-f1","tag-alpine","42wp_author-jp-nascimento"],"_links":{"self":[{"href":"https:\/\/grandepremio.com\/br\/wp-json\/wp\/v2\/posts\/164185","targetHints":{"allow":["GET"]}}],"collection":[{"href":"https:\/\/grandepremio.com\/br\/wp-json\/wp\/v2\/posts"}],"about":[{"href":"https:\/\/grandepremio.com\/br\/wp-json\/wp\/v2\/types\/post"}],"author":[{"embeddable":true,"href":"https:\/\/grandepremio.com\/br\/wp-json\/wp\/v2\/users\/13"}],"replies":[{"embeddable":true,"href":"https:\/\/grandepremio.com\/br\/wp-json\/wp\/v2\/comments?post=164185"}],"version-history":[{"count":1,"href":"https:\/\/grandepremio.com\/br\/wp-json\/wp\/v2\/posts\/164185\/revisions"}],"predecessor-version":[{"id":164186,"href":"https:\/\/grandepremio.com\/br\/wp-json\/wp\/v2\/posts\/164185\/revisions\/164186"}],"wp:featuredmedia":[{"embeddable":true,"href":"https:\/\/grandepremio.com\/br\/wp-json\/wp\/v2\/media\/1020312801"}],"wp:attachment":[{"href":"https:\/\/grandepremio.com\/br\/wp-json\/wp\/v2\/media?parent=164185"}],"wp:term":[{"taxonomy":"category","embeddable":true,"href":"https:\/\/grandepremio.com\/br\/wp-json\/wp\/v2\/categories?post=164185"},{"taxonomy":"post_tag","embeddable":true,"href":"https:\/\/grandepremio.com\/br\/wp-json\/wp\/v2\/tags?post=164185"},{"taxonomy":"42wp_author","embeddable":true,"href":"https:\/\/grandepremio.com\/br\/wp-json\/wp\/v2\/42wp_author?post=164185"}],"curies":[{"name":"wp","href":"https:\/\/api.w.org\/{rel}","templated":true}]}}