{"id":164227,"date":"2026-08-29T11:35:09","date_gmt":"2026-08-29T14:35:09","guid":{"rendered":"https:\/\/grandepremio.com\/br\/?p=164227"},"modified":"2026-08-29T11:35:11","modified_gmt":"2026-08-29T14:35:11","slug":"red-bull-desenha-plano-gp-italia-caso-veto-medico-isack-hadjar","status":"publish","type":"post","link":"https:\/\/grandepremio.com\/br\/f1\/red-bull-desenha-plano-gp-italia-caso-veto-medico-isack-hadjar\/","title":{"rendered":"Red Bull desenha plano para GP da It\u00e1lia em caso de veto m\u00e9dico a Hadjar"},"content":{"rendered":"\n<p class=\"wp-block-paragraph\">A Red Bull j\u00e1 tem um plano desenhado para o <strong>GP da It\u00e1lia <\/strong>caso o franc\u00eas <strong>Isack Hadjar <\/strong>n\u00e3o seja liberado pelos m\u00e9dicos para correr em Monza. Segundo reportagem do site RacingNews365, o punho do piloto est\u00e1 em condi\u00e7\u00f5es melhores ap\u00f3s a aus\u00eancia em Zandvoort, mas caso n\u00e3o ganhe o aval, Liam Lawson voltar\u00e1 ao cockpit da Red Bull.<\/p>\n\n\n\n<p class=\"wp-block-paragraph\">Hadjar ficou fora do GP dos Pa\u00edses Baixos ap\u00f3s lesionar o punho em um treinamento. A Red Bull optou por subir Liam Lawson, da Racing Bulls, para o lugar, enquanto o reserva Yuki Tsunoda retornou ao grid, guiando pelo time de Faenza. Liam foi 7\u00ba, enquanto o japon\u00eas terminou em 11\u00ba.<\/p>\n\n\n\n<figure class=\"wp-block-embed is-type-video is-provider-youtube wp-block-embed-youtube wp-embed-aspect-16-9 wp-has-aspect-ratio\"><div class=\"wp-block-embed__wrapper\">\n<iframe loading=\"lazy\" title=\"ALPINE RENOVA COM COLAPINTO + SEMANA DECISIVA DE C\u00c2MARA | WGP\" width=\"500\" height=\"281\" src=\"https:\/\/www.youtube.com\/embed\/pOHasUibuKM?feature=oembed\" frameborder=\"0\" allow=\"accelerometer; autoplay; clipboard-write; encrypted-media; gyroscope; picture-in-picture; web-share\" referrerpolicy=\"strict-origin-when-cross-origin\" allowfullscreen><\/iframe>\n<\/div><\/figure>\n\n\n\n<p class=\"wp-block-paragraph\">Tanto Hadjar quanto Red Bull esperam que a aus\u00eancia em Zandvoort seja algo apenas excepcional, com o piloto retornando ao cockpit em Monza. Uma decis\u00e3o deve acontecer apenas na pr\u00f3xima quarta-feira, aproveitando para maximizar o tempo de recupera\u00e7\u00e3o da les\u00e3o.<\/p>\n\n\n\n<p class=\"wp-block-paragraph\">Al\u00e9m de novos exames m\u00e9dicos, Isack tamb\u00e9m deve fazer uma sess\u00e3o em simulador para avaliar se est\u00e1 preparado ou n\u00e3o para correr. Caso n\u00e3o consiga, o plano da Red Bull \u00e9 o mesmo de Zandvoort: Lawson no time principal e Tsunoda na Racing Bulls.<\/p>\n\n\n\n<p class=\"wp-block-paragraph\">A F\u00f3rmula 1 volta de 4 a 6 de setembro em Monza, palco do GP da It\u00e1lia, 13\u00aa etapa da temporada 2026.<\/p>\n","protected":false},"excerpt":{"rendered":"<p>Red Bull planeja retorno de Isack Hadjar no GP de It\u00e1lia ap\u00f3s les\u00e3o que o tirou de prova nos Pa\u00edses Baixos, mas caso franc\u00eas receba novo veto dos m\u00e9dicos, Liam Lawson retornar\u00e1 ao cockpit do RB22<\/p>\n","protected":false},"author":16,"featured_media":1020310896,"comment_status":"closed","ping_status":"closed","sticky":false,"template":"","format":"standard","meta":{"42wp_featured_image_caption":"Isack Hadjar deve retornar no GP da It\u00e1lia","42wp_featured_image_credits":"Gabriel L\u00f3pez\/Grande Pr\u00eamio","42wp_featured_video":"","42wp_featured_image_hidden":false,"42wp_authors_list":[],"footnotes":""},"categories":[2],"tags":[28104,204,597],"42wp_author":[],"class_list":["post-164227","post","type-post","status-publish","format-standard","has-post-thumbnail","hentry","category-f1","tag-isack-hadjar","tag-red-bull","tag-yuki-tsunoda"],"_links":{"self":[{"href":"https:\/\/grandepremio.com\/br\/wp-json\/wp\/v2\/posts\/164227","targetHints":{"allow":["GET"]}}],"collection":[{"href":"https:\/\/grandepremio.com\/br\/wp-json\/wp\/v2\/posts"}],"about":[{"href":"https:\/\/grandepremio.com\/br\/wp-json\/wp\/v2\/types\/post"}],"author":[{"embeddable":true,"href":"https:\/\/grandepremio.com\/br\/wp-json\/wp\/v2\/users\/16"}],"replies":[{"embeddable":true,"href":"https:\/\/grandepremio.com\/br\/wp-json\/wp\/v2\/comments?post=164227"}],"version-history":[{"count":1,"href":"https:\/\/grandepremio.com\/br\/wp-json\/wp\/v2\/posts\/164227\/revisions"}],"predecessor-version":[{"id":164230,"href":"https:\/\/grandepremio.com\/br\/wp-json\/wp\/v2\/posts\/164227\/revisions\/164230"}],"wp:featuredmedia":[{"embeddable":true,"href":"https:\/\/grandepremio.com\/br\/wp-json\/wp\/v2\/media\/1020310896"}],"wp:attachment":[{"href":"https:\/\/grandepremio.com\/br\/wp-json\/wp\/v2\/media?parent=164227"}],"wp:term":[{"taxonomy":"category","embeddable":true,"href":"https:\/\/grandepremio.com\/br\/wp-json\/wp\/v2\/categories?post=164227"},{"taxonomy":"post_tag","embeddable":true,"href":"https:\/\/grandepremio.com\/br\/wp-json\/wp\/v2\/tags?post=164227"},{"taxonomy":"42wp_author","embeddable":true,"href":"https:\/\/grandepremio.com\/br\/wp-json\/wp\/v2\/42wp_author?post=164227"}],"curies":[{"name":"wp","href":"https:\/\/api.w.org\/{rel}","templated":true}]}}