{"id":164266,"date":"2026-08-29T14:30:49","date_gmt":"2026-08-29T17:30:49","guid":{"rendered":"https:\/\/grandepremio.com\/br\/?p=164266"},"modified":"2026-08-29T14:40:05","modified_gmt":"2026-08-29T17:40:05","slug":"josh-pierson-mostra-forca-milwaukee-conquista-1a-pole-indy-nxt-enzo-fittipaldi-e-7o","status":"publish","type":"post","link":"https:\/\/grandepremio.com\/br\/indy\/josh-pierson-mostra-forca-milwaukee-conquista-1a-pole-indy-nxt-enzo-fittipaldi-e-7o\/","title":{"rendered":"Pierson mostra for\u00e7a em Milwaukee e conquista 1\u00aa pole na Indy NXT. Fittipaldi \u00e9 7\u00ba"},"content":{"rendered":"\n<p class=\"wp-block-paragraph\">Cotado para assumir um lugar na Foyt na temporada 2027 da Indy, Josh Pierson conquistou a primeira pole-position da carreira na Indy NXT neste s\u00e1bado (29), dia da classifica\u00e7\u00e3o da etapa da Milwaukee. O piloto da Andretti cravou 47s629 e superou Tymek Kucharczyk, postulante ao t\u00edtulo pela HMD, em 0s016 no somat\u00f3rio das duas voltas r\u00e1pidas.<\/p>\n\n\n\n<p class=\"wp-block-paragraph\">Mais r\u00e1pido no treino livre, Jack Beeton vai largar na terceira coloca\u00e7\u00e3o pela HMD. Com 47s677, o australiano vai dividir a segunda fila com Niels Koolen, que ocupou a pole-position em boa parte da sess\u00e3o, mas fechou a classifica\u00e7\u00e3o da Indy NXT em quarto. Juan Manuel Correa, da Cusick Morgan, fechou o top-5 com 47s810.<\/p>\n\n\n\n<figure class=\"wp-block-embed is-type-video is-provider-youtube wp-block-embed-youtube wp-embed-aspect-16-9 wp-has-aspect-ratio\"><div class=\"wp-block-embed__wrapper\">\n<iframe loading=\"lazy\" title=\"INDY QUER BRASIL E NAMORA CORRIDA EM GOI\u00c2NIA J\u00c1 EM 2027 | Sprint GP\" width=\"500\" height=\"281\" src=\"https:\/\/www.youtube.com\/embed\/mVUi-JIcAnw?feature=oembed\" frameborder=\"0\" allow=\"accelerometer; autoplay; clipboard-write; encrypted-media; gyroscope; picture-in-picture; web-share\" referrerpolicy=\"strict-origin-when-cross-origin\" allowfullscreen><\/iframe>\n<\/div><\/figure>\n\n\n\n<p class=\"wp-block-paragraph\">Max Taylor, da Andretti, fechou a terceira fila ao registrar 47s843, com Enzo Fittipaldi vindo em seguida, com 47s972. Apesar de largar atr\u00e1s de Kucharczyk, que tem desvantagem de 18 pontos para o brasileiro, o #67 da HMD levou vantagem sobre Nikita Johnson, que tem um ponto a menos que o l\u00edder do campeonato e vai largar apenas em 15\u00ba.<\/p>\n\n\n\n<p class=\"wp-block-paragraph\">Lochie Hughes, da Andretti, fez 47s995 e vai largar em oitavo, enquanto Seb Murray, tamb\u00e9m da Andretti, e Max Garcia, da Abel, conclu\u00edram o top-10, com 48s058 e 48s075, respectivamente.<\/p>\n\n\n\n<p class=\"wp-block-paragraph\">A sess\u00e3o foi marcada por dois acidentes. Logo no in\u00edcio, James Roe, da Ganassi, perdeu o controle do carro, rodou e acertou o muro da curva 2. No mesmo local, Alessandro de Tullio bateu com mais viol\u00eancia, o que fez a sess\u00e3o ser paralisada por alguns minutos.<\/p>\n\n\n\n<figure class=\"wp-block-video\"><video class=\"video-js vjs-big-play-centered\" data-gp-vjs=\"1\" controls src=\"https:\/\/grandepremio-portal.b-cdn.net\/2026\/08\/batida-de-tullio-milwaukee.mp4\"><\/video><figcaption class=\"wp-element-caption\">Alessandro De Tullio bateu forte na classifica\u00e7\u00e3o da Indy NXT em Milwaukee (V\u00eddeo: Reprodu\u00e7\u00e3o\/IndyCar)<\/figcaption><\/figure>\n\n\n\n<p class=\"wp-block-paragraph\">Nicholas Monteiro enfrentou problemas com a Foyt e n\u00e3o conseguiu completar nenhuma volta r\u00e1pida. Com isso, o brasileiro vai largar em 23\u00ba e \u00faltimo.<\/p>\n\n\n\n<p class=\"wp-block-paragraph\">A Indy NXT retorna neste domingo (29), \u00e0s 12h (de Bras\u00edlia, GMT -3), para a largada da etapa de Milwaukee, a antepen\u00faltima da temporada 2026.<\/p>\n\n\n\n<h3 class=\"wp-block-heading\">Como foi a classifica\u00e7\u00e3o da Indy NXT em Milwaukee<\/h3>\n\n\n\n<p class=\"wp-block-paragraph\">Diferentemente da Indy, a categoria de base realiza apenas uma corrida no oval de Milwaukee. Por isso, a classifica\u00e7\u00e3o \u00e9 definida pelo tempo total das duas voltas \u2014 ou pela m\u00e9dia dos tempos.<\/p>\n\n\n\n<p class=\"wp-block-paragraph\">Carson Etter, da Ganassi, foi o primeiro Indy NXT a entrar na pista e registrou 49s495 no somat\u00f3rio das voltas. Logo foi superado por Alexander Koreiba, da Juncos, que marcou 48s947.<\/p>\n\n\n\n<p class=\"wp-block-paragraph\">James Roe, tamb\u00e9m da Ganassi, veio em seguida e parecia que faria a pole provis\u00f3ria ao cravar 24s335 na primeira volta. No entanto, o piloto perdeu o controle do carro na sa\u00edda da curva 2 e acertou o muro de frente.<\/p>\n\n\n\n<figure class=\"wp-block-image size-large\"><img loading=\"lazy\" decoding=\"async\" width=\"1024\" height=\"494\" src=\"https:\/\/grandepremio.com\/br\/wp-content\/uploads\/2026\/08\/Captura-de-tela-2026-08-29-134346-1024x494.png\" alt=\"\" class=\"wp-image-1020313264\" srcset=\"https:\/\/grandepremio.com\/wp-content\/uploads\/2026\/08\/Captura-de-tela-2026-08-29-134346-1024x494.png 1024w, https:\/\/grandepremio.com\/wp-content\/uploads\/2026\/08\/Captura-de-tela-2026-08-29-134346-300x145.png 300w, https:\/\/grandepremio.com\/wp-content\/uploads\/2026\/08\/Captura-de-tela-2026-08-29-134346-768x371.png 768w, https:\/\/grandepremio.com\/wp-content\/uploads\/2026\/08\/Captura-de-tela-2026-08-29-134346-150x72.png 150w, https:\/\/grandepremio.com\/wp-content\/uploads\/2026\/08\/Captura-de-tela-2026-08-29-134346.png 1436w\" sizes=\"(max-width: 1024px) 100vw, 1024px\" \/><figcaption class=\"wp-element-caption\">James Roe bate no muro na classifica\u00e7\u00e3o em Milwaukee (Foto: Reprodu\u00e7\u00e3o\/FOX)<\/figcaption><\/figure>\n\n\n\n<p class=\"wp-block-paragraph\">Nicholas Monteiro, da Foyt, foi \u00e0 pista na sequ\u00eancia, mas n\u00e3o completou a volta de aquecimento por causa de problemas. Colin Kaminsky assumiu a primeira coloca\u00e7\u00e3o com 48s911 pela Abel, mas n\u00e3o ficou muito tempo na lideran\u00e7a: Nicholas Stati, da Cusick Motorsports, anotou 48s166 logo em seguida.<\/p>\n\n\n\n<p class=\"wp-block-paragraph\">Bryce Aron entrou na pista pela Ganassi, mas n\u00e3o superou Stati. O piloto cravou 48s231 e ficou com o segundo posto. Niels Koolen, tamb\u00e9m da Ganassi, foi o primeiro a entrar na casa de 47s e assumiu a posi\u00e7\u00e3o de honra com 47s735. O neerland\u00eas manteve a pole provis\u00f3ria ap\u00f3s Jacob Abel entrar na pista e marcar 48s400, resultado que o colocou na quarta posi\u00e7\u00e3o.<\/p>\n\n\n\n<p class=\"wp-block-paragraph\">Vencedor da etapa de Milwaukee em 2025, Salvador de Alba Jr. completou a classifica\u00e7\u00e3o com a segunda coloca\u00e7\u00e3o, com 48s116 pela HMD. Seb Murray, da Andretti, superou o mexicano em seguida, com 48s058, mas ainda ficou atr\u00e1s de Koolen.<\/p>\n\n\n\n<p class=\"wp-block-paragraph\">Max Garcia, da Abel, cravou 48s058 na sequ\u00eancia e assumiu o terceiro tempo. Cotado para uma vaga na Foyt na Indy em 2027, Josh Pierson voou com a Andretti e tomou de Koolen a pole provis\u00f3ria, com 47s629.<\/p>\n\n\n\n<p class=\"wp-block-paragraph\">Juan Manuel Correa, da Cusick Motorsports, entrou na pista em seguida e anotou o terceiro tempo at\u00e9 ent\u00e3o. Com 47s810, o norte-americano ficou atr\u00e1s de Pierson e Koolen. Matteo Nannini, da Carpenter, rodou na curva 1 logo que saiu dos boxes, mas conseguiu evitar os muros. O italiano deu sequ\u00eancia \u00e0 classifica\u00e7\u00e3o e completou a tentativa em oitavo, com 48s175.<\/p>\n\n\n\n<p class=\"wp-block-paragraph\">Mais r\u00e1pido no treino livre da manh\u00e3 deste s\u00e1bado, Jack Beeton ficou pr\u00f3ximo, mas n\u00e3o conseguiu tirar das m\u00e3os de Pierson a pole-position. O piloto da HMD terminou em segundo, com 47s677. Especialista em circuitos ovais, Myles Rowe mostrou sofrer com a falta de ritmo da Abel. Depois de bater no treino livre, o #99 ficou apenas em 11\u00ba, com 48s321.<\/p>\n\n\n\n<p class=\"wp-block-paragraph\">Dono de oito poles em 2026, Alessandro de Tullio entrou no tra\u00e7ado em seguida pela Foyt. O argentino parecia repetir as boas atua\u00e7\u00f5es nas classifica\u00e7\u00f5es e fez a melhor volta da sess\u00e3o, com 23s691, mas perdeu o controle na curva 2 no giro seguinte e bateu com for\u00e7a no muro.<\/p>\n\n\n\n<figure class=\"wp-block-image size-large\"><img loading=\"lazy\" decoding=\"async\" width=\"1024\" height=\"544\" src=\"https:\/\/grandepremio.com\/br\/wp-content\/uploads\/2026\/08\/Captura-de-tela-2026-08-29-141247-1024x544.png\" alt=\"\" class=\"wp-image-1020313273\" srcset=\"https:\/\/grandepremio.com\/wp-content\/uploads\/2026\/08\/Captura-de-tela-2026-08-29-141247-1024x544.png 1024w, https:\/\/grandepremio.com\/wp-content\/uploads\/2026\/08\/Captura-de-tela-2026-08-29-141247-300x159.png 300w, https:\/\/grandepremio.com\/wp-content\/uploads\/2026\/08\/Captura-de-tela-2026-08-29-141247-768x408.png 768w, https:\/\/grandepremio.com\/wp-content\/uploads\/2026\/08\/Captura-de-tela-2026-08-29-141247-150x80.png 150w, https:\/\/grandepremio.com\/wp-content\/uploads\/2026\/08\/Captura-de-tela-2026-08-29-141247.png 1303w\" sizes=\"(max-width: 1024px) 100vw, 1024px\" \/><figcaption class=\"wp-element-caption\">Alessandro de Tullio bateu forte na curva 2 na classifica\u00e7\u00e3o em Milwaukee (Foto: Reprodu\u00e7\u00e3o\/FOX)<\/figcaption><\/figure>\n\n\n\n<p class=\"wp-block-paragraph\">A sess\u00e3o ficou sem carros no tra\u00e7ado por alguns minutos para o resgate do piloto e a retirada do carro. Quando a pista foi liberada, Lochie Hughes teve sua vez. O representante da Andretti ficou distante de Pierson, companheiro de equipe, com 47s995, resultado que lhe rendeu o quinto posto naquele momento.<\/p>\n\n\n\n<p class=\"wp-block-paragraph\">Max Taylor, tamb\u00e9m da Andretti, entrou na pista logo na sequ\u00eancia. O norte-americano foi um pouco mais r\u00e1pido que Hughes e ficou com o quinto lugar, com 47s843. Tymek Kucharczyk, da HMD, assumiu o segundo posto, com 47s645, a apenas 0s016 de Pierson.<\/p>\n\n\n\n<p class=\"wp-block-paragraph\">Um ponto atr\u00e1s de Enzo Fittipaldi no campeonato, Nikita Johnson colocou a Carpenter na pista logo em seguida. O piloto de 18 anos fez 48s285 e ficou apenas na 14\u00aa coloca\u00e7\u00e3o.<\/p>\n\n\n\n<p class=\"wp-block-paragraph\">Foi ent\u00e3o a vez do brasileiro, que fechava a classifica\u00e7\u00e3o. O representante da HMD anotou 47s972 e ficou com o s\u00e9timo lugar, resultado que garantiu a Pierson a primeira pole-position da carreira na Indy NXT.<\/p>\n","protected":false},"excerpt":{"rendered":"<p>L\u00edder da temporada 2026 da Indy NXT, Enzo Fittipaldi conquistou o s\u00e9timo lugar no grid de largada da etapa de Milwaukee e vai largar \u00e0 frente de Nikita Johnson, principal concorrente na disputa do t\u00edtulo<\/p>\n","protected":false},"author":14,"featured_media":1020313274,"comment_status":"closed","ping_status":"closed","sticky":false,"template":"","format":"standard","meta":{"42wp_featured_image_caption":"Josh Pierson","42wp_featured_image_credits":"IndyCar","42wp_featured_video":"","42wp_featured_image_hidden":false,"42wp_authors_list":[{"id":47155,"location":"de S\u00e3o Paulo"}],"footnotes":""},"categories":[3],"tags":[409,4510],"42wp_author":[47155],"class_list":["post-164266","post","type-post","status-publish","format-standard","has-post-thumbnail","hentry","category-indy","tag-enzo-fittipaldi","tag-milwaukee","42wp_author-daniel-balsa"],"_links":{"self":[{"href":"https:\/\/grandepremio.com\/br\/wp-json\/wp\/v2\/posts\/164266","targetHints":{"allow":["GET"]}}],"collection":[{"href":"https:\/\/grandepremio.com\/br\/wp-json\/wp\/v2\/posts"}],"about":[{"href":"https:\/\/grandepremio.com\/br\/wp-json\/wp\/v2\/types\/post"}],"author":[{"embeddable":true,"href":"https:\/\/grandepremio.com\/br\/wp-json\/wp\/v2\/users\/14"}],"replies":[{"embeddable":true,"href":"https:\/\/grandepremio.com\/br\/wp-json\/wp\/v2\/comments?post=164266"}],"version-history":[{"count":2,"href":"https:\/\/grandepremio.com\/br\/wp-json\/wp\/v2\/posts\/164266\/revisions"}],"predecessor-version":[{"id":164278,"href":"https:\/\/grandepremio.com\/br\/wp-json\/wp\/v2\/posts\/164266\/revisions\/164278"}],"wp:featuredmedia":[{"embeddable":true,"href":"https:\/\/grandepremio.com\/br\/wp-json\/wp\/v2\/media\/1020313274"}],"wp:attachment":[{"href":"https:\/\/grandepremio.com\/br\/wp-json\/wp\/v2\/media?parent=164266"}],"wp:term":[{"taxonomy":"category","embeddable":true,"href":"https:\/\/grandepremio.com\/br\/wp-json\/wp\/v2\/categories?post=164266"},{"taxonomy":"post_tag","embeddable":true,"href":"https:\/\/grandepremio.com\/br\/wp-json\/wp\/v2\/tags?post=164266"},{"taxonomy":"42wp_author","embeddable":true,"href":"https:\/\/grandepremio.com\/br\/wp-json\/wp\/v2\/42wp_author?post=164266"}],"curies":[{"name":"wp","href":"https:\/\/api.w.org\/{rel}","templated":true}]}}