{"id":164269,"date":"2026-08-29T14:25:56","date_gmt":"2026-08-29T17:25:56","guid":{"rendered":"https:\/\/grandepremio.com\/br\/?p=164269"},"modified":"2026-08-29T15:15:37","modified_gmt":"2026-08-29T18:15:37","slug":"chefe-mercedes-admite-fez-pazes-2021-max-verstappen-mereceu-titulo","status":"publish","type":"post","link":"https:\/\/grandepremio.com\/br\/f1\/chefe-mercedes-admite-fez-pazes-2021-max-verstappen-mereceu-titulo\/","title":{"rendered":"Chefe da Mercedes admite que &#8220;fez as pazes&#8221; com 2021: &#8220;Verstappen mereceu o t\u00edtulo&#8221;"},"content":{"rendered":"\n<p class=\"wp-block-paragraph\">Chefe da Mercedes, Toto Wolff reconheceu que &#8220;fez as pazes&#8221; com o resultado da temporada 2021 da F\u00f3rmula 1. Max Verstappen, da Red Bull, conquistou o t\u00edtulo mundial em um pol\u00eamico final no GP de Abu Dhabi, ultrapassando Lewis Hamilton, que na \u00e9poca era piloto do time de Brackley, na \u00faltima volta da corrida.<\/p>\n\n\n\n<p class=\"wp-block-paragraph\">Em entrevista ao podcast da empresa SAP, Wolff admitiu que conquistar oito t\u00edtulos consecutivos do Mundial de Construtores foi algo bom, mas o que fica marcado certamente \u00e9 a disputa pela ta\u00e7a de Pilotos, vencida por Max. Para Toto, de forma merecida.<\/p>\n\n\n\n<p class=\"wp-block-paragraph\">&#8220;Os oito t\u00edtulos de Construtores \u00e9 um feito legal, \u00e9 algo que n\u00e3o foi feito antes em nenhum outro esporte, ent\u00e3o foi um bom momento. Mas como a corrida aconteceu \u00e9 algo que vai permanecer para frente. J\u00e1 fiz minha paz, assim como Lewis, e Max merece ser o campe\u00e3o. A temporada foi definida em uma tarde, mas \u00e9 isso que fica de 2021&#8221;, declarou.<\/p>\n\n\n\n<p class=\"wp-block-paragraph\">Wolff tamb\u00e9m descreveu como foi controlar as emo\u00e7\u00f5es durante a decis\u00e3o. Lewis liderava a corrida e encaminhava o t\u00edtulo, at\u00e9 que um acidente de Nicholas Latifi colocou o safety-car com cinco voltas para o fim. Verstappen, em segundo, colocou pneus mais novos. A dire\u00e7\u00e3o de prova decidiu por remover apenas os retardat\u00e1rios que separavam Hamilton de Verstappen, e com a relargada na volta final, o neerland\u00eas saiu com a vit\u00f3ria.<\/p>\n\n\n\n<p class=\"wp-block-paragraph\">&#8220;Obviamente, minha \u00fanica rea\u00e7\u00e3o foi tentar estar no controle. Desde crian\u00e7a, tento estar no controle, porque tive uma inf\u00e2ncia dif\u00edcil e lembro de ter 9 anos e querer ser independente dos pa\u00eds. E no momento que vi que foi tudo decidido, faltando 10 voltas para o fim, n\u00e3o existia cen\u00e1rio para perder, e perdemos. Foi um momento de desacreditar. Era meu sentimento pessoal, mas a\u00ed veio o lutador dentro de mim perguntando: como lutamos de novo? Quais as op\u00e7\u00f5es para contestar o resultado? O meu eu racional entrou, refletindo com nosso CEO e Lewis. Todos tentando entender o que fazer. Susie [Wolff] tamb\u00e9m estava desacreditada por ter corrido com Lewis. E a\u00ed progredi entre as emo\u00e7\u00f5es daquele dia&#8221;, completou.<\/p>\n\n\n\n<p class=\"wp-block-paragraph\">A F\u00f3rmula 1 volta de 4 a 6 de setembro em Monza, palco do GP da It\u00e1lia, 13\u00aa etapa da temporada 2026.<\/p>\n","protected":false},"excerpt":{"rendered":"<p>Toto Wolff cr\u00ea que a temporada de 2021 n\u00e3o foi decidida apenas em Abu Dhabi e Max Verstappen \u00e9 um campe\u00e3o justo. Chefe da Mercedes tamb\u00e9m descreveu as emo\u00e7\u00f5es na controversa final do campeonato<\/p>\n","protected":false},"author":16,"featured_media":1001091873,"comment_status":"closed","ping_status":"closed","sticky":false,"template":"","format":"standard","meta":{"42wp_featured_image_caption":"O pol\u00eamico final da F1 2021","42wp_featured_image_credits":"Reprodu\u00e7\u00e3o","42wp_featured_video":"","42wp_featured_image_hidden":false,"42wp_authors_list":[{"id":47119,"location":"de Campinas"}],"footnotes":""},"categories":[2],"tags":[82,204,150],"42wp_author":[47119],"class_list":["post-164269","post","type-post","status-publish","format-standard","has-post-thumbnail","hentry","category-f1","tag-mercedes","tag-red-bull","tag-toto-wolff","42wp_author-gabriel-carvalho"],"_links":{"self":[{"href":"https:\/\/grandepremio.com\/br\/wp-json\/wp\/v2\/posts\/164269","targetHints":{"allow":["GET"]}}],"collection":[{"href":"https:\/\/grandepremio.com\/br\/wp-json\/wp\/v2\/posts"}],"about":[{"href":"https:\/\/grandepremio.com\/br\/wp-json\/wp\/v2\/types\/post"}],"author":[{"embeddable":true,"href":"https:\/\/grandepremio.com\/br\/wp-json\/wp\/v2\/users\/16"}],"replies":[{"embeddable":true,"href":"https:\/\/grandepremio.com\/br\/wp-json\/wp\/v2\/comments?post=164269"}],"version-history":[{"count":2,"href":"https:\/\/grandepremio.com\/br\/wp-json\/wp\/v2\/posts\/164269\/revisions"}],"predecessor-version":[{"id":164280,"href":"https:\/\/grandepremio.com\/br\/wp-json\/wp\/v2\/posts\/164269\/revisions\/164280"}],"wp:featuredmedia":[{"embeddable":true,"href":"https:\/\/grandepremio.com\/br\/wp-json\/wp\/v2\/media\/1001091873"}],"wp:attachment":[{"href":"https:\/\/grandepremio.com\/br\/wp-json\/wp\/v2\/media?parent=164269"}],"wp:term":[{"taxonomy":"category","embeddable":true,"href":"https:\/\/grandepremio.com\/br\/wp-json\/wp\/v2\/categories?post=164269"},{"taxonomy":"post_tag","embeddable":true,"href":"https:\/\/grandepremio.com\/br\/wp-json\/wp\/v2\/tags?post=164269"},{"taxonomy":"42wp_author","embeddable":true,"href":"https:\/\/grandepremio.com\/br\/wp-json\/wp\/v2\/42wp_author?post=164269"}],"curies":[{"name":"wp","href":"https:\/\/api.w.org\/{rel}","templated":true}]}}