{"id":164283,"date":"2026-08-29T15:41:17","date_gmt":"2026-08-29T18:41:17","guid":{"rendered":"https:\/\/grandepremio.com\/br\/?p=164283"},"modified":"2026-08-29T17:20:11","modified_gmt":"2026-08-29T20:20:11","slug":"chuva-atrasa-largada-gp-milwaukee-1-deixa-indy-espera","status":"publish","type":"post","link":"https:\/\/grandepremio.com\/br\/indy\/chuva-atrasa-largada-gp-milwaukee-1-deixa-indy-espera\/","title":{"rendered":"Chuva atrasa largada do GP de Milwaukee 1 e deixa Indy em espera"},"content":{"rendered":"\n<p class=\"wp-block-paragraph\">A largada para a primeira corrida da rodada dupla da Indy em Milwaukee estava marcada para 15h41 (de Bras\u00edlia, GMT -3) deste s\u00e1bado (29), por\u00e9m, por conta da chuva, a categoria precisou adiar o come\u00e7o a prova e levar os carros de volta \u00e0 garagem. As equipes foram avisadas para retornar ao pit-lane \u00e0s 16h04 e a bandeira verde foi programada para 16h30.<\/p>\n\n\n\n<p class=\"wp-block-paragraph\">A possibilidade de chuva j\u00e1 tinha feito a Indy antecipar a programa\u00e7\u00e3o da corrida 1 em Milwaukee em 10 minutos. Por conta disso, o comando de ligar os motores seria \u00e0s 15h36 e a largada \u00e0s 15h41.<\/p>\n\n\n\n<figure class=\"wp-block-embed is-type-video is-provider-youtube wp-block-embed-youtube wp-embed-aspect-16-9 wp-has-aspect-ratio\"><div class=\"wp-block-embed__wrapper\">\n<iframe loading=\"lazy\" title=\"INDY QUER BRASIL E NAMORA CORRIDA EM GOI\u00c2NIA J\u00c1 EM 2027 | Sprint GP\" width=\"500\" height=\"281\" src=\"https:\/\/www.youtube.com\/embed\/mVUi-JIcAnw?feature=oembed\" frameborder=\"0\" allow=\"accelerometer; autoplay; clipboard-write; encrypted-media; gyroscope; picture-in-picture; web-share\" referrerpolicy=\"strict-origin-when-cross-origin\" allowfullscreen><\/iframe>\n<\/div><\/figure>\n\n\n\n<p class=\"wp-block-paragraph\">Entretanto, minutos antes da transmiss\u00e3o internacional ter in\u00edcio \u00e0s 15h30, a Indy retornou \u00e0 programa\u00e7\u00e3o original em decorr\u00eancia de leve garoa. Por\u00e9m, com o aumento da chuva, a categoria adiou a largada para 16h30.<\/p>\n\n\n\n<p class=\"wp-block-paragraph\">Antes de anunciar o atraso no in\u00edcio da prova, a Indy colocou os carros de servi\u00e7o para iniciar o processo de secagem da pista, procedimento que continuou nos minutos seguintes. Apesar de a chuva n\u00e3o ser forte, foi o suficiente para molhar o asfalto.<\/p>\n\n\n\n<figure class=\"wp-block-image size-large\"><img loading=\"lazy\" decoding=\"async\" width=\"1024\" height=\"768\" src=\"https:\/\/grandepremio.com\/br\/wp-content\/uploads\/2026\/08\/chuvapockrass-1024x768.jpg\" alt=\"\" class=\"wp-image-1020313280\" srcset=\"https:\/\/grandepremio.com\/wp-content\/uploads\/2026\/08\/chuvapockrass-1024x768.jpg 1024w, https:\/\/grandepremio.com\/wp-content\/uploads\/2026\/08\/chuvapockrass-300x225.jpg 300w, https:\/\/grandepremio.com\/wp-content\/uploads\/2026\/08\/chuvapockrass-768x576.jpg 768w, https:\/\/grandepremio.com\/wp-content\/uploads\/2026\/08\/chuvapockrass-1536x1152.jpg 1536w, https:\/\/grandepremio.com\/wp-content\/uploads\/2026\/08\/chuvapockrass-2048x1536.jpg 2048w, https:\/\/grandepremio.com\/wp-content\/uploads\/2026\/08\/chuvapockrass-1200x900.jpg 1200w, https:\/\/grandepremio.com\/wp-content\/uploads\/2026\/08\/chuvapockrass-150x113.jpg 150w\" sizes=\"(max-width: 1024px) 100vw, 1024px\" \/><figcaption class=\"wp-element-caption\">Indy precisou atrasar programa\u00e7\u00e3o do GP de Milwaukee 1 por conta da chuva (Foto: Reprodu\u00e7\u00e3o\/Bob Pockrass)<\/figcaption><\/figure>\n\n\n\n<p class=\"wp-block-paragraph\">Como n\u00e3o h\u00e1 luz artificial no Milwaukee Mile, a corrida precisa terminar antes de 21h28, hor\u00e1rio no qual o sol se p\u00f5e. Pato O&#8217;Ward conquistou a pole-position da primeira prova da rodada dupla ap\u00f3s aproveitar as puni\u00e7\u00f5es de \u00c1lex Palou, Scott McLaughlin e David Malukas por troca de motor. Caio Collet vai largar na 20\u00aa posi\u00e7\u00e3o.<\/p>\n\n\n\n<p class=\"wp-block-paragraph\">O <strong>GRANDE PR\u00caMIO<\/strong> acompanha todas as atividades da rodada dupla da Indy 2026 em Milwaukee neste fim de semana. <\/p>\n\n\n\n<p class=\"wp-block-paragraph\"><\/p>\n","protected":false},"excerpt":{"rendered":"<p>A Indy precisou adiar a largada do GP de Milwaukee 1 deste s\u00e1bado (29) por conta da chuva. O in\u00edcio da prova est\u00e1 marcado para 16h30 (de Bras\u00edlia, GMT -3)<\/p>\n","protected":false},"author":21,"featured_media":1020313279,"comment_status":"closed","ping_status":"closed","sticky":false,"template":"","format":"standard","meta":{"42wp_featured_image_caption":"Chuva atrasou in\u00edcio do GP de Milwaukee 1","42wp_featured_image_credits":"Ganassi","42wp_featured_video":"","42wp_featured_image_hidden":false,"42wp_authors_list":[{"id":47163,"location":"do Rio de Janeiro"}],"footnotes":""},"categories":[3],"tags":[1134,23410],"42wp_author":[47163],"class_list":["post-164283","post","type-post","status-publish","format-standard","has-post-thumbnail","hentry","category-indy","tag-chuva","tag-gp-de-milwaukee","42wp_author-caio-cavalcante"],"_links":{"self":[{"href":"https:\/\/grandepremio.com\/br\/wp-json\/wp\/v2\/posts\/164283","targetHints":{"allow":["GET"]}}],"collection":[{"href":"https:\/\/grandepremio.com\/br\/wp-json\/wp\/v2\/posts"}],"about":[{"href":"https:\/\/grandepremio.com\/br\/wp-json\/wp\/v2\/types\/post"}],"author":[{"embeddable":true,"href":"https:\/\/grandepremio.com\/br\/wp-json\/wp\/v2\/users\/21"}],"replies":[{"embeddable":true,"href":"https:\/\/grandepremio.com\/br\/wp-json\/wp\/v2\/comments?post=164283"}],"version-history":[{"count":7,"href":"https:\/\/grandepremio.com\/br\/wp-json\/wp\/v2\/posts\/164283\/revisions"}],"predecessor-version":[{"id":164303,"href":"https:\/\/grandepremio.com\/br\/wp-json\/wp\/v2\/posts\/164283\/revisions\/164303"}],"wp:featuredmedia":[{"embeddable":true,"href":"https:\/\/grandepremio.com\/br\/wp-json\/wp\/v2\/media\/1020313279"}],"wp:attachment":[{"href":"https:\/\/grandepremio.com\/br\/wp-json\/wp\/v2\/media?parent=164283"}],"wp:term":[{"taxonomy":"category","embeddable":true,"href":"https:\/\/grandepremio.com\/br\/wp-json\/wp\/v2\/categories?post=164283"},{"taxonomy":"post_tag","embeddable":true,"href":"https:\/\/grandepremio.com\/br\/wp-json\/wp\/v2\/tags?post=164283"},{"taxonomy":"42wp_author","embeddable":true,"href":"https:\/\/grandepremio.com\/br\/wp-json\/wp\/v2\/42wp_author?post=164283"}],"curies":[{"name":"wp","href":"https:\/\/api.w.org\/{rel}","templated":true}]}}