{"id":164297,"date":"2026-08-30T20:21:43","date_gmt":"2026-08-30T23:21:43","guid":{"rendered":"https:\/\/grandepremio.com\/br\/?p=164297"},"modified":"2026-08-30T20:21:45","modified_gmt":"2026-08-30T23:21:45","slug":"alex-palou-sai-anonimato-entra-para-historia-talento-vai-alem-indy","status":"publish","type":"post","link":"https:\/\/grandepremio.com\/br\/indy\/alex-palou-sai-anonimato-entra-para-historia-talento-vai-alem-indy\/","title":{"rendered":"Palou sai do anonimato e entra para a hist\u00f3ria com talento que vai al\u00e9m da Indy"},"content":{"rendered":"\n<p class=\"wp-block-paragraph\">\u00c1lex Palou mant\u00e9m uma trajet\u00f3ria impressionante na Indy e conquistou neste domingo (30), ap\u00f3s encerrar o GP de Milwaukee 1 na d\u00e9cima coloca\u00e7\u00e3o, o quinto t\u00edtulo em apenas sete temporadas disputadas na categoria. Uma janela de dom\u00ednio absolutamente impressionante \u2014 e como nunca antes vista na hist\u00f3ria recente do campeonato.<\/p>\n\n\n\n<p class=\"wp-block-paragraph\">Palou passou de um mero desconhecido que chegou \u00e0 Dale Coyne em 2020, perambulando atr\u00e1s de oportunidades para correr porque o aspecto financeiro nunca o acompanhou, a um dos maiores nomes de todos os tempos. Poucos anos depois, j\u00e1 \u00e9 o terceiro maior campe\u00e3o de uma categoria que re\u00fane registros desde 1905, gra\u00e7as tamb\u00e9m a um casamento praticamente perfeito com a Ganassi, parceria iniciada em 2021.<\/p>\n\n\n\n<figure class=\"wp-block-embed is-type-video is-provider-youtube wp-block-embed-youtube wp-embed-aspect-16-9 wp-has-aspect-ratio\"><div class=\"wp-block-embed__wrapper\">\n<iframe loading=\"lazy\" title=\"INDY QUER BRASIL E NAMORA CORRIDA EM GOI\u00c2NIA J\u00c1 EM 2027 | Sprint GP\" width=\"500\" height=\"281\" src=\"https:\/\/www.youtube.com\/embed\/mVUi-JIcAnw?feature=oembed\" frameborder=\"0\" allow=\"accelerometer; autoplay; clipboard-write; encrypted-media; gyroscope; picture-in-picture; web-share\" referrerpolicy=\"strict-origin-when-cross-origin\" allowfullscreen><\/iframe>\n<\/div><\/figure>\n\n\n\n<p class=\"wp-block-paragraph\">\u00c9 recorrente no paddock a pergunta sobre o que fazer para parar \u00c1lex Palou. O espanhol encerrou qualquer possibilidade de equil\u00edbrio na disputa pelo t\u00edtulo e transformou a temporada em uma briga pelo vice-campeonato. Ningu\u00e9m parece encontrar respostas para frear o sucesso de um piloto que, ano ap\u00f3s ano, estabelece um novo patamar de consist\u00eancia e efici\u00eancia.<\/p>\n\n\n\n<p class=\"wp-block-paragraph\">Isso naturalmente faz surgir outra pergunta: Palou \u00e9 bom demais para a Indy?<\/p>\n\n\n\n<p class=\"wp-block-paragraph\">Fica evidente que, sim, o espanhol est\u00e1 acima da m\u00e9dia da categoria. Mas penso que Palou seria igualmente competitivo em qualquer outro campeonato, desde que tivesse \u00e0 disposi\u00e7\u00e3o um equipamento capaz de lhe permitir demonstrar seu talento e algum tempo para a adapta\u00e7\u00e3o. Nada do que apresentou at\u00e9 aqui me faz pensar o contr\u00e1rio.<\/p>\n\n\n\n<p class=\"wp-block-paragraph\">Palou \u00e9 fenomenal em circuito misto, \u00f3timo nos tra\u00e7ados urbanos e se tornou muito bom em circuitos ovais. Ele encontrou todas as val\u00eancias necess\u00e1rias para estar em outro patamar dentro da Indy. E por qual raz\u00e3o n\u00e3o poderia fazer isso em outra categoria? <\/p>\n\n\n\n<figure class=\"wp-block-image size-large\"><img loading=\"lazy\" decoding=\"async\" width=\"1024\" height=\"683\" src=\"https:\/\/grandepremio.com\/br\/wp-content\/uploads\/2026\/08\/Snap-On-Makers-and-Fixers-250-at-the-Milwaukee-Mile-Friday_-August-28_-2026_Large-Image-Without-Watermark_m163969-1024x683.jpg\" alt=\"\" class=\"wp-image-1020313131\" srcset=\"https:\/\/grandepremio.com\/wp-content\/uploads\/2026\/08\/Snap-On-Makers-and-Fixers-250-at-the-Milwaukee-Mile-Friday_-August-28_-2026_Large-Image-Without-Watermark_m163969-1024x683.jpg 1024w, https:\/\/grandepremio.com\/wp-content\/uploads\/2026\/08\/Snap-On-Makers-and-Fixers-250-at-the-Milwaukee-Mile-Friday_-August-28_-2026_Large-Image-Without-Watermark_m163969-300x200.jpg 300w, https:\/\/grandepremio.com\/wp-content\/uploads\/2026\/08\/Snap-On-Makers-and-Fixers-250-at-the-Milwaukee-Mile-Friday_-August-28_-2026_Large-Image-Without-Watermark_m163969-768x512.jpg 768w, https:\/\/grandepremio.com\/wp-content\/uploads\/2026\/08\/Snap-On-Makers-and-Fixers-250-at-the-Milwaukee-Mile-Friday_-August-28_-2026_Large-Image-Without-Watermark_m163969-1536x1024.jpg 1536w, https:\/\/grandepremio.com\/wp-content\/uploads\/2026\/08\/Snap-On-Makers-and-Fixers-250-at-the-Milwaukee-Mile-Friday_-August-28_-2026_Large-Image-Without-Watermark_m163969-2048x1366.jpg 2048w, https:\/\/grandepremio.com\/wp-content\/uploads\/2026\/08\/Snap-On-Makers-and-Fixers-250-at-the-Milwaukee-Mile-Friday_-August-28_-2026_Large-Image-Without-Watermark_m163969-150x100.jpg 150w\" sizes=\"(max-width: 1024px) 100vw, 1024px\" \/><figcaption class=\"wp-element-caption\">\u00c1lex Palou (Foto: IndyCar)<\/figcaption><\/figure>\n\n\n\n<p class=\"wp-block-paragraph\">\u00c9 verdade que a adapta\u00e7\u00e3o de Palou ao carro da Indy foi avassaladoramente r\u00e1pida. Logo em sua temporada de estreia, ainda pela Dale Coyne, conquistou um p\u00f3dio que chamou a aten\u00e7\u00e3o de Mike Hull, ent\u00e3o diretor da Ganassi. O espanhol mostrou desde muito cedo uma capacidade incomum de extrair desempenho de um carro que n\u00e3o estava entre os mais competitivos do grid. <\/p>\n\n\n\n<p class=\"wp-block-paragraph\">Mas seu dom\u00ednio atual n\u00e3o \u00e9 obra do acaso. Palou poderia, naturalmente, encontrar dificuldades maiores ao desembarcar em uma categoria completamente diferente. A F\u00f3rmula 1 exige uma adapta\u00e7\u00e3o espec\u00edfica, o endurance tem outra din\u00e2mica e demandas distintas. Ainda assim, n\u00e3o tenho d\u00favidas de que, com uma oportunidade em tempo integral e equipamento competitivo, Palou teria condi\u00e7\u00f5es de alcan\u00e7ar sucesso em qualquer uma delas. O talento sempre esteve ali. O que faltou durante boa parte de sua carreira foi equipamento competitivo \u2014 na base, o dinheiro influencia muito em ter as melhores pe\u00e7as, mas tamb\u00e9m os melhores engenheiros e mec\u00e2nicos.<\/p>\n\n\n\n<p class=\"wp-block-paragraph\">Palou j\u00e1 contou algumas vezes que chegou a disputar corridas de kart com o pai sabendo que aquela poderia ser a \u00faltima, justamente pelas limita\u00e7\u00f5es financeiras da fam\u00edlia. Esse passado pode ajudar a explicar parte da fome que o espanhol demonstra at\u00e9 hoje. Palou parece competir cada prova como se fosse a derradeira oportunidade de sua carreira. E, enquanto muitos pilotos poderiam se acomodar depois de alcan\u00e7ar o topo, ele continua buscando mais. <\/p>\n\n\n\n<p class=\"wp-block-paragraph\">Talvez esteja a\u00ed uma das grandes explica\u00e7\u00f5es para o fen\u00f4meno. Palou n\u00e3o parece satisfeito em simplesmente vencer. Ele quer dominar. E domina de uma maneira que transforma a temporada dos advers\u00e1rios em uma luta pelo segundo lugar.<\/p>\n\n\n\n<figure class=\"wp-block-image size-large\"><img loading=\"lazy\" decoding=\"async\" width=\"1024\" height=\"683\" src=\"https:\/\/grandepremio.com\/br\/wp-content\/uploads\/2026\/08\/Snap-On-Makers-and-Fixers-250-at-the-Milwaukee-Mile-Friday_-August-28_-2026_Large-Image-Without-Watermark_m164044-1024x683.jpg\" alt=\"\" class=\"wp-image-1020313179\" srcset=\"https:\/\/grandepremio.com\/wp-content\/uploads\/2026\/08\/Snap-On-Makers-and-Fixers-250-at-the-Milwaukee-Mile-Friday_-August-28_-2026_Large-Image-Without-Watermark_m164044-1024x683.jpg 1024w, https:\/\/grandepremio.com\/wp-content\/uploads\/2026\/08\/Snap-On-Makers-and-Fixers-250-at-the-Milwaukee-Mile-Friday_-August-28_-2026_Large-Image-Without-Watermark_m164044-300x200.jpg 300w, https:\/\/grandepremio.com\/wp-content\/uploads\/2026\/08\/Snap-On-Makers-and-Fixers-250-at-the-Milwaukee-Mile-Friday_-August-28_-2026_Large-Image-Without-Watermark_m164044-768x512.jpg 768w, https:\/\/grandepremio.com\/wp-content\/uploads\/2026\/08\/Snap-On-Makers-and-Fixers-250-at-the-Milwaukee-Mile-Friday_-August-28_-2026_Large-Image-Without-Watermark_m164044-1536x1024.jpg 1536w, https:\/\/grandepremio.com\/wp-content\/uploads\/2026\/08\/Snap-On-Makers-and-Fixers-250-at-the-Milwaukee-Mile-Friday_-August-28_-2026_Large-Image-Without-Watermark_m164044-2048x1365.jpg 2048w, https:\/\/grandepremio.com\/wp-content\/uploads\/2026\/08\/Snap-On-Makers-and-Fixers-250-at-the-Milwaukee-Mile-Friday_-August-28_-2026_Large-Image-Without-Watermark_m164044-150x100.jpg 150w\" sizes=\"(max-width: 1024px) 100vw, 1024px\" \/><figcaption class=\"wp-element-caption\">\u00c1lex Palou (Foto: IndyCar)<\/figcaption><\/figure>\n\n\n\n<p class=\"wp-block-paragraph\">Correndo como nunca, vencendo como sempre, \u00c1lex Palou caminha para quebrar todos os recordes da Indy. Agora, est\u00e1 a apenas um t\u00edtulo de igualar Scott Dixon, companheiro de Ganassi durante os \u00faltimos anos e um dos maiores vencedores da hist\u00f3ria da categoria. O dom\u00ednio do espanhol, inclusive, j\u00e1 reduziu consideravelmente a dist\u00e2ncia para os n\u00fameros do neozeland\u00eas, que durante muito tempo pareceu destinado a ser o grande recordista da Indy.<\/p>\n\n\n\n<p class=\"wp-block-paragraph\">Os recordes de t\u00edtulos e vit\u00f3rias ainda pertencem a A.J. Foyt. Mas isso pode ser apenas uma quest\u00e3o de tempo. Palou tem idade, talento e, principalmente, fome para continuar empilhando conquistas. Se mantiver esse ritmo, a discuss\u00e3o deixar\u00e1 de ser sobre se ele \u00e9 bom demais para a Indy. Passar\u00e1 a ser sobre at\u00e9 onde ele pode levar o pr\u00f3prio limite \u2014 e quantos dos recordes mais importantes da categoria ainda permanecer\u00e3o de p\u00e9 quando sua carreira terminar.<\/p>\n","protected":false},"excerpt":{"rendered":"<p>Quinto t\u00edtulo em sete temporadas consolida \u00c1lex Palou entre os maiores da hist\u00f3ria da Indy e refor\u00e7a a sensa\u00e7\u00e3o de que talento poderia brilhar em qualquer categoria<\/p>\n","protected":false},"author":14,"featured_media":1001063019,"comment_status":"closed","ping_status":"closed","sticky":false,"template":"","format":"standard","meta":{"42wp_featured_image_caption":"\u00c1lex Palou \u00e9 pentacampe\u00e3o da Indy","42wp_featured_image_credits":"IndyCar","42wp_featured_video":"","42wp_featured_image_hidden":false,"42wp_authors_list":[{"id":47155,"location":"de S\u00e3o Paulo"}],"footnotes":""},"categories":[3],"tags":[9828,23410,4510],"42wp_author":[47155],"class_list":["post-164297","post","type-post","status-publish","format-standard","has-post-thumbnail","hentry","category-indy","tag-alex-palou","tag-gp-de-milwaukee","tag-milwaukee","42wp_author-daniel-balsa"],"_links":{"self":[{"href":"https:\/\/grandepremio.com\/br\/wp-json\/wp\/v2\/posts\/164297","targetHints":{"allow":["GET"]}}],"collection":[{"href":"https:\/\/grandepremio.com\/br\/wp-json\/wp\/v2\/posts"}],"about":[{"href":"https:\/\/grandepremio.com\/br\/wp-json\/wp\/v2\/types\/post"}],"author":[{"embeddable":true,"href":"https:\/\/grandepremio.com\/br\/wp-json\/wp\/v2\/users\/14"}],"replies":[{"embeddable":true,"href":"https:\/\/grandepremio.com\/br\/wp-json\/wp\/v2\/comments?post=164297"}],"version-history":[{"count":3,"href":"https:\/\/grandepremio.com\/br\/wp-json\/wp\/v2\/posts\/164297\/revisions"}],"predecessor-version":[{"id":164550,"href":"https:\/\/grandepremio.com\/br\/wp-json\/wp\/v2\/posts\/164297\/revisions\/164550"}],"wp:featuredmedia":[{"embeddable":true,"href":"https:\/\/grandepremio.com\/br\/wp-json\/wp\/v2\/media\/1001063019"}],"wp:attachment":[{"href":"https:\/\/grandepremio.com\/br\/wp-json\/wp\/v2\/media?parent=164297"}],"wp:term":[{"taxonomy":"category","embeddable":true,"href":"https:\/\/grandepremio.com\/br\/wp-json\/wp\/v2\/categories?post=164297"},{"taxonomy":"post_tag","embeddable":true,"href":"https:\/\/grandepremio.com\/br\/wp-json\/wp\/v2\/tags?post=164297"},{"taxonomy":"42wp_author","embeddable":true,"href":"https:\/\/grandepremio.com\/br\/wp-json\/wp\/v2\/42wp_author?post=164297"}],"curies":[{"name":"wp","href":"https:\/\/api.w.org\/{rel}","templated":true}]}}