{"id":16430,"date":"2025-10-10T13:02:57","date_gmt":"2025-10-10T16:02:57","guid":{"rendered":"https:\/\/grandepremio.com\/br\/noticias\/will-power-compoe-trio-australiano-8-horas-indianapolis-prepara-estreia-endurance\/"},"modified":"2025-10-10T16:19:32","modified_gmt":"2025-10-10T19:19:32","slug":"will-power-compoe-trio-australiano-8-horas-indianapolis-prepara-estreia-endurance","status":"publish","type":"post","link":"https:\/\/grandepremio.com\/br\/endurance\/will-power-compoe-trio-australiano-8-horas-indianapolis-prepara-estreia-endurance\/","title":{"rendered":"Power comp\u00f5e trio australiano nas 8 Horas de Indian\u00e1polis e prepara estreia no endurance"},"content":{"rendered":"\n<p class=\"wp-block-paragraph\"><strong>Will Power<\/strong>, bicampe\u00e3o da <strong>Indy <\/strong>e vencedor das <strong>500 Milhas de Indian\u00e1polis<\/strong> em 2018, vai se aventurar no <strong>endurance <\/strong>nesta reta final da temporada 2025. Ao 44 anos de idade, o australiano vai participar da etapa final de <strong>Intercontinental GT Challenge<\/strong> e da <strong>GT World Challenge America<\/strong>, as <strong>8 Horas de Indian\u00e1polis<\/strong>, pela equipe <strong>75 Express<\/strong>. A prova est\u00e1 marcada para acontecer no dia 18 de outubro. <\/p>\n\n\n\n<p class=\"wp-block-paragraph\">Essa ser\u00e1 a primeira apari\u00e7\u00e3o de Power, <a href=\"https:\/\/www.grandepremio.com\/br\/indy\/noticias\/will-power-admite-recusou-renovacao-penske-antes-fechar-com-andretti\/\">que est\u00e1 de sa\u00edda da Penske na Indy<\/a>, em uma corrida de endurance. Em 2023, chegou a ser anunciado para a disputa das <strong>24 Horas de Daytona<\/strong> ao lado de <strong>Kenny Habul<\/strong>, <strong>Fabian Schiller<\/strong> e <strong>Axcil Jeffries<\/strong> em um <strong>Mercedes-AMG GT3 Evo<\/strong>, <a href=\"https:\/\/www.grandepremio.com\/br\/endurance\/noticias\/will-power-desiste-estreia-24-horas-daytona-problemas-saude-esposa\/\">mas teve de desistir<\/a> para ficar junto da esposa, que tinha sofrido complica\u00e7\u00f5es de uma cirurgia. <\/p>\n\n\n\n<p class=\"wp-block-paragraph\">Agora, pela equipe 75 Express, Power vai dividir o volante com Habul e <strong>Chaz Mostert<\/strong>, formando um trio 100% australiano em Indian\u00e1polis. <\/p>\n\n\n\n<figure class=\"wp-block-image size-large\"><img decoding=\"async\" src=\"https:\/\/www.grandepremio.com\/br\/wp-content\/uploads\/2025\/08\/Borchetta-Bourbon-Music-City-Grand-Prix-Saturday_-August-30_-2025_Large-Image-Without-Watermark_m142079-1200x800.jpg\" alt=\"\" class=\"wp-image-1007095\"\/><figcaption class=\"wp-element-caption\">Will Power vai trocar o monoposto da Indy por um GT no pr\u00f3ximo final de semana (Foto: IndyCar)<\/figcaption><\/figure>\n\n\n\n<p class=\"wp-block-paragraph\">Power e Habul, inclusive, s\u00e3o amigos de longa data e foram at\u00e9 rivais no in\u00edcio da carreira, quando ambos competiam na <strong>Formula Ford<\/strong>, na Austr\u00e1lia, nos anos 1990. A partir da\u00ed, cada um seguiu um caminho, com Power partindo rumo \u00e0 Europa e, eventualmente, fazendo sucesso nos Estados Unidos, e Habul fazendo uma pausa nas pistas para investir em neg\u00f3cios, retornando \u00e0s competi\u00e7\u00f5es apenas nos anos 2010.<\/p>\n\n\n\n<p class=\"wp-block-paragraph\">No circuito misto de Indian\u00e1polis, palco da etapa do pr\u00f3ximo dia 18 de outubro, Power tem cinco vit\u00f3rias, o maior n\u00famero de qualquer piloto da Indy e a mesma quantidade de triunfos de <strong>Michael Schumacher<\/strong> na pra\u00e7a. <\/p>\n\n\n\n<p class=\"wp-block-paragraph\">Com o an\u00fancio desta sexta-feira (10), Power se torna o segundo piloto de destaque da Indy a competir nas 8 Horas de Indian\u00e1polis em dois anos consecutivos. Em 2024, <strong>\u00c1lex Palou<\/strong>, tetracampe\u00e3o da categoria norte-americana de monopostos, participou da prova com um <strong>Mercedes-AMG<\/strong> da equipe <strong>Lone Star<\/strong>.<\/p>\n\n\n\n<p class=\"wp-block-paragraph\"><strong>\u25b6\ufe0f<\/strong>&nbsp;<strong>Inscreva-se nos dois canais do GRANDE PR\u00caMIO no YouTube:&nbsp;<a href=\"https:\/\/www.youtube.com\/channel\/UC9OlHEgxoaY6QY6nWPoiqQg?sub_confirmation=1\" target=\"_blank\" rel=\"noreferrer noopener\">GP<\/a>&nbsp;|&nbsp;<a href=\"https:\/\/www.youtube.com\/channel\/UC9csiS6q_C3C0FYhyr1rnFA?sub_confirmation=1\" target=\"_blank\" rel=\"noreferrer noopener\">GP2<\/a><\/strong><a href=\"https:\/\/www.grandepremio.com\/br\/chefao\/\" target=\"_blank\" rel=\"noreferrer noopener\"><\/a><\/p>\n\n\n\n<figure class=\"wp-block-embed is-type-video is-provider-youtube wp-block-embed-youtube wp-embed-aspect-16-9 wp-has-aspect-ratio\"><div class=\"wp-block-embed__wrapper\">\n<iframe loading=\"lazy\" title=\"TENS\u00c3O NA FERRARI ANTECIPA MERCADO DE PILOTOS? E SOBRA PARA BORTOLETO | WGP [grande premio]\" width=\"500\" height=\"281\" src=\"https:\/\/www.youtube.com\/embed\/jxs6hzZuB0I?feature=oembed\" frameborder=\"0\" allow=\"accelerometer; autoplay; clipboard-write; encrypted-media; gyroscope; picture-in-picture; web-share\" referrerpolicy=\"strict-origin-when-cross-origin\" allowfullscreen><\/iframe>\n<\/div><\/figure>\n","protected":false},"excerpt":{"rendered":"<p>Will Power vai, enfim, estrear no endurance nas 8 Horas de Indian\u00e1polis, no pr\u00f3ximo dia 18 de outubro. O bicampe\u00e3o da Indy far\u00e1 parte de um trio 100% australiano da 75 Express<\/p>\n","protected":false},"author":0,"featured_media":1001004962,"comment_status":"closed","ping_status":"closed","sticky":false,"template":"","format":"standard","meta":{"42wp_featured_image_caption":"","42wp_featured_image_credits":"","42wp_featured_video":"","42wp_featured_image_hidden":false,"42wp_authors_list":[],"footnotes":""},"categories":[18],"tags":[417,427,1133,93,94,265,3133],"42wp_author":[47162],"class_list":["post-16430","post","type-post","status-publish","format-standard","has-post-thumbnail","hentry","category-endurance","tag-andretti","tag-endurance","tag-gt","tag-indy","tag-indycar","tag-penske","tag-will-power","42wp_author-giovani-danjo"],"_links":{"self":[{"href":"https:\/\/grandepremio.com\/br\/wp-json\/wp\/v2\/posts\/16430","targetHints":{"allow":["GET"]}}],"collection":[{"href":"https:\/\/grandepremio.com\/br\/wp-json\/wp\/v2\/posts"}],"about":[{"href":"https:\/\/grandepremio.com\/br\/wp-json\/wp\/v2\/types\/post"}],"replies":[{"embeddable":true,"href":"https:\/\/grandepremio.com\/br\/wp-json\/wp\/v2\/comments?post=16430"}],"version-history":[{"count":0,"href":"https:\/\/grandepremio.com\/br\/wp-json\/wp\/v2\/posts\/16430\/revisions"}],"wp:featuredmedia":[{"embeddable":true,"href":"https:\/\/grandepremio.com\/br\/wp-json\/wp\/v2\/media\/1001004962"}],"wp:attachment":[{"href":"https:\/\/grandepremio.com\/br\/wp-json\/wp\/v2\/media?parent=16430"}],"wp:term":[{"taxonomy":"category","embeddable":true,"href":"https:\/\/grandepremio.com\/br\/wp-json\/wp\/v2\/categories?post=16430"},{"taxonomy":"post_tag","embeddable":true,"href":"https:\/\/grandepremio.com\/br\/wp-json\/wp\/v2\/tags?post=16430"},{"taxonomy":"42wp_author","embeddable":true,"href":"https:\/\/grandepremio.com\/br\/wp-json\/wp\/v2\/42wp_author?post=16430"}],"curies":[{"name":"wp","href":"https:\/\/api.w.org\/{rel}","templated":true}]}}