{"id":164302,"date":"2026-08-29T17:23:57","date_gmt":"2026-08-29T20:23:57","guid":{"rendered":"https:\/\/grandepremio.com\/br\/?p=164302"},"modified":"2026-08-29T21:00:04","modified_gmt":"2026-08-30T00:00:04","slug":"chuva-volta-aparecer-interrompe-gp-milwaukee-1-indy-2026","status":"publish","type":"post","link":"https:\/\/grandepremio.com\/br\/indy\/chuva-volta-aparecer-interrompe-gp-milwaukee-1-indy-2026\/","title":{"rendered":"Chuva volta a aparecer e interrompe GP de Milwaukee 1 da Indy 2026"},"content":{"rendered":"\n<p class=\"wp-block-paragraph\">Ap\u00f3s atrasar a largada da primeira corrida da rodada dupla da Indy em Milwaukee neste s\u00e1bado (29) em 1h, a chuva voltou a aparecer e provocou uma bandeira vermelha. A dire\u00e7\u00e3o de prova j\u00e1 havia acionado o safety-car, al\u00e9m de colocar alguns ve\u00edculos para o procedimento de secagem da pista antes de interromper a disputa na volta 91 por conta do aumento da chuva. Ainda n\u00e3o h\u00e1 uma previs\u00e3o para o rein\u00edcio, j\u00e1 que o aguaceirou se intensificou. Por volta das 19h37 (de Bras\u00edlia, GMT -3), parou de chover e o processo de secagem recome\u00e7ou. Apesar de a Indy n\u00e3o definir um hor\u00e1rio para a relargada, o procedimento geralmente costuma demorar 1h30.<\/p>\n\n\n\n<p class=\"wp-block-paragraph\">ATUALIZA\u00c7\u00c3O: por conta da aus\u00eancia de luz artificial, a Indy tentar\u00e1 correr at\u00e9 21h30, independente da contagem de voltas. A prova ser\u00e1 decretada como oficial assim que o l\u00edder completar o 126\u00ba giro, que representa 50% da dist\u00e2ncia + uma volta.<\/p>\n\n\n\n<p class=\"wp-block-paragraph\">A possibilidade de chuva j\u00e1 tinha feito a Indy antecipar a programa\u00e7\u00e3o da corrida 1 em Milwaukee em 10 minutos. Por conta disso, o comando de ligar os motores seria \u00e0s 15h36 (de Bras\u00edlia, GMT -3) e a largada \u00e0s 15h41. Entretanto, minutos antes da transmiss\u00e3o internacional ter in\u00edcio \u00e0s 15h30, a Indy retornou \u00e0 programa\u00e7\u00e3o original em decorr\u00eancia de leve garoa. Por\u00e9m, com o aumento da chuva, a categoria adiou a largada para 16h30.<\/p>\n\n\n\n<figure class=\"wp-block-embed is-type-video is-provider-youtube wp-block-embed-youtube wp-embed-aspect-16-9 wp-has-aspect-ratio\"><div class=\"wp-block-embed__wrapper\">\n<iframe loading=\"lazy\" title=\"INDY QUER BRASIL E NAMORA CORRIDA EM GOI\u00c2NIA J\u00c1 EM 2027 | Sprint GP\" width=\"500\" height=\"281\" src=\"https:\/\/www.youtube.com\/embed\/mVUi-JIcAnw?feature=oembed\" frameborder=\"0\" allow=\"accelerometer; autoplay; clipboard-write; encrypted-media; gyroscope; picture-in-picture; web-share\" referrerpolicy=\"strict-origin-when-cross-origin\" allowfullscreen><\/iframe>\n<\/div><\/figure>\n\n\n\n<p class=\"wp-block-paragraph\">A prova correu normalmente at\u00e9 o 65\u00b0 giro, quando a bandeira amarela foi acionada devido a uma leve garoa. Alguns pilotos aproveitaram para fazer mais um pit-stop durante o per\u00edodo em que o safety-car estava na pista.<\/p>\n\n\n\n<p class=\"wp-block-paragraph\">Ap\u00f3s 27 voltas em bandeira amarela, a dire\u00e7\u00e3o de prova decidiu interromper a corrida no 91\u00b0 giro por conta do aumento da chuva. Alguns minutos depois, a categoria solicitou \u00e0s equipes para que cobrissem os carros. \u00c0s 17h45, foram levados de volta \u00e0 garagem. <\/p>\n\n\n\n<figure class=\"wp-block-video\"><video class=\"video-js vjs-big-play-centered\" data-gp-vjs=\"1\" controls src=\"https:\/\/grandepremio-portal.b-cdn.net\/2026\/08\/bandeira-vermelha-milwaukee.mp4\"><\/video><figcaption class=\"wp-element-caption\">GP de Milwaukee 1 foi interrompido na volta 91 por conta da chuva (V\u00eddeo: Reprodu\u00e7\u00e3o\/IndyCar)<\/figcaption><\/figure>\n\n\n\n<p class=\"wp-block-paragraph\">Na sequ\u00eancia, a Indy colocou os carros de servi\u00e7o para iniciar o processo de secagem da pista, procedimento que continuou nos minutos seguintes. Como n\u00e3o h\u00e1 luz artificial no Milwaukee Mile, a corrida precisa terminar antes de 21h28, hor\u00e1rio no qual o sol se p\u00f5e.<\/p>\n\n\n\n<p class=\"wp-block-paragraph\">&#8220;A corrida e a transmiss\u00e3o est\u00e3o suspensas temporariamente devido \u00e0s condi\u00e7\u00f5es clim\u00e1ticas, at\u00e9 segunda ordem. Novas atualiza\u00e7\u00f5es ser\u00e3o enviadas por e-mail e anunciadas assim que estiverem dispon\u00edveis&#8221;, afirmou um comunicado da categoria \u00e0s 18h.<\/p>\n\n\n\n<p class=\"wp-block-paragraph\">A chuva aumentou ao ponto de ser necess\u00e1ria a secagem por completo da pista antes de um novo rein\u00edcio. O GP de Milwaukee 1 segue sem previs\u00e3o de retorno. Por volta das 19h37, a chuva deu uma tr\u00e9gua e o processo de secagem recome\u00e7ou. Apesar de a Indy n\u00e3o definir um hor\u00e1rio para a relargada, o procedimento geralmente costuma demorar 1h30 \u2014 ou seja, 21h07 \u2014, o que deixaria em cima do hor\u00e1rio que ainda se tem luz natural.<\/p>\n\n\n\n<p class=\"wp-block-paragraph\">Pato O&#8217;Ward liderava a corrida antes da paralisa\u00e7\u00e3o. Felix Rosenqvist era o segundo colocado, seguido de Alexander Rossi, Josef Newgarden, Christian Lundgaard, Will Power, Kyle Kirkwood, Louis Foster, Kyffin Simpson e Rinus VeeKay.<\/p>\n\n\n\n<p class=\"wp-block-paragraph\">\u00c1lex Palou, que tem chances de se tornar pentacampe\u00e3o neste s\u00e1bado, foi um dos pilotos que parou durante a bandeira amarela e ocupava a 14\u00aa posi\u00e7\u00e3o. Caio Collet sofria no oval de Milwaukee e era somente o 24\u00b0 colocado antes da interrup\u00e7\u00e3o.<\/p>\n\n\n\n<p class=\"wp-block-paragraph\">O&nbsp;<strong>GRANDE PR\u00caMIO<\/strong>&nbsp;acompanha todas as atividades da rodada dupla da Indy 2026 em Milwaukee neste fim de semana.<\/p>\n\n\n\n<p class=\"wp-block-paragraph\"><\/p>\n","protected":false},"excerpt":{"rendered":"<p>A Indy viu a chuva atrapalhar as atividades em Milwaukee outra vez neste s\u00e1bado (29). A primeira corrida da rodada dupla foi interrompida na volta 91 e ainda n\u00e3o h\u00e1 previs\u00e3o de um rein\u00edcio da prova, j\u00e1 que o aguaceirou se intensificou. Por volta das 19h37 (de Bras\u00edlia, GMT -3), parou de chover e o processo de secagem recome\u00e7ou. Apesar de a Indy n\u00e3o definir um hor\u00e1rio para a relargada, o procedimento geralmente costuma demorar 1h30<\/p>\n","protected":false},"author":21,"featured_media":1020313285,"comment_status":"closed","ping_status":"closed","sticky":false,"template":"","format":"standard","meta":{"42wp_featured_image_caption":"Chuva provocou bandeira vermelha no GP de Milwaukee 1","42wp_featured_image_credits":"IndyCar","42wp_featured_video":"","42wp_featured_image_hidden":false,"42wp_authors_list":[{"id":47163,"location":"do Rio de Janeiro"}],"footnotes":""},"categories":[3],"tags":[23410],"42wp_author":[47163],"class_list":["post-164302","post","type-post","status-publish","format-standard","has-post-thumbnail","hentry","category-indy","tag-gp-de-milwaukee","42wp_author-caio-cavalcante"],"_links":{"self":[{"href":"https:\/\/grandepremio.com\/br\/wp-json\/wp\/v2\/posts\/164302","targetHints":{"allow":["GET"]}}],"collection":[{"href":"https:\/\/grandepremio.com\/br\/wp-json\/wp\/v2\/posts"}],"about":[{"href":"https:\/\/grandepremio.com\/br\/wp-json\/wp\/v2\/types\/post"}],"author":[{"embeddable":true,"href":"https:\/\/grandepremio.com\/br\/wp-json\/wp\/v2\/users\/21"}],"replies":[{"embeddable":true,"href":"https:\/\/grandepremio.com\/br\/wp-json\/wp\/v2\/comments?post=164302"}],"version-history":[{"count":13,"href":"https:\/\/grandepremio.com\/br\/wp-json\/wp\/v2\/posts\/164302\/revisions"}],"predecessor-version":[{"id":164331,"href":"https:\/\/grandepremio.com\/br\/wp-json\/wp\/v2\/posts\/164302\/revisions\/164331"}],"wp:featuredmedia":[{"embeddable":true,"href":"https:\/\/grandepremio.com\/br\/wp-json\/wp\/v2\/media\/1020313285"}],"wp:attachment":[{"href":"https:\/\/grandepremio.com\/br\/wp-json\/wp\/v2\/media?parent=164302"}],"wp:term":[{"taxonomy":"category","embeddable":true,"href":"https:\/\/grandepremio.com\/br\/wp-json\/wp\/v2\/categories?post=164302"},{"taxonomy":"post_tag","embeddable":true,"href":"https:\/\/grandepremio.com\/br\/wp-json\/wp\/v2\/tags?post=164302"},{"taxonomy":"42wp_author","embeddable":true,"href":"https:\/\/grandepremio.com\/br\/wp-json\/wp\/v2\/42wp_author?post=164302"}],"curies":[{"name":"wp","href":"https:\/\/api.w.org\/{rel}","templated":true}]}}