{"id":16432,"date":"2025-10-10T12:04:41","date_gmt":"2025-10-10T15:04:41","guid":{"rendered":"https:\/\/grandepremio.com\/br\/noticias\/alex-palou-pensou-abandonar-indy-por-reserva-formula-1-acordo-mclaren\/"},"modified":"2025-10-10T16:25:31","modified_gmt":"2025-10-10T19:25:31","slug":"alex-palou-pensou-abandonar-indy-por-reserva-formula-1-acordo-mclaren","status":"publish","type":"post","link":"https:\/\/grandepremio.com\/br\/indy\/alex-palou-pensou-abandonar-indy-por-reserva-formula-1-acordo-mclaren\/","title":{"rendered":"Palou admite que pensou em abandonar Indy por reserva na F1 ap\u00f3s acordo com McLaren"},"content":{"rendered":"\n<p class=\"wp-block-paragraph\">O desejo de fazer parte da <strong>F\u00f3rmula 1<\/strong> era t\u00e3o robusto que <strong>\u00c1lex Palou<\/strong> estava disposto at\u00e9 a trocar a chance de um per\u00edodo de gl\u00f3rias nos Estados Unidos pela incerteza de um futuro no Mundial. Foi a revela\u00e7\u00e3o que o agora tetracampe\u00e3o da <strong>Indy<\/strong> fez na \u00faltima quinta-feira, durante depoimento dado em julgamento do caso de quebra de contrato om a <strong>McLaren<\/strong>.<\/p>\n\n\n\n<p class=\"wp-block-paragraph\">O julgamento, que est\u00e1 sendo conduzido na Alta Corte de Londres, esquentou nesta semana, uma vez que <strong>Nick de Marco<\/strong>, advogado que representa Palou no caso, teve a chance de interpelar tanto <strong>Zak Brown<\/strong>, CEO da McLaren, quanto Palou no banco das testemunhas. <strong><a href=\"https:\/\/www.grandepremio.com\/br\/indy\/noticias\/ceo-mclaren-nega-destruicao-provas-caso-palou-nunca-prometi-assento-formula-1\">Brown j\u00e1 havia rejeitado totalmente a ideia de que prometeu uma vaga<\/a><\/strong> ao piloto na F1.<\/p>\n\n\n\n<p class=\"wp-block-paragraph\">Depois disso, as perguntas a Palou deram claridade a como o piloto enxergou todo o imbr\u00f3glio. Refor\u00e7ou que recebeu a garantia de espa\u00e7o na F1 quando aceitou trocar a <strong>Ganassi<\/strong>, por onde j\u00e1 havia sido campe\u00e3o na Indy, pela McLaren. E admitiu a <strong><a href=\"https:\/\/www.grandepremio.com\/br\/f1\/noticias\/alex-palou-admite-irritacao-mclaren-contratar-oscar-piastri-f1-era-unico-atrativo\/\">irrita\u00e7\u00e3o ao descobrir que a equipe inglesa havia contratado<\/a><\/strong> <strong>Oscar Piastri<\/strong> na vaga que imaginava ver aberta, a que era ocupada por <strong>Daniel Ricciardo<\/strong> no momento em que assinou.<\/p>\n\n\n\n<p class=\"wp-block-paragraph\">Palou assinou com a McLaren no in\u00edcio de 2022, em movimento que causou problema com a Ganassi, com quem tinha mais dois anos de contrato. Assim, s\u00f3 iria para o time ingl\u00eas em 2024, inicialmente na Indy, mas com olhos na F1. Ap\u00f3s o acerto com Piastri, por\u00e9m, a coisa esfriou e Palou decidiu quebrar o acordo em meados de 2023. Permaneceu na Ganassi, pois.<\/p>\n\n\n\n<figure class=\"wp-block-image size-large\"><img decoding=\"async\" src=\"https:\/\/www.grandepremio.com\/br\/wp-content\/uploads\/2025\/08\/2227413081-1200x812.jpg\" alt=\"\" class=\"wp-image-1001777\"\/><figcaption class=\"wp-element-caption\">Zak Brown e \u00c1lex Palou depuseram em julgamento (Foto: McLaren)<\/figcaption><\/figure>\n\n\n\n<p class=\"wp-block-paragraph\">O acordo entre Palou e McLaren seria v\u00e1lido por tr\u00eas anos, entre 2024 e 2026, com uma cl\u00e1usula de renova\u00e7\u00e3o para 2027. E foi ao indagar sobre os crit\u00e9rios desta cl\u00e1usula que o advogado fez seu cliente mostrar at\u00e9 onde estava disposto a ir para ter chances de andar na F1.<\/p>\n\n\n\n<p class=\"wp-block-paragraph\">&#8220;Voc\u00ea podia rejeitar a extens\u00e3o contratual sob a condi\u00e7\u00e3o de que n\u00e3o corresse por outro time da Indy na temporada 2027. Se tivesse ficado na McLaren, o que faria quando a McLaren tentasse exercer essa cl\u00e1usula?&#8221;, indagou o advogado diretamente para Palou.<\/p>\n\n\n\n<p class=\"wp-block-paragraph\">&#8220;Nesta altura, se eu tivesse a possibilidade de n\u00e3o correr na Indy, mas ainda conquistar uma vaga de reserva na F1 por outra equipe, era isso que eu tentaria fazer. Era meu sonho&#8221;, admitiu.<\/p>\n\n\n\n<p class=\"wp-block-paragraph\">O julgamento continua em andamento. <\/p>\n\n\n\n<p class=\"wp-block-paragraph\"><strong>\u25b6\ufe0f<\/strong>&nbsp;<strong>Inscreva-se nos dois canais do GRANDE PR\u00caMIO no YouTube:&nbsp;<a href=\"https:\/\/www.youtube.com\/channel\/UC9OlHEgxoaY6QY6nWPoiqQg?sub_confirmation=1\" target=\"_blank\" rel=\"noreferrer noopener\">GP<\/a>&nbsp;|&nbsp;<a href=\"https:\/\/www.youtube.com\/channel\/UC9csiS6q_C3C0FYhyr1rnFA?sub_confirmation=1\" target=\"_blank\" rel=\"noreferrer noopener\">GP2<\/a><\/strong><a href=\"https:\/\/www.grandepremio.com\/br\/chefao\/\" target=\"_blank\" rel=\"noreferrer noopener\"><\/a><\/p>\n\n\n\n<figure class=\"wp-block-embed is-type-video is-provider-youtube wp-block-embed-youtube wp-embed-aspect-16-9 wp-has-aspect-ratio\"><div class=\"wp-block-embed__wrapper\">\n<iframe loading=\"lazy\" title=\"FINALMENTE F1 2025 TEM PROMESSA DE BRIGA POR T\u00cdTULO + FERRARI EM DESESPERO | TTGP #200\" width=\"500\" height=\"281\" src=\"https:\/\/www.youtube.com\/embed\/_md4-w9XUFE?feature=oembed\" frameborder=\"0\" allow=\"accelerometer; autoplay; clipboard-write; encrypted-media; gyroscope; picture-in-picture; web-share\" referrerpolicy=\"strict-origin-when-cross-origin\" allowfullscreen><\/iframe>\n<\/div><figcaption class=\"wp-element-caption\">FINALMENTE F1 2025 TEM PROMESSA DE BRIGA POR T\u00cdTULO + FERRARI EM DESESPERO | TTGP\u00a0<a href=\"https:\/\/www.youtube.com\/hashtag\/200\">#200<\/a><br><\/figcaption><\/figure>\n","protected":false},"excerpt":{"rendered":"<p>Durante julgamento do caso de abandono de contrato, que p\u00f5e frente a frente \u00c1lex Palou e a McLaren, piloto admitiu que estava pronto para deixar a Indy para qualquer possibilidade de chance na F\u00f3rmula 1<\/p>\n","protected":false},"author":0,"featured_media":1000877250,"comment_status":"closed","ping_status":"closed","sticky":false,"template":"","format":"standard","meta":{"42wp_featured_image_caption":"","42wp_featured_image_credits":"","42wp_featured_video":"","42wp_featured_image_hidden":false,"42wp_authors_list":[],"footnotes":""},"categories":[3],"tags":[9828,26271,28552,5273,6133,147,3630,180,3628,1595,1491,28285,30840,35361,93,39054,90,35129,29784,27380,41036,42001,580],"42wp_author":[47120],"class_list":["post-16432","post","type-post","status-publish","format-standard","has-post-thumbnail","hentry","category-indy","tag-alex-palou","tag-calendario-f1","tag-calendario-indy","tag-classificacao-f1","tag-classificacao-indy","tag-f1","tag-f1-2025","tag-formula-1","tag-formula-1-2025","tag-ganassi","tag-grande-premio","tag-grandepremio","tag-horarios-f1","tag-horarios-indy","tag-indy","tag-indy-2025","tag-mclaren","tag-onde-assistir-f1","tag-onde-assistir-indy","tag-pato-oward-3","tag-temporada-2025-da-indy","tag-temporada-2025-f1","tag-zak-brown","42wp_author-pedro-henrique-marum"],"_links":{"self":[{"href":"https:\/\/grandepremio.com\/br\/wp-json\/wp\/v2\/posts\/16432","targetHints":{"allow":["GET"]}}],"collection":[{"href":"https:\/\/grandepremio.com\/br\/wp-json\/wp\/v2\/posts"}],"about":[{"href":"https:\/\/grandepremio.com\/br\/wp-json\/wp\/v2\/types\/post"}],"replies":[{"embeddable":true,"href":"https:\/\/grandepremio.com\/br\/wp-json\/wp\/v2\/comments?post=16432"}],"version-history":[{"count":0,"href":"https:\/\/grandepremio.com\/br\/wp-json\/wp\/v2\/posts\/16432\/revisions"}],"wp:featuredmedia":[{"embeddable":true,"href":"https:\/\/grandepremio.com\/br\/wp-json\/wp\/v2\/media\/1000877250"}],"wp:attachment":[{"href":"https:\/\/grandepremio.com\/br\/wp-json\/wp\/v2\/media?parent=16432"}],"wp:term":[{"taxonomy":"category","embeddable":true,"href":"https:\/\/grandepremio.com\/br\/wp-json\/wp\/v2\/categories?post=16432"},{"taxonomy":"post_tag","embeddable":true,"href":"https:\/\/grandepremio.com\/br\/wp-json\/wp\/v2\/tags?post=16432"},{"taxonomy":"42wp_author","embeddable":true,"href":"https:\/\/grandepremio.com\/br\/wp-json\/wp\/v2\/42wp_author?post=16432"}],"curies":[{"name":"wp","href":"https:\/\/api.w.org\/{rel}","templated":true}]}}