{"id":164351,"date":"2026-08-30T06:45:12","date_gmt":"2026-08-30T09:45:12","guid":{"rendered":"https:\/\/grandepremio.com\/br\/?p=164351"},"modified":"2026-08-30T07:00:37","modified_gmt":"2026-08-30T10:00:37","slug":"maximo-quiles-derrota-david-almansa-batalha-intensa-vence-gp-aragao-moto3","status":"publish","type":"post","link":"https:\/\/grandepremio.com\/br\/motogp\/maximo-quiles-derrota-david-almansa-batalha-intensa-vence-gp-aragao-moto3\/","title":{"rendered":"Quiles derrota Almansa em batalha intensa e vence GP de Arag\u00e3o da Moto3"},"content":{"rendered":"\n<p class=\"wp-block-paragraph\">Em uma corrida movimentada e marcada por amplo dom\u00ednio de um grupo formado por quatro pilotos do in\u00edcio ao fim neste domingo (30), <strong>M\u00e1ximo Quiles conseguiu mostrar mais uma vez que est\u00e1 acima de seus advers\u00e1rios na Moto3<\/strong> ao vencer o<strong> GP de Arag\u00e3o, <\/strong>abrindo 97 pontos de vantagem na lideran\u00e7a do campeonato.<\/p>\n\n\n\n<p class=\"wp-block-paragraph\">David Almansa travou intensa disputa com o piloto da Aspar Team, mas acabou fechando a prova na segunda coloca\u00e7\u00e3o sem conseguir superar o #22. Companheiro do l\u00edder do campeonato da Moto3, Marco Morelli fechou o p\u00f3dio com bom resultado na terceira coloca\u00e7\u00e3o.<\/p>\n\n\n\n<figure class=\"wp-block-embed is-type-video is-provider-youtube wp-block-embed-youtube wp-embed-aspect-16-9 wp-has-aspect-ratio\"><div class=\"wp-block-embed__wrapper\">\n<iframe loading=\"lazy\" title=\"MOTOGP CHEGA A ARAG\u00c3O COM APRILIA PRONTA PARA DESTRONAR MARC M\u00c1RQUEZ | Motoca GP\" width=\"500\" height=\"281\" src=\"https:\/\/www.youtube.com\/embed\/CSKIY6iS5Qc?feature=oembed\" frameborder=\"0\" allow=\"accelerometer; autoplay; clipboard-write; encrypted-media; gyroscope; picture-in-picture; web-share\" referrerpolicy=\"strict-origin-when-cross-origin\" allowfullscreen><\/iframe>\n<\/div><\/figure>\n\n\n\n<p class=\"wp-block-paragraph\">\u00c1lvaro Carpe, Brian Uriarte, Adri\u00e1n Cruces, Casey O&#8217;Gorman, Valent\u00edn Perrone, Guido Pini e Adri\u00e1n Fern\u00e1ndez completaram a lista dos dez primeiros colocados. Jesus R\u00edos, Cormac Buchanan e Nicola Carraro n\u00e3o terminaram a prova.<\/p>\n\n\n\n<p class=\"wp-block-paragraph\">A Moto3 volta a acelerar entre os dias 11 a 13 de setembro para o GP de San Marino e da Riviera de Rimini, 14\u00aa etapa da temporada 2026. O <strong>GRANDE PR\u00caMIO<\/strong> acompanha toda a programa\u00e7\u00e3o do fim de semana, assim como as demais categorias do Mundial de Motovelocidade.<\/p>\n\n\n\n<figure class=\"wp-block-image size-large\"><img loading=\"lazy\" decoding=\"async\" width=\"1024\" height=\"683\" src=\"https:\/\/grandepremio.com\/br\/wp-content\/uploads\/2026\/08\/LG9_6953-1024x683.jpg\" alt=\"\" class=\"wp-image-1020313297\" srcset=\"https:\/\/grandepremio.com\/wp-content\/uploads\/2026\/08\/LG9_6953-1024x683.jpg 1024w, https:\/\/grandepremio.com\/wp-content\/uploads\/2026\/08\/LG9_6953-300x200.jpg 300w, https:\/\/grandepremio.com\/wp-content\/uploads\/2026\/08\/LG9_6953-768x512.jpg 768w, https:\/\/grandepremio.com\/wp-content\/uploads\/2026\/08\/LG9_6953-1536x1024.jpg 1536w, https:\/\/grandepremio.com\/wp-content\/uploads\/2026\/08\/LG9_6953-2048x1365.jpg 2048w, https:\/\/grandepremio.com\/wp-content\/uploads\/2026\/08\/LG9_6953-150x100.jpg 150w\" sizes=\"(max-width: 1024px) 100vw, 1024px\" \/><figcaption class=\"wp-element-caption\">David Almansa travou forte batalha com M\u00e1ximo Quiles durante GP de Arag\u00e3o (Foto: Divulga\u00e7\u00e3o\/MotoGP)<\/figcaption><\/figure>\n\n\n\n<h2 class=\"wp-block-heading\"><strong>Como foi a corrida da Moto3 no MotorLand:<\/strong><\/h2>\n\n\n\n<p class=\"wp-block-paragraph\">O forte calor marcou o GP de Arag\u00e3o da Moto3 neste domingo (30), com temperatura de 26\u00baC e 42% de umidade, em MotorLand, David Almansa sustentou a lideran\u00e7a durante a largada da corrida, mas M\u00e1ximo Quiles iniciou uma intensa disputa com o rival desde as primeiras curvas.<\/p>\n\n\n\n<figure class=\"wp-block-video\"><video class=\"video-js vjs-big-play-centered\" data-gp-vjs=\"1\" controls src=\"https:\/\/grandepremio-portal.b-cdn.net\/2026\/08\/largada-moto3-aragao.mp4\"><\/video><figcaption class=\"wp-element-caption\">Almansa segura lideran\u00e7a durante largada da Moto3 em Arag\u00e3o (V\u00eddeo: Reprodu\u00e7\u00e3o\/MotoGP)<\/figcaption><\/figure>\n\n\n\n<p class=\"wp-block-paragraph\">A prova tamb\u00e9m ficou marcada por acidentes fortes. Na terceira volta, Cormac Buchanan sofreu uma queda na curva 11 e precisou abandonar. Tr\u00eas voltas depois, Jes\u00fas R\u00edos tamb\u00e9m caiu, desta vez na curva 17, e deixou a corrida.<\/p>\n\n\n\n<figure class=\"wp-block-video\"><video class=\"video-js vjs-big-play-centered\" data-gp-vjs=\"1\" controls src=\"https:\/\/grandepremio-portal.b-cdn.net\/2026\/08\/queda-jesus-rios-moto3-aragao.mp4\"><\/video><figcaption class=\"wp-element-caption\">Jesus R\u00edos sofreu queda forte no GP de Arag\u00e3o da Moto3 (V\u00eddeo: Reprodu\u00e7\u00e3o\/MotoGP)<\/figcaption><\/figure>\n\n\n\n<p class=\"wp-block-paragraph\">Na frente, Almansa e Quiles protagonizaram a principal disputa desde as primeiras voltas, separados por aproximadamente 0s3. \u00c1lvaro Carpe e Marco Morelli tamb\u00e9m permaneceram pr\u00f3ximos, enquanto Brian Uriarte chamava aten\u00e7\u00e3o pela corrida de recupera\u00e7\u00e3o. Ap\u00f3s cumprir uma puni\u00e7\u00e3o no pit lane, o espanhol avan\u00e7ou rapidamente pelo pelot\u00e3o e chegou \u00e0 quinta coloca\u00e7\u00e3o ap\u00f3s sete voltas.<\/p>\n\n\n\n<p class=\"wp-block-paragraph\">A briga pela lideran\u00e7a come\u00e7ou a ganhar intensidade na nona volta. Quiles passou a pressionar Almansa em busca de uma oportunidade para assumir a primeira coloca\u00e7\u00e3o, mas o piloto da IncactGP conseguiu responder \u00e0s investidas e manteve a lideran\u00e7a, mas o cen\u00e1rio mudou na 11\u00aa volta. Ap\u00f3s estudar durante v\u00e1rias passagens, Quiles aproveitou um erro de Almansa na troca de marcha e realizou uma grande ultrapassagem na curva 1 para assumir a ponta.<\/p>\n\n\n\n<figure class=\"wp-block-video\"><video class=\"video-js vjs-big-play-centered\" data-gp-vjs=\"1\" controls src=\"https:\/\/grandepremio-portal.b-cdn.net\/2026\/08\/maximo-quiles-david-almansa-moto3-aragao.mp4\"><\/video><figcaption class=\"wp-element-caption\">M\u00e1ximo Quiles e David Almansa travaram batalha intensa em Arag\u00e3o (V\u00eddeo: Reprodu\u00e7\u00e3o\/MotoGP)<\/figcaption><\/figure>\n\n\n\n<p class=\"wp-block-paragraph\">Carpe tamb\u00e9m passou a pressionar Almansa pela segunda posi\u00e7\u00e3o, enquanto Morelli se aproximou da disputa pelo p\u00f3dio. O piloto chegou a ultrapassar Almansa antes do fim da volta, mas o #22 respondeu imediatamente e recuperou a posi\u00e7\u00e3o. A movimenta\u00e7\u00e3o acabou favorecendo Quiles, que conseguiu abrir vantagem superior a 0s5 na lideran\u00e7a.<\/p>\n\n\n\n<p class=\"wp-block-paragraph\">A vit\u00f3ria, por\u00e9m, esteve longe de estar definida. Com cinco voltas restantes, Quiles cometeu um erro na curva 16 e permitiu que Almansa reassumisse a primeira coloca\u00e7\u00e3o. O piloto da IncactGP passou a acreditar novamente na segunda vit\u00f3ria consecutiva, mas Quiles respondeu j\u00e1 na abertura da volta seguinte com uma manobra agressiva para recuperar a lideran\u00e7a.<\/p>\n\n\n\n<p class=\"wp-block-paragraph\">As voltas finais transformaram a disputa pela vit\u00f3ria em um duelo praticamente a tr\u00eas. Quiles sustentava pouco mais de 0s3 de vantagem sobre Almansa e Morelli, enquanto Carpe come\u00e7ava a perder contato com os ponteiros.<\/p>\n\n\n\n<figure class=\"wp-block-video\"><video class=\"video-js vjs-big-play-centered\" data-gp-vjs=\"1\" controls src=\"https:\/\/grandepremio-portal.b-cdn.net\/2026\/08\/aquiles-lider-moto3-aragao.mp4\"><\/video><figcaption class=\"wp-element-caption\">M\u00e1ximo Quiles retoma lideran\u00e7a e tenta abrir vantagem para rivais (V\u00eddeo: Reprodu\u00e7\u00e3o\/MotoGP)<\/figcaption><\/figure>\n\n\n\n<p class=\"wp-block-paragraph\">A defini\u00e7\u00e3o ficou para a \u00faltima volta. Almansa reduziu a diferen\u00e7a para 0s2 e aumentou a press\u00e3o sobre Quiles, adotando uma pilotagem mais agressiva nas curvas em busca de uma \u00faltima oportunidade de ultrapassagem. O l\u00edder do campeonato, por\u00e9m, conseguiu controlar a vantagem at\u00e9 a bandeirada e confirmou a s\u00e9tima vit\u00f3ria da temporada.<\/p>\n\n\n\n<h2 class=\"wp-block-heading\">Moto3 2026: Resultado da corrida do GP de Arag\u00e3o no MotorLand:<\/h2>\n\n\n\n<figure class=\"wp-block-table is-style-stripes\"><table class=\"has-fixed-layout\"><tbody><tr><td>&nbsp;<\/td><td>Piloto<\/td><td>Equipe<\/td><td>Voltas<\/td><\/tr><tr><td>1<\/td><td>M QUILES<\/td><td>CFMoto Aspar KTM<\/td><td>17 voltas<\/td><\/tr><tr><td>2<\/td><td>D ALMANSA<\/td><td>Intact GP KTM<\/td><td>+0.264<\/td><\/tr><tr><td>3<\/td><td>M MORELLI<\/td><td>CFMoto Aspar KTM<\/td><td>+0.715<\/td><\/tr><tr><td>4<\/td><td>A CARPE<\/td><td>Red Bull KTM Ajo<\/td><td>+2.900<\/td><\/tr><tr><td>5<\/td><td>A CRUCES<\/td><td>CIP Green Power KTM<\/td><td>+6.040<\/td><\/tr><tr><td>6<\/td><td>D ALMANSA<\/td><td>Intact GP KTM<\/td><td>+11.373<\/td><\/tr><tr><td>7<\/td><td>C O&#8217;GORMAN<\/td><td>Sic58 Honda<\/td><td>+11.509<\/td><\/tr><tr><td>8<\/td><td>V PERRONE<\/td><td>Red Bull KTM Tech3<\/td><td>+11.841<\/td><\/tr><tr><td>9<\/td><td>G PINI<\/td><td>Leopard Honda<\/td><td>+11.963<\/td><\/tr><tr><td>10<\/td><td>A FERN\u00c1NDEZ<\/td><td>Leopard Honda<\/td><td>+12.211<\/td><\/tr><tr><td>11<\/td><td>M BERTELLE<\/td><td>LevelUp MTA KTM<\/td><td>+12.322<\/td><\/tr><tr><td>12<\/td><td>H DANISH<\/td><td>MSi KTM<\/td><td>+14.284<\/td><\/tr><tr><td>13<\/td><td>J KELSO<\/td><td>Gryd Racing<\/td><td>+16.121<\/td><\/tr><tr><td>14<\/td><td>E O&#8217;SHEA<\/td><td>Gryd Racing<\/td><td>+22.903<\/td><\/tr><tr><td>15<\/td><td>S OGDEN<\/td><td>CIP Green Power KTM<\/td><td>+24.429<\/td><\/tr><tr><td>16<\/td><td>J ESTEBAN<\/td><td>LevelUp MTA KTM<\/td><td>+24.529<\/td><\/tr><tr><td>17<\/td><td>L RAMMERSTORFER<\/td><td>Sic58 Honda<\/td><td>+24.708<\/td><\/tr><tr><td>18<\/td><td>D GONZ\u00c1LEZ<\/td><td>Intact GP KTM<\/td><td>+24.965<\/td><\/tr><tr><td>19<\/td><td>R MOODLEY<\/td><td>Code Motorsports KTM<\/td><td>+25.140<\/td><\/tr><tr><td>20<\/td><td>V PRATAMA<\/td><td>Honda Team Asia<\/td><td>+30.197<\/td><\/tr><tr><td>21<\/td><td>R YAMANAKA<\/td><td>MSi KTM<\/td><td>+30.239<\/td><\/tr><tr><td>22<\/td><td>R SALMELA<\/td><td>Red Bull KTM Tech3<\/td><td>+41.128<\/td><\/tr><tr><td>23<\/td><td>Z MITANI<\/td><td>Honda Team Asia<\/td><td>+46.220<\/td><\/tr><tr><td>24<\/td><td>J R\u00cdOS<\/td><td>Snipers Team<\/td><td>Abandonou<\/td><\/tr><tr><td>25<\/td><td>D GONZ\u00c1LEZ<\/td><td>Intact GP KTM<\/td><td>Abandonou<\/td><\/tr><tr><td>26<\/td><td>C BUCHANAN<\/td><td>Code Motorsports KTM<\/td><td>Abandonou<\/td><\/tr><\/tbody><\/table><\/figure>\n\n\n\n<h2 class=\"wp-block-heading\">MotoGP 2026, GP de Arag\u00e3o, MotorLand, Hor\u00e1rios:<\/h2>\n\n\n\n<h2 class=\"wp-block-heading\">Hor\u00e1rios do Brasil*<\/h2>\n\n\n\n<h3 class=\"wp-block-heading\">Domingo:<\/h3>\n\n\n\n<ul id=\"block-2d527b67-381e-45bc-94b8-c58c84bff551\" class=\"wp-block-list\">\n<li>Moto2 \u2013 GP (19 voltas): 7h15 \ud83d\udcfa<\/li>\n\n\n\n<li>MotoGP \u2013 GP (23 voltas): 9h \ud83d\udcfa<\/li>\n<\/ul>\n\n\n\n<h2 class=\"wp-block-heading\">Hor\u00e1rios de Portugal*<\/h2>\n\n\n\n<h3 class=\"wp-block-heading\">Domingo:<\/h3>\n\n\n\n<ul id=\"block-2d527b67-381e-45bc-94b8-c58c84bff551\" class=\"wp-block-list\">\n<li>Moto2 \u2013 GP (19 voltas): 11h15 \ud83d\udcfa<\/li>\n\n\n\n<li>MotoGP \u2013 GP (23 voltas): 13h \ud83d\udcfa<\/li>\n<\/ul>\n\n\n\n<p class=\"wp-block-paragraph\"><\/p>\n\n\n\n<p class=\"wp-block-paragraph\"><\/p>\n\n\n\n<p class=\"wp-block-paragraph\"><\/p>\n","protected":false},"excerpt":{"rendered":"<p>L\u00edder do campeonato, M\u00e1ximo Quiles alternou posi\u00e7\u00f5es com David Almansa, mas resistiu e chegou \u00e0 s\u00e9tima vit\u00f3ria na temporada da Moto3<\/p>\n","protected":false},"author":39,"featured_media":1020313206,"comment_status":"closed","ping_status":"closed","sticky":false,"template":"","format":"standard","meta":{"42wp_featured_image_caption":"M\u00e1ximo Quiles","42wp_featured_image_credits":"Aspar","42wp_featured_video":"","42wp_featured_image_hidden":false,"42wp_authors_list":[{"id":47171,"location":"do Rio de Janeiro"}],"footnotes":""},"categories":[8],"tags":[26434,1809],"42wp_author":[47171],"class_list":["post-164351","post","type-post","status-publish","format-standard","has-post-thumbnail","hentry","category-motogp","tag-gp-de-aragao","tag-moto3","42wp_author-fabricio-carvalho"],"_links":{"self":[{"href":"https:\/\/grandepremio.com\/br\/wp-json\/wp\/v2\/posts\/164351","targetHints":{"allow":["GET"]}}],"collection":[{"href":"https:\/\/grandepremio.com\/br\/wp-json\/wp\/v2\/posts"}],"about":[{"href":"https:\/\/grandepremio.com\/br\/wp-json\/wp\/v2\/types\/post"}],"author":[{"embeddable":true,"href":"https:\/\/grandepremio.com\/br\/wp-json\/wp\/v2\/users\/39"}],"replies":[{"embeddable":true,"href":"https:\/\/grandepremio.com\/br\/wp-json\/wp\/v2\/comments?post=164351"}],"version-history":[{"count":5,"href":"https:\/\/grandepremio.com\/br\/wp-json\/wp\/v2\/posts\/164351\/revisions"}],"predecessor-version":[{"id":164376,"href":"https:\/\/grandepremio.com\/br\/wp-json\/wp\/v2\/posts\/164351\/revisions\/164376"}],"wp:featuredmedia":[{"embeddable":true,"href":"https:\/\/grandepremio.com\/br\/wp-json\/wp\/v2\/media\/1020313206"}],"wp:attachment":[{"href":"https:\/\/grandepremio.com\/br\/wp-json\/wp\/v2\/media?parent=164351"}],"wp:term":[{"taxonomy":"category","embeddable":true,"href":"https:\/\/grandepremio.com\/br\/wp-json\/wp\/v2\/categories?post=164351"},{"taxonomy":"post_tag","embeddable":true,"href":"https:\/\/grandepremio.com\/br\/wp-json\/wp\/v2\/tags?post=164351"},{"taxonomy":"42wp_author","embeddable":true,"href":"https:\/\/grandepremio.com\/br\/wp-json\/wp\/v2\/42wp_author?post=164351"}],"curies":[{"name":"wp","href":"https:\/\/api.w.org\/{rel}","templated":true}]}}