{"id":164377,"date":"2026-08-30T07:57:54","date_gmt":"2026-08-30T10:57:54","guid":{"rendered":"https:\/\/grandepremio.com\/br\/?p=164377"},"modified":"2026-08-30T11:50:41","modified_gmt":"2026-08-30T14:50:41","slug":"alonso-lopez-confirma-forca-vence-ponta-a-ponta-gp-aragao-moto2-manuel-gonzalez-6o","status":"publish","type":"post","link":"https:\/\/grandepremio.com\/br\/motogp\/alonso-lopez-confirma-forca-vence-ponta-a-ponta-gp-aragao-moto2-manuel-gonzalez-6o\/","title":{"rendered":"L\u00f3pez confirma for\u00e7a e vence de ponta a ponta GP de Arag\u00e3o da Moto2. Gonz\u00e1lez \u00e9 6\u00ba"},"content":{"rendered":"\n<p class=\"wp-block-paragraph\"><strong>Alonso L\u00f3pez <\/strong>n\u00e3o teve dificulades para conquistar neste domingo (30) a vit\u00f3ria no GP de <strong>Arag\u00e3o<\/strong>. O espanhol da <strong>Gresini<\/strong> largou da pole e liderou todas as voltas, faturando o primeiro triunfo na temporada 2026 da<strong> Moto2<\/strong>.<\/p>\n\n\n\n<p class=\"wp-block-paragraph\">A melhor disputa da corrida ficou para volta final. <strong>Izan Guevara<\/strong> e <strong>David Alonso<\/strong> duelaram roda a roda at\u00e9 os \u00faltimos metros pelo segundo lugar, com o piloto da <strong>Pramac<\/strong> levando a melhor na batalha e o colombiano completando o p\u00f3dio no circuito espanhol.<\/p>\n\n\n\n<figure class=\"wp-block-embed is-type-video is-provider-youtube wp-block-embed-youtube wp-embed-aspect-16-9 wp-has-aspect-ratio\"><div class=\"wp-block-embed__wrapper\">\n<iframe loading=\"lazy\" title=\"MOTOGP CHEGA A ARAG\u00c3O COM APRILIA PRONTA PARA DESTRONAR MARC M\u00c1RQUEZ | Motoca GP\" width=\"500\" height=\"281\" src=\"https:\/\/www.youtube.com\/embed\/CSKIY6iS5Qc?feature=oembed\" frameborder=\"0\" allow=\"accelerometer; autoplay; clipboard-write; encrypted-media; gyroscope; picture-in-picture; web-share\" referrerpolicy=\"strict-origin-when-cross-origin\" allowfullscreen><\/iframe>\n<\/div><\/figure>\n\n\n\n<p class=\"wp-block-paragraph\"><strong>Senna Agius<\/strong> e <strong>Ivan Ortol\u00e0 <\/strong>completaram o top-5. <strong>Manuel Gonz\u00e1lez<\/strong> se manteve l\u00edder da Moto2 com o sexto lugar, mas teve muitas dificuldades para terminar nesta posi\u00e7\u00e3o, com a <strong>Intact<\/strong> n\u00e3o rendendo o esperado. <strong>Daniel Holgado<\/strong>, <strong>Deniz \u00d6nc\u00fc<\/strong>, <strong>Alex Escrig<\/strong> e <strong>Adri\u00e1n Huertas <\/strong>fecharam os dez primeiros.<\/p>\n\n\n\n<p class=\"wp-block-paragraph\">A Moto2 volta a acelerar entre os dias 11 a 13 de setembro para o GP de San Marino e da Riviera de Rimini, 14\u00aa etapa da temporada 2026. O&nbsp;<strong>GRANDE PR\u00caMIO<\/strong>&nbsp;acompanha toda a programa\u00e7\u00e3o do fim de semana, assim como as demais categorias do Mundial de Motovelocidade.<\/p>\n\n\n\n<h2 class=\"wp-block-heading\">Saiba como foi a corrida em Arag\u00e3o:<\/h2>\n\n\n\n<figure class=\"wp-block-video\"><video class=\"video-js vjs-big-play-centered\" data-gp-vjs=\"1\" controls src=\"https:\/\/grandepremio-portal.b-cdn.net\/2026\/08\/LARGADA-MOTO2-ARAGAO.mp4\"><\/video><figcaption class=\"wp-element-caption\">Alonso L\u00f3pez mant\u00e9m lideran\u00e7a ap\u00f3s largada da Moto2 em Arag\u00e3o( V\u00eddeo: Reprodu\u00e7\u00e3o\/MotoGP)<\/figcaption><\/figure>\n\n\n\n<p class=\"wp-block-paragraph\">A pole-position era de Alonso L\u00f3pez, com o l\u00edder do campeonato, Manuel Gonz\u00e1lez, partindo da quarta coloca\u00e7\u00e3o. Na largada, melhor para o piloto da Gresini, que manteve a lideran\u00e7a, com Izan Guevara logo atr\u00e1s. Daniel Holgado manteve o terceiro lugar, enquanto David Alonso subiu para sexto.<\/p>\n\n\n\n<p class=\"wp-block-paragraph\">Collin Veijer chegou forte para a disputa com Manu pelo quarto lugar. A manobra, enfim, aconteceu no final da segunda volta. Guevara diminuiu a diferen\u00e7a para L\u00f3pez e vinha para brigar pela lideran\u00e7a da prova.<\/p>\n\n\n\n<p class=\"wp-block-paragraph\">Alonso tentou por fora para cima de Gonz\u00e1lez, sem sucesso. Filip Salac abandona a corrida ap\u00f3s sete voltas. Veijer pressiona Holgado na disputa pelo terceiro lugar. O neerland\u00eas tentou a manobra na abertura da nona volta, mas o espanhol fechou as portas.<\/p>\n\n\n\n<p class=\"wp-block-paragraph\">Enfim, saiu a ultrapassagem e Collin pulou para o terceiro. Quem vacilou foi Manu, que perdeu duas posi\u00e7\u00f5es e caiu para s\u00e9timo. Senna Agius passa Holgado e salta para a quinta posi\u00e7\u00e3o. Guevara inicia nova aproxima\u00e7\u00e3o para cima de L\u00f3pez, ser\u00e1 que teremos batalha pela vit\u00f3ria?<\/p>\n\n\n\n<figure class=\"wp-block-video\"><video class=\"video-js vjs-big-play-centered\" data-gp-vjs=\"1\" controls src=\"https:\/\/grandepremio-portal.b-cdn.net\/2026\/08\/COLLIN-VEIJER-CAIU-MOTO2-ARAGAO.mp4\"><\/video><figcaption class=\"wp-element-caption\">Collin Veijer sofre queda na curva 4 da volta 12 na Moto2 em Arag\u00e3o (V\u00eddeo: Reprodu\u00e7\u00e3o\/MotoGP)<\/figcaption><\/figure>\n\n\n\n<p class=\"wp-block-paragraph\">Alonso passa Veijer e \u00e9 o terceiro colocado, enquanto Manu passou reto na chicane. Collin ficou pelo caminho na volta 15, caindo sozinho nas curvas 4 e 5. Piqueras vai para os boxes e \u00e9 fim de prova para o piloto.<\/p>\n\n\n\n<p class=\"wp-block-paragraph\">Volta final, David pressiona Guevara pelo segundo lugar, enquanto Alonso L\u00f3pez rumava tranquilo para a vit\u00f3ria em Arag\u00e3o, a primeira na temporada 2026. O l\u00edder Manuel Gonz\u00e1lez completou a etapa na sexta coloca\u00e7\u00e3o.<\/p>\n\n\n\n<h2 class=\"wp-block-heading\">Moto2 2026: confira resultado final da corrida no GP de Arag\u00e3o<\/h2>\n\n\n\n<figure class=\"wp-block-table is-style-stripes\"><table class=\"has-fixed-layout\"><tbody><tr><td class=\"has-text-align-right\" data-align=\"right\">POS<\/td><td>Piloto<\/td><td>Equipe<\/td><td class=\"has-text-align-right\" data-align=\"right\">Diff<\/td><\/tr><tr><td class=\"has-text-align-right\" data-align=\"right\">1<\/td><td>A L\u00d3PEZ<\/td><td>Gresini Moto2<\/td><td class=\"has-text-align-right\" data-align=\"right\"><\/td><\/tr><tr><td class=\"has-text-align-right\" data-align=\"right\">2<\/td><td>I GUEVARA<\/td><td>Pramac Yamaha<\/td><td class=\"has-text-align-right\" data-align=\"right\">+0.800<\/td><\/tr><tr><td class=\"has-text-align-right\" data-align=\"right\">3<\/td><td>D ALONSO<\/td><td>Aspar Team<\/td><td class=\"has-text-align-right\" data-align=\"right\">+0.881<\/td><\/tr><tr><td class=\"has-text-align-right\" data-align=\"right\">4<\/td><td>S AGIUS<\/td><td>Intact GP<\/td><td class=\"has-text-align-right\" data-align=\"right\">+2.887<\/td><\/tr><tr><td class=\"has-text-align-right\" data-align=\"right\">5<\/td><td>I ORTOL\u00c1<\/td><td>MSI Kalex<\/td><td class=\"has-text-align-right\" data-align=\"right\">+3.262<\/td><\/tr><tr><td class=\"has-text-align-right\" data-align=\"right\">6<\/td><td>M GONZ\u00c1LEZ<\/td><td>Intact GP<\/td><td class=\"has-text-align-right\" data-align=\"right\">+4.731<\/td><\/tr><tr><td class=\"has-text-align-right\" data-align=\"right\">7<\/td><td>D HOLGADO<\/td><td>ASPar Team<\/td><td class=\"has-text-align-right\" data-align=\"right\">+5.912<\/td><\/tr><tr><td class=\"has-text-align-right\" data-align=\"right\">8<\/td><td>D \u00d6NC\u00dc<\/td><td>VDS Racing Team<\/td><td class=\"has-text-align-right\" data-align=\"right\">+14.194<\/td><\/tr><tr><td class=\"has-text-align-right\" data-align=\"right\">9<\/td><td>A ESCRIG<\/td><td>KLINT Racing Team<\/td><td class=\"has-text-align-right\" data-align=\"right\">+14.662<\/td><\/tr><tr><td class=\"has-text-align-right\" data-align=\"right\">10<\/td><td>A HUERTAS<\/td><td>Italtrans<\/td><td class=\"has-text-align-right\" data-align=\"right\">+15.231<\/td><\/tr><tr><td class=\"has-text-align-right\" data-align=\"right\">11<\/td><td>D MU\u00d1OZ<\/td><td>Italtrans<\/td><td class=\"has-text-align-right\" data-align=\"right\">+15.617<\/td><\/tr><tr><td class=\"has-text-align-right\" data-align=\"right\">12<\/td><td>J ROBERTS<\/td><td>American Racing Team<\/td><td class=\"has-text-align-right\" data-align=\"right\">+16.512<\/td><\/tr><tr><td class=\"has-text-align-right\" data-align=\"right\">13<\/td><td>A SASAKI<\/td><td>RW Racing Team<\/td><td class=\"has-text-align-right\" data-align=\"right\">+16.718<\/td><\/tr><tr><td class=\"has-text-align-right\" data-align=\"right\">14<\/td><td>C VIETTI<\/td><td>SpeedRS<\/td><td class=\"has-text-align-right\" data-align=\"right\">+18.364<\/td><\/tr><tr><td class=\"has-text-align-right\" data-align=\"right\">15<\/td><td>B BALTUS<\/td><td>Fantic Racing<\/td><td class=\"has-text-align-right\" data-align=\"right\">+19.566<\/td><\/tr><tr><td class=\"has-text-align-right\" data-align=\"right\">16<\/td><td>T ARBOLINO<\/td><td>Fantic Racing<\/td><td class=\"has-text-align-right\" data-align=\"right\">+19.826<\/td><\/tr><tr><td class=\"has-text-align-right\" data-align=\"right\">17<\/td><td>JA RUEDA<\/td><td>KTM Ajo<\/td><td class=\"has-text-align-right\" data-align=\"right\">+21.370<\/td><\/tr><tr><td class=\"has-text-align-right\" data-align=\"right\">18<\/td><td>L LUNETTA<\/td><td>SpeedRS<\/td><td class=\"has-text-align-right\" data-align=\"right\">+21.665<\/td><\/tr><tr><td class=\"has-text-align-right\" data-align=\"right\">19<\/td><td>T FURUSATO<\/td><td>Idemitsu Honda<\/td><td class=\"has-text-align-right\" data-align=\"right\">+28.091<\/td><\/tr><tr><td class=\"has-text-align-right\" data-align=\"right\">20<\/td><td>M RAM\u00cdREZ<\/td><td>KLINT Racing Team<\/td><td class=\"has-text-align-right\" data-align=\"right\">+28.237<\/td><\/tr><tr><td class=\"has-text-align-right\" data-align=\"right\">21<\/td><td>A FERR\u00c1NDEZ<\/td><td>Pramac Yamaha<\/td><td class=\"has-text-align-right\" data-align=\"right\">+28.726<\/td><\/tr><tr><td class=\"has-text-align-right\" data-align=\"right\">22<\/td><td>S GARC\u00cdA<\/td><td>Gresini Moto2<\/td><td class=\"has-text-align-right\" data-align=\"right\">+28.774<\/td><\/tr><tr><td class=\"has-text-align-right\" data-align=\"right\">23<\/td><td>Z VD GOORBERGH<\/td><td>RW Racing Team<\/td><td class=\"has-text-align-right\" data-align=\"right\">+29.798<\/td><\/tr><tr><td class=\"has-text-align-right\" data-align=\"right\">24<\/td><td>M AJI<\/td><td>Idemitsu Honda<\/td><td class=\"has-text-align-right\" data-align=\"right\">+30.306<\/td><\/tr><tr><td class=\"has-text-align-right\" data-align=\"right\">25<\/td><td>A CANET<\/td><td>VDS Racing Team<\/td><td class=\"has-text-align-right\" data-align=\"right\">+32.345<\/td><\/tr><tr><td class=\"has-text-align-right\" data-align=\"right\">26<\/td><td>X ZURUTUZA<\/td><td>KLINT Racing Team<\/td><td class=\"has-text-align-right\" data-align=\"right\">+37.117<\/td><\/tr><tr><td class=\"has-text-align-right\" data-align=\"right\">NC<\/td><td>A PIQUERAS<\/td><td>MSI Kalex<\/td><td class=\"has-text-align-right\" data-align=\"right\">Abandonou<\/td><\/tr><tr><td class=\"has-text-align-right\" data-align=\"right\">NC<\/td><td>C VEIJER<\/td><td>KTM Ajo<\/td><td class=\"has-text-align-right\" data-align=\"right\">Abandonou<\/td><\/tr><tr><td class=\"has-text-align-right\" data-align=\"right\">NC<\/td><td>F SALAC<\/td><td>American Racing Team<\/td><td class=\"has-text-align-right\" data-align=\"right\">Abandonou<\/td><\/tr><\/tbody><\/table><\/figure>\n","protected":false},"excerpt":{"rendered":"<p>Alonso L\u00f3pez venceu a primeira na temporada 2026 da Moto2. A briga boa ficou pelo segundo lugar entre Izan Guevara e David Alonso, enquanto o l\u00edder Manu Gonz\u00e1lez ficou na sexta coloca\u00e7\u00e3o<\/p>\n","protected":false},"author":23,"featured_media":1020313305,"comment_status":"closed","ping_status":"closed","sticky":false,"template":"","format":"standard","meta":{"42wp_featured_image_caption":"Primeira vit\u00f3ria de Alonso L\u00f3pez em 2026","42wp_featured_image_credits":"MotoGP","42wp_featured_video":"","42wp_featured_image_hidden":false,"42wp_authors_list":[{"id":47128,"location":"de Osasco"},{"id":47171,"location":"do Rio de Janeiro"}],"footnotes":""},"categories":[8],"tags":[35986,29253,36350,1930],"42wp_author":[47171,47128],"class_list":["post-164377","post","type-post","status-publish","format-standard","has-post-thumbnail","hentry","category-motogp","tag-david-alonso","tag-izan-guevara","tag-manuel-gonzalez","tag-moto2","42wp_author-fabricio-carvalho","42wp_author-guilherme-bloisi"],"_links":{"self":[{"href":"https:\/\/grandepremio.com\/br\/wp-json\/wp\/v2\/posts\/164377","targetHints":{"allow":["GET"]}}],"collection":[{"href":"https:\/\/grandepremio.com\/br\/wp-json\/wp\/v2\/posts"}],"about":[{"href":"https:\/\/grandepremio.com\/br\/wp-json\/wp\/v2\/types\/post"}],"author":[{"embeddable":true,"href":"https:\/\/grandepremio.com\/br\/wp-json\/wp\/v2\/users\/23"}],"replies":[{"embeddable":true,"href":"https:\/\/grandepremio.com\/br\/wp-json\/wp\/v2\/comments?post=164377"}],"version-history":[{"count":3,"href":"https:\/\/grandepremio.com\/br\/wp-json\/wp\/v2\/posts\/164377\/revisions"}],"predecessor-version":[{"id":164384,"href":"https:\/\/grandepremio.com\/br\/wp-json\/wp\/v2\/posts\/164377\/revisions\/164384"}],"wp:featuredmedia":[{"embeddable":true,"href":"https:\/\/grandepremio.com\/br\/wp-json\/wp\/v2\/media\/1020313305"}],"wp:attachment":[{"href":"https:\/\/grandepremio.com\/br\/wp-json\/wp\/v2\/media?parent=164377"}],"wp:term":[{"taxonomy":"category","embeddable":true,"href":"https:\/\/grandepremio.com\/br\/wp-json\/wp\/v2\/categories?post=164377"},{"taxonomy":"post_tag","embeddable":true,"href":"https:\/\/grandepremio.com\/br\/wp-json\/wp\/v2\/tags?post=164377"},{"taxonomy":"42wp_author","embeddable":true,"href":"https:\/\/grandepremio.com\/br\/wp-json\/wp\/v2\/42wp_author?post=164377"}],"curies":[{"name":"wp","href":"https:\/\/api.w.org\/{rel}","templated":true}]}}