{"id":164419,"date":"2026-08-30T12:20:48","date_gmt":"2026-08-30T15:20:48","guid":{"rendered":"https:\/\/grandepremio.com\/br\/?p=164419"},"modified":"2026-08-30T12:21:38","modified_gmt":"2026-08-30T15:21:38","slug":"marc-marquez-expande-reino-formigueiro-entra-de-vez-briga-titulo-motogp","status":"publish","type":"post","link":"https:\/\/grandepremio.com\/br\/motogp\/marc-marquez-expande-reino-formigueiro-entra-de-vez-briga-titulo-motogp\/","title":{"rendered":"Marc M\u00e1rquez expande reino no formigueiro e entra de vez na briga pelo t\u00edtulo da MotoGP"},"content":{"rendered":"\n<p class=\"wp-block-paragraph\">Os rivais at\u00e9 se esfor\u00e7aram para tentar intimidar Marc M\u00e1rquez no retorno da MotoGP \u00e0 Espanha, mas, de novo, <strong>nada foi capaz de par\u00e1-lo no &#8216;formigueiro&#8217; chamado MotorLand neste domingo (30)<\/strong>. \u00c0 frente de mais de 50 mil pessoas e sob forte calor em Arag\u00e3o, <strong>o #93 repetiu a agressividade do s\u00e1bado e atacou Marco Bezzecchi no in\u00edcio da corrida<\/strong>, mas cometeu um erro com o dispositivo de altura traseira e acabou caindo para terceiro.<\/p>\n\n\n\n<p class=\"wp-block-paragraph\">Mesmo assim, <strong>Marc imp\u00f4s o pr\u00f3prio ritmo e mostrou por que \u00e9 o propriet\u00e1rio do local. Primeiro, espantou o fantasma da Aprilia para retomar a lideran\u00e7a ao dividir a reta principal com Bezzecchi, mas leva a melhor.<\/strong><\/p>\n\n\n\n<figure class=\"wp-block-video\"><video class=\"video-js vjs-big-play-centered\" data-gp-vjs=\"1\" controls src=\"https:\/\/grandepremio-portal.b-cdn.net\/2026\/08\/largada-motogp-aragao.mp4\"><\/video><figcaption class=\"wp-element-caption\">Bezzecchi leva melhor no duelo com Marc M\u00e1rquez na largada (V\u00eddeo: MotoGP)<\/figcaption><\/figure>\n\n\n\n<p class=\"wp-block-paragraph\">Depois, recebeu uma boa dose de press\u00e3o de Pedro Acosta, futuro companheiro na Ducati, mas segurou o \u00edmpeto do #37 para abra\u00e7ar a vit\u00f3ria diante da torcida na etapa da casa e se colocar ainda mais na briga pelo t\u00edtulo mundial, agora como vice-l\u00edder do Mundial de Pilotos.<\/p>\n\n\n\n<p class=\"wp-block-paragraph\">&#8220;Como disse ontem, o ponto-chave foi a primeira curva. Consegui fazer uma boa largada, mas cometi um erro enorme hoje porque esqueci o dispositivo de altura traseira. Ent\u00e3o, quando sa\u00ed da curva 1 em dire\u00e7\u00e3o \u00e0 curva 2, o dispositivo foi ativado, travou a suspens\u00e3o novamente e fiquei muito lento naquela curva r\u00e1pida&#8221;, afirmou.<\/p>\n\n\n\n<p class=\"wp-block-paragraph\">&#8220;Dois pilotos me ultrapassaram, o que complicou as coisas, Contudo, a partir daquele momento, apenas estabeleci meu ritmo. Foi uma bela disputa naquela primeira volta, mas depois tentei controlar a corrida e, na reta final, abrir vantagem e apenas administrar a situa\u00e7\u00e3o&#8221;, ressaltou.<\/p>\n\n\n\n<figure class=\"wp-block-image size-large\"><img loading=\"lazy\" decoding=\"async\" width=\"1024\" height=\"683\" src=\"https:\/\/grandepremio.com\/br\/wp-content\/uploads\/2026\/08\/MM93-1024x683.jpg\" alt=\"\" class=\"wp-image-1020313338\" srcset=\"https:\/\/grandepremio.com\/wp-content\/uploads\/2026\/08\/MM93-1024x683.jpg 1024w, https:\/\/grandepremio.com\/wp-content\/uploads\/2026\/08\/MM93-300x200.jpg 300w, https:\/\/grandepremio.com\/wp-content\/uploads\/2026\/08\/MM93-768x512.jpg 768w, https:\/\/grandepremio.com\/wp-content\/uploads\/2026\/08\/MM93-1536x1024.jpg 1536w, https:\/\/grandepremio.com\/wp-content\/uploads\/2026\/08\/MM93-2048x1365.jpg 2048w, https:\/\/grandepremio.com\/wp-content\/uploads\/2026\/08\/MM93-150x100.jpg 150w\" sizes=\"(max-width: 1024px) 100vw, 1024px\" \/><figcaption class=\"wp-element-caption\">Marc M\u00e1rquez (Foto: AFP)<\/figcaption><\/figure>\n\n\n\n<p class=\"wp-block-paragraph\">A partir de agora, Marc M\u00e1rquez definitivamente entra na briga pelo t\u00edtulo mundial. Arag\u00e3o era apontado como uma prova decisiva para definir se o catal\u00e3o teria ou n\u00e3o condi\u00e7\u00f5es f\u00edsicas de defender o campeonato em 2026.<\/p>\n\n\n\n<p class=\"wp-block-paragraph\">Mesmo com um desafio ainda maior do que em 2025, diante do crescimento t\u00e9cnico da Aprilia e das boas performances de Marco Bezzecchi e Jorge Mart\u00edn, Marc M\u00e1rquez surge como candidato s\u00e9rio ao oitavo t\u00edtulo da MotoGP.<\/p>\n\n\n\n<p class=\"wp-block-paragraph\">Do lado brasileiro, Moreira garantiu o nono lugar e mais um top-10 em 2026. Ap\u00f3s o s\u00e9timo lugar na sprint, o domingo do #11 foi s\u00f3 mais um tijolo no castelo de bons resultados constru\u00eddo ao longo do ano para fortalecer a candidatura \u00e0 vaga na Honda em 2027.<\/p>\n\n\n\n<figure class=\"wp-block-image size-large\"><img loading=\"lazy\" decoding=\"async\" width=\"1024\" height=\"683\" src=\"https:\/\/grandepremio.com\/br\/wp-content\/uploads\/2026\/08\/HQ1AM8DWcAAsBB4-1024x683.jpg\" alt=\"\" class=\"wp-image-1020313226\" srcset=\"https:\/\/grandepremio.com\/wp-content\/uploads\/2026\/08\/HQ1AM8DWcAAsBB4-1024x683.jpg 1024w, https:\/\/grandepremio.com\/wp-content\/uploads\/2026\/08\/HQ1AM8DWcAAsBB4-300x200.jpg 300w, https:\/\/grandepremio.com\/wp-content\/uploads\/2026\/08\/HQ1AM8DWcAAsBB4-768x512.jpg 768w, https:\/\/grandepremio.com\/wp-content\/uploads\/2026\/08\/HQ1AM8DWcAAsBB4-1536x1024.jpg 1536w, https:\/\/grandepremio.com\/wp-content\/uploads\/2026\/08\/HQ1AM8DWcAAsBB4-2048x1365.jpg 2048w, https:\/\/grandepremio.com\/wp-content\/uploads\/2026\/08\/HQ1AM8DWcAAsBB4-150x100.jpg 150w\" sizes=\"(max-width: 1024px) 100vw, 1024px\" \/><figcaption class=\"wp-element-caption\">Diogo Moreira chegou aos 57 pontos na MotoGP (Foto: Divulga\u00e7\u00e3o\/MotoGP)<\/figcaption><\/figure>\n\n\n\n<p class=\"wp-block-paragraph\">Agora, s\u00f3 nos resta esperar a defini\u00e7\u00e3o da \u00faltima grande novela da MotoGP para 2027 e, claro, j\u00e1 projetar mais um bom fim de semana de disputas em Misano, desta vez na casa de Bezzecchi e da Aprilia.<\/p>\n\n\n\n<p class=\"wp-block-paragraph\">A\u00a0<strong>MotoGP<\/strong>\u00a0volta a acelerar entre os dias 11 a 13 de setembro para o\u00a0<strong>GP de San Marino e da Riviera de Rimini<\/strong>, 14\u00aa etapa da temporada 2026. O\u00a0<strong>GRANDE PR\u00caMIO<\/strong>\u00a0acompanha toda a programa\u00e7\u00e3o do fim de semana, assim como as demais categorias do Mundial de Motovelocidade.<\/p>\n","protected":false},"excerpt":{"rendered":"<p>Depois de cair para terceiro na largada, Marc M\u00e1rquez retomou a lideran\u00e7a, controlou a press\u00e3o de Pedro Acosta e venceu de novo em Arag\u00e3o para assumir a vice-lideran\u00e7a do Mundial de Pilotos e se colocar na briga pelo oitavo t\u00edtulo da MotoGP<\/p>\n","protected":false},"author":18,"featured_media":1020313224,"comment_status":"closed","ping_status":"closed","sticky":false,"template":"","format":"standard","meta":{"42wp_featured_image_caption":"Marc M\u00e1rquez garantiu varrida no 'formigueiro' MotorLand","42wp_featured_image_credits":"Divulga\u00e7\u00e3o\/MotoGP ","42wp_featured_video":"","42wp_featured_image_hidden":false,"42wp_authors_list":[{"id":47161,"location":"de Ara\u00e7atuba"}],"footnotes":""},"categories":[8],"tags":[26718,26434,25007,78],"42wp_author":[47161],"class_list":["post-164419","post","type-post","status-publish","format-standard","has-post-thumbnail","hentry","category-motogp","tag-diogo-moreira","tag-gp-de-aragao","tag-marc-marquez-3","tag-motogp","42wp_author-kaio-esteves"],"_links":{"self":[{"href":"https:\/\/grandepremio.com\/br\/wp-json\/wp\/v2\/posts\/164419","targetHints":{"allow":["GET"]}}],"collection":[{"href":"https:\/\/grandepremio.com\/br\/wp-json\/wp\/v2\/posts"}],"about":[{"href":"https:\/\/grandepremio.com\/br\/wp-json\/wp\/v2\/types\/post"}],"author":[{"embeddable":true,"href":"https:\/\/grandepremio.com\/br\/wp-json\/wp\/v2\/users\/18"}],"replies":[{"embeddable":true,"href":"https:\/\/grandepremio.com\/br\/wp-json\/wp\/v2\/comments?post=164419"}],"version-history":[{"count":1,"href":"https:\/\/grandepremio.com\/br\/wp-json\/wp\/v2\/posts\/164419\/revisions"}],"predecessor-version":[{"id":164451,"href":"https:\/\/grandepremio.com\/br\/wp-json\/wp\/v2\/posts\/164419\/revisions\/164451"}],"wp:featuredmedia":[{"embeddable":true,"href":"https:\/\/grandepremio.com\/br\/wp-json\/wp\/v2\/media\/1020313224"}],"wp:attachment":[{"href":"https:\/\/grandepremio.com\/br\/wp-json\/wp\/v2\/media?parent=164419"}],"wp:term":[{"taxonomy":"category","embeddable":true,"href":"https:\/\/grandepremio.com\/br\/wp-json\/wp\/v2\/categories?post=164419"},{"taxonomy":"post_tag","embeddable":true,"href":"https:\/\/grandepremio.com\/br\/wp-json\/wp\/v2\/tags?post=164419"},{"taxonomy":"42wp_author","embeddable":true,"href":"https:\/\/grandepremio.com\/br\/wp-json\/wp\/v2\/42wp_author?post=164419"}],"curies":[{"name":"wp","href":"https:\/\/api.w.org\/{rel}","templated":true}]}}