{"id":164476,"date":"2026-08-30T13:19:24","date_gmt":"2026-08-30T16:19:24","guid":{"rendered":"https:\/\/grandepremio.com\/br\/?p=164476"},"modified":"2026-08-30T13:19:25","modified_gmt":"2026-08-30T16:19:25","slug":"disney-encaixa-grade-transmite-restante-corrida-1-em-milwaukee-ao-vivo","status":"publish","type":"post","link":"https:\/\/grandepremio.com\/br\/indy\/disney-encaixa-grade-transmite-restante-corrida-1-em-milwaukee-ao-vivo\/","title":{"rendered":"Disney+ encaixa na grade e transmite restante da corrida 1 em Milwaukee ao vivo"},"content":{"rendered":"\n<p class=\"wp-block-paragraph\">Al\u00e9m de modificar completamente a programa\u00e7\u00e3o da Indy neste domingo (30), a chuva embaralhou a programa\u00e7\u00e3o de TV da rodada dupla de Milwaukee, que recebe a 16\u00aa e a 17\u00aa etapas da temporada 2026. Com as altera\u00e7\u00f5es, o restante da corrida 1 ser\u00e1 exibido somente pelo Disney+, com hor\u00e1rio programado para as 19h (de Bras\u00edlia, GMT -3).<\/p>\n\n\n\n<p class=\"wp-block-paragraph\">A bandeira verde do GP de Milwaukee 1 foi dada no s\u00e1bado (29), ap\u00f3s o in\u00edcio ser atrasado em decorr\u00eancia da chuva. No entanto, a prova foi paralisada na volta 91, depois de 27 giros atr\u00e1s do safety-car. O aguaceiro impediu o retorno da corrida ainda no mesmo dia.<\/p>\n\n\n\n<figure class=\"wp-block-embed is-type-video is-provider-youtube wp-block-embed-youtube wp-embed-aspect-16-9 wp-has-aspect-ratio\"><div class=\"wp-block-embed__wrapper\">\n<iframe loading=\"lazy\" title=\"INDY QUER BRASIL E NAMORA CORRIDA EM GOI\u00c2NIA J\u00c1 EM 2027 | Sprint GP\" width=\"500\" height=\"281\" src=\"https:\/\/www.youtube.com\/embed\/mVUi-JIcAnw?feature=oembed\" frameborder=\"0\" allow=\"accelerometer; autoplay; clipboard-write; encrypted-media; gyroscope; picture-in-picture; web-share\" referrerpolicy=\"strict-origin-when-cross-origin\" allowfullscreen><\/iframe>\n<\/div><\/figure>\n\n\n\n<p class=\"wp-block-paragraph\">A Indy optou por transferir a sequ\u00eancia da prova para as 10h, com limite de conclus\u00e3o \u00e0s 11h15. No entanto, os planos foram frustrados pela chuva que caiu no oval de Milwaukee pela manh\u00e3. Portanto, a conclus\u00e3o da prova foi transferida para as 19h, ap\u00f3s a realiza\u00e7\u00e3o da corrida 2, que foi mantida para as 14h, com transmiss\u00e3o da Band e do Disney+.<\/p>\n\n\n\n<p class=\"wp-block-paragraph\">Entretanto, a altera\u00e7\u00e3o foi ben\u00e9fica para a transmiss\u00e3o no Brasil, pois n\u00e3o haveria transmiss\u00e3o em portugu\u00eas da corrida 1 caso o hor\u00e1rio das 10h fosse mantido, tanto na Band quanto no Disney+, em decorr\u00eancia da programa\u00e7\u00e3o, soube o <strong>GRANDE PR\u00caMIO<\/strong>.<\/p>\n\n\n\n<figure class=\"wp-block-image size-large\"><img loading=\"lazy\" decoding=\"async\" width=\"1024\" height=\"526\" src=\"https:\/\/grandepremio.com\/br\/wp-content\/uploads\/2026\/08\/image-1024x526.png\" alt=\"\" class=\"wp-image-1020313290\" srcset=\"https:\/\/grandepremio.com\/wp-content\/uploads\/2026\/08\/image-1024x526.png 1024w, https:\/\/grandepremio.com\/wp-content\/uploads\/2026\/08\/image-300x154.png 300w, https:\/\/grandepremio.com\/wp-content\/uploads\/2026\/08\/image-768x395.png 768w, https:\/\/grandepremio.com\/wp-content\/uploads\/2026\/08\/image-150x77.png 150w, https:\/\/grandepremio.com\/wp-content\/uploads\/2026\/08\/image.png 1228w\" sizes=\"(max-width: 1024px) 100vw, 1024px\" \/><figcaption class=\"wp-element-caption\">Chuva interrompeu GP de Milwaukee 1 (Foto: Reprodu\u00e7\u00e3o)<\/figcaption><\/figure>\n\n\n\n<p class=\"wp-block-paragraph\">A Indy retorna neste domingo (30), \u00e0s 14h (de Bras\u00edlia, GMT -3), com a corrida 2, com transmiss\u00e3o da Band e do Disney+. A corrida 1 tem previs\u00e3o de largada para as 19h, com exibi\u00e7\u00e3o pela plataforma de streaming. A rodada dupla de Milwaukee tem cobertura completa do <strong>GRANDE PR\u00caMIO<\/strong>.<\/p>\n","protected":false},"excerpt":{"rendered":"<p>Corrida 1 foi adiada novamente em decorr\u00eancia da chuva em Milwaukee, e a transmiss\u00e3o da Indy ser\u00e1 exclusiva do Disney+ para o Brasil.<\/p>\n","protected":false},"author":14,"featured_media":1020313260,"comment_status":"closed","ping_status":"closed","sticky":false,"template":"","format":"standard","meta":{"42wp_featured_image_caption":"Caio Collet em Milwaukee","42wp_featured_image_credits":"IndyCar","42wp_featured_video":"","42wp_featured_image_hidden":false,"42wp_authors_list":[{"id":47155,"location":"de S\u00e3o Paulo"}],"footnotes":""},"categories":[3],"tags":[4510],"42wp_author":[47155],"class_list":["post-164476","post","type-post","status-publish","format-standard","has-post-thumbnail","hentry","category-indy","tag-milwaukee","42wp_author-daniel-balsa"],"_links":{"self":[{"href":"https:\/\/grandepremio.com\/br\/wp-json\/wp\/v2\/posts\/164476","targetHints":{"allow":["GET"]}}],"collection":[{"href":"https:\/\/grandepremio.com\/br\/wp-json\/wp\/v2\/posts"}],"about":[{"href":"https:\/\/grandepremio.com\/br\/wp-json\/wp\/v2\/types\/post"}],"author":[{"embeddable":true,"href":"https:\/\/grandepremio.com\/br\/wp-json\/wp\/v2\/users\/14"}],"replies":[{"embeddable":true,"href":"https:\/\/grandepremio.com\/br\/wp-json\/wp\/v2\/comments?post=164476"}],"version-history":[{"count":1,"href":"https:\/\/grandepremio.com\/br\/wp-json\/wp\/v2\/posts\/164476\/revisions"}],"predecessor-version":[{"id":164481,"href":"https:\/\/grandepremio.com\/br\/wp-json\/wp\/v2\/posts\/164476\/revisions\/164481"}],"wp:featuredmedia":[{"embeddable":true,"href":"https:\/\/grandepremio.com\/br\/wp-json\/wp\/v2\/media\/1020313260"}],"wp:attachment":[{"href":"https:\/\/grandepremio.com\/br\/wp-json\/wp\/v2\/media?parent=164476"}],"wp:term":[{"taxonomy":"category","embeddable":true,"href":"https:\/\/grandepremio.com\/br\/wp-json\/wp\/v2\/categories?post=164476"},{"taxonomy":"post_tag","embeddable":true,"href":"https:\/\/grandepremio.com\/br\/wp-json\/wp\/v2\/tags?post=164476"},{"taxonomy":"42wp_author","embeddable":true,"href":"https:\/\/grandepremio.com\/br\/wp-json\/wp\/v2\/42wp_author?post=164476"}],"curies":[{"name":"wp","href":"https:\/\/api.w.org\/{rel}","templated":true}]}}