{"id":164517,"date":"2026-08-30T17:33:25","date_gmt":"2026-08-30T20:33:25","guid":{"rendered":"https:\/\/grandepremio.com\/br\/?p=164517"},"modified":"2026-08-30T17:33:26","modified_gmt":"2026-08-30T20:33:26","slug":"pato-oward-admite-sufoco-pit-stop-mclaren-vitoria-gp-milwaukee-2","status":"publish","type":"post","link":"https:\/\/grandepremio.com\/br\/indy\/pato-oward-admite-sufoco-pit-stop-mclaren-vitoria-gp-milwaukee-2\/","title":{"rendered":"O&#8217;Ward admite &#8220;sufoco&#8221; com pit-stop da McLaren em vit\u00f3ria no GP de Milwaukee 2"},"content":{"rendered":"\n<p class=\"wp-block-paragraph\">Pato O&#8217;Ward superou o pit-stop ruim da McLaren nas voltas iniciais, escalou o pelot\u00e3o e venceu o GP de Milwaukee 2 deste domingo (30) ap\u00f3s segurar Scott McLaughlin. O mexicano admitiu que passou sufoco durante a corrida e que demorou a entrar no ritmo dos l\u00edderes, mas sabia tinha condi\u00e7\u00f5es de se recuperar ao longo da prova. <\/p>\n\n\n\n<p class=\"wp-block-paragraph\">O&#8217;Ward liderava a corrida 1 em Milwaukee at\u00e9 a paralisa\u00e7\u00e3o e largou em segundo na segunda prova. No entanto, perdeu a posi\u00e7\u00e3o para Josef Newgarden logo no in\u00edcio e ficou em terceiro lugar at\u00e9 a primeira bandeira amarela. Durante o primeiro pit-stop, a McLaren se atrapalhou na troca do pneu traseiro direito, o que fez Pato perder diversas posi\u00e7\u00f5es.<\/p>\n\n\n\n<figure class=\"wp-block-embed is-type-video is-provider-youtube wp-block-embed-youtube wp-embed-aspect-16-9 wp-has-aspect-ratio\"><div class=\"wp-block-embed__wrapper\">\n<iframe loading=\"lazy\" title=\"INDY QUER BRASIL E NAMORA CORRIDA EM GOI\u00c2NIA J\u00c1 EM 2027 | Sprint GP\" width=\"500\" height=\"281\" src=\"https:\/\/www.youtube.com\/embed\/mVUi-JIcAnw?feature=oembed\" frameborder=\"0\" allow=\"accelerometer; autoplay; clipboard-write; encrypted-media; gyroscope; picture-in-picture; web-share\" referrerpolicy=\"strict-origin-when-cross-origin\" allowfullscreen><\/iframe>\n<\/div><\/figure>\n\n\n\n<p class=\"wp-block-paragraph\">Aos poucos, o piloto do #5 conseguiu escalar o pelot\u00e3o. Ap\u00f3s a \u00faltima janela de pit-stops, assumiu a lideran\u00e7a e precisou segurar os ataques de McLaughlin \u2014 que fez uma parada a menos. O neozeland\u00eas perdeu f\u00f4lego nas voltas finais e o mexicano venceu pela segunda vez na temporada 2026.<\/p>\n\n\n\n<p class=\"wp-block-paragraph\">O&#8217;Ward reconheceu que passou sufoco durante a prova e que as temperaturas maiores em rela\u00e7\u00e3o \u00e0 corrida 1 alteraram o desempenho do carro. Por outro lado, ressaltou que sabia que tinha um bom equipamento em Milwaukee.<\/p>\n\n\n\n<figure class=\"wp-block-image size-large\"><img loading=\"lazy\" decoding=\"async\" width=\"1024\" height=\"683\" src=\"https:\/\/grandepremio.com\/br\/wp-content\/uploads\/2026\/08\/Snap-On-Makers-and-Fixers-250-at-the-Milwaukee-Mile-Saturday_-August-29_-2026_Large-Image-Without-Watermark_m164250-1024x683.jpg\" alt=\"\" class=\"wp-image-1020313344\" srcset=\"https:\/\/grandepremio.com\/wp-content\/uploads\/2026\/08\/Snap-On-Makers-and-Fixers-250-at-the-Milwaukee-Mile-Saturday_-August-29_-2026_Large-Image-Without-Watermark_m164250-1024x683.jpg 1024w, https:\/\/grandepremio.com\/wp-content\/uploads\/2026\/08\/Snap-On-Makers-and-Fixers-250-at-the-Milwaukee-Mile-Saturday_-August-29_-2026_Large-Image-Without-Watermark_m164250-300x200.jpg 300w, https:\/\/grandepremio.com\/wp-content\/uploads\/2026\/08\/Snap-On-Makers-and-Fixers-250-at-the-Milwaukee-Mile-Saturday_-August-29_-2026_Large-Image-Without-Watermark_m164250-768x512.jpg 768w, https:\/\/grandepremio.com\/wp-content\/uploads\/2026\/08\/Snap-On-Makers-and-Fixers-250-at-the-Milwaukee-Mile-Saturday_-August-29_-2026_Large-Image-Without-Watermark_m164250-1536x1024.jpg 1536w, https:\/\/grandepremio.com\/wp-content\/uploads\/2026\/08\/Snap-On-Makers-and-Fixers-250-at-the-Milwaukee-Mile-Saturday_-August-29_-2026_Large-Image-Without-Watermark_m164250-2048x1365.jpg 2048w, https:\/\/grandepremio.com\/wp-content\/uploads\/2026\/08\/Snap-On-Makers-and-Fixers-250-at-the-Milwaukee-Mile-Saturday_-August-29_-2026_Large-Image-Without-Watermark_m164250-150x100.jpg 150w\" sizes=\"(max-width: 1024px) 100vw, 1024px\" \/><figcaption class=\"wp-element-caption\">Pato O&#8217;Ward venceu pela segunda vez na Indy 2026 (Foto: IndyCar)<\/figcaption><\/figure>\n\n\n\n<p class=\"wp-block-paragraph\">&#8220;N\u00e3o posso dizer que n\u00e3o passei um pouco de sufoco na corrida \u2014 com certeza passei. Demorei um pouco para entrar o ritmo, as condi\u00e7\u00f5es da pista estavam um pouco mais quentes hoje, e isso definitivamente deixou as coisas um pouco mais no limite. Mas forcei tudo quando precisamos. T\u00ednhamos carro e pot\u00eancia para isso&#8221;, declarou O&#8217;Ward.<\/p>\n\n\n\n<p class=\"wp-block-paragraph\">&#8220;Estou super orgulhoso de todo mundo. Tivemos um primeiro pit-stop meio ruim, mas eu estava confiante com o que tinha em m\u00e3os para conseguir ganhar posi\u00e7\u00f5es e ir melhorando. Era uma corrida longa&#8221;, salientou<\/p>\n\n\n\n<p class=\"wp-block-paragraph\">O mexicano tamb\u00e9m destacou o bom desempenho na primeira prova e o p\u00f3dio composto inteiramente por pilotos que correm com motores Chevrolet na corrida 2.<\/p>\n\n\n\n<p class=\"wp-block-paragraph\">&#8220;Estav\u00e1mos nos se sentindo muito bem ontem. Foi um p\u00f3dio 100% da Chevrolet, isso \u00e9 incr\u00edvel. E gostamos de Milwaukee. Como disse, o carro estava muito bom na corrida 1&#8221;, refor\u00e7ou.<\/p>\n\n\n\n<p class=\"wp-block-paragraph\">Por fim, O&#8217;Ward brincou sobre o fato de acabar de vencer uma prova enquanto lidera a outra \u2014 a corrida 1 ser\u00e1 retomada \u00e0s 19h (de Bras\u00edlia GMT -3) e que salientou vai tentar buscar vit\u00f3ria.<\/p>\n\n\n\n<p class=\"wp-block-paragraph\">&#8220;Nunca estive nessa posi\u00e7\u00e3o antes. Acabamos de ganhar uma corrida enquanto lider\u00e1vamos outra! Isso \u00e9 bem doido. Tomara que a chuva passe longe para conseguirmos correr, e vamos tentar repetir a dose. Posso fazer hist\u00f3ria hoje tentando ser o primeiro piloto da Indy a vencer duas corridas no mesmo dia&#8221;, finalizou.<\/p>\n\n\n\n<p class=\"wp-block-paragraph\">A Indy volta ainda neste domingo (30) com a corrida 1 em Milwaukee, que est\u00e1 marcada \u00e0s 19h (de Bras\u00edlia, GMT -3).<\/p>\n\n\n\n<p class=\"wp-block-paragraph\"><\/p>\n\n\n\n<p class=\"wp-block-paragraph\"><\/p>\n","protected":false},"excerpt":{"rendered":"<p>Pato O&#8217;Ward reconheceu que passou sufoco com o pit-stop lento da McLaren no in\u00edcio do GP de Milwaukee, mas enfatizou que tinha condi\u00e7\u00f5es de se recuperar e buscar a vit\u00f3ria neste domingo (30)<\/p>\n","protected":false},"author":21,"featured_media":1020313396,"comment_status":"closed","ping_status":"closed","sticky":false,"template":"","format":"standard","meta":{"42wp_featured_image_caption":"Pato O'Ward admitiu que passou sufoco com pit-stop ruim da McLaren","42wp_featured_image_credits":"IndyCar","42wp_featured_video":"","42wp_featured_image_hidden":false,"42wp_authors_list":[{"id":47163,"location":"do Rio de Janeiro"}],"footnotes":""},"categories":[3],"tags":[23410,90,99],"42wp_author":[47163],"class_list":["post-164517","post","type-post","status-publish","format-standard","has-post-thumbnail","hentry","category-indy","tag-gp-de-milwaukee","tag-mclaren","tag-pato-oward","42wp_author-caio-cavalcante"],"_links":{"self":[{"href":"https:\/\/grandepremio.com\/br\/wp-json\/wp\/v2\/posts\/164517","targetHints":{"allow":["GET"]}}],"collection":[{"href":"https:\/\/grandepremio.com\/br\/wp-json\/wp\/v2\/posts"}],"about":[{"href":"https:\/\/grandepremio.com\/br\/wp-json\/wp\/v2\/types\/post"}],"author":[{"embeddable":true,"href":"https:\/\/grandepremio.com\/br\/wp-json\/wp\/v2\/users\/21"}],"replies":[{"embeddable":true,"href":"https:\/\/grandepremio.com\/br\/wp-json\/wp\/v2\/comments?post=164517"}],"version-history":[{"count":2,"href":"https:\/\/grandepremio.com\/br\/wp-json\/wp\/v2\/posts\/164517\/revisions"}],"predecessor-version":[{"id":164531,"href":"https:\/\/grandepremio.com\/br\/wp-json\/wp\/v2\/posts\/164517\/revisions\/164531"}],"wp:featuredmedia":[{"embeddable":true,"href":"https:\/\/grandepremio.com\/br\/wp-json\/wp\/v2\/media\/1020313396"}],"wp:attachment":[{"href":"https:\/\/grandepremio.com\/br\/wp-json\/wp\/v2\/media?parent=164517"}],"wp:term":[{"taxonomy":"category","embeddable":true,"href":"https:\/\/grandepremio.com\/br\/wp-json\/wp\/v2\/categories?post=164517"},{"taxonomy":"post_tag","embeddable":true,"href":"https:\/\/grandepremio.com\/br\/wp-json\/wp\/v2\/tags?post=164517"},{"taxonomy":"42wp_author","embeddable":true,"href":"https:\/\/grandepremio.com\/br\/wp-json\/wp\/v2\/42wp_author?post=164517"}],"curies":[{"name":"wp","href":"https:\/\/api.w.org\/{rel}","templated":true}]}}