{"id":164518,"date":"2026-08-30T17:10:07","date_gmt":"2026-08-30T20:10:07","guid":{"rendered":"https:\/\/grandepremio.com\/br\/?p=164518"},"modified":"2026-08-30T17:10:09","modified_gmt":"2026-08-30T20:10:09","slug":"alex-palou-amplia-vantagem-encaminha-penta-ndy-apos-gp-de-milwaukee-2-veja-classificacao","status":"publish","type":"post","link":"https:\/\/grandepremio.com\/br\/indy\/alex-palou-amplia-vantagem-encaminha-penta-ndy-apos-gp-de-milwaukee-2-veja-classificacao\/","title":{"rendered":"Palou amplia vantagem e encaminha penta da Indy ap\u00f3s GP de Milwaukee 2. Veja classifica\u00e7\u00e3o"},"content":{"rendered":"\n<p class=\"wp-block-paragraph\">A disputa pelo t\u00edtulo da temporada 2026 da Indy virou mero protocolo com o encerramento do GP de Milwaukee 2, disputado na tarde deste domingo (30). Ao terminar em quinto, o espanhol abriu 97 pontos de vantagem para Kyle Kirkwood, que cruzou a linha de chegada em sexto.<\/p>\n\n\n\n<p class=\"wp-block-paragraph\">Com 107 pontos ainda em disputa, Palou precisa apenas largar em Laguna Seca para ser campe\u00e3o. Outra possibilidade \u00e9 Kirkwood n\u00e3o vencer as duas corridas restantes e n\u00e3o somar todos os pontos b\u00f4nus dispon\u00edveis \u2014 um deles, por exemplo, est\u00e1 relacionado \u00e0 lideran\u00e7a do maior n\u00famero de voltas na conclus\u00e3o do GP de Milwaukee 1, prevista para logo mais.<\/p>\n\n\n\n<figure class=\"wp-block-embed is-type-video is-provider-youtube wp-block-embed-youtube wp-embed-aspect-16-9 wp-has-aspect-ratio\"><div class=\"wp-block-embed__wrapper\">\n<iframe loading=\"lazy\" title=\"INDY QUER BRASIL E NAMORA CORRIDA EM GOI\u00c2NIA J\u00c1 EM 2027 | Sprint GP\" width=\"500\" height=\"281\" src=\"https:\/\/www.youtube.com\/embed\/mVUi-JIcAnw?feature=oembed\" frameborder=\"0\" allow=\"accelerometer; autoplay; clipboard-write; encrypted-media; gyroscope; picture-in-picture; web-share\" referrerpolicy=\"strict-origin-when-cross-origin\" allowfullscreen><\/iframe>\n<\/div><\/figure>\n\n\n\n<p class=\"wp-block-paragraph\">Se n\u00e3o quiser fazer contas, um 20\u00ba lugar basta para Palou conquistar a ta\u00e7a ainda em Milwaukee.<\/p>\n\n\n\n<p class=\"wp-block-paragraph\">A briga pelo vice-campeonato tem Kirkwood e Christian Lundgaard como principais postulantes, com 490 e 478 pontos, respectivamente. Pato O&#8217;Ward, por\u00e9m, se aproximou da disputa ap\u00f3s a vit\u00f3ria e chegou aos 450 pontos. Vale lembrar que o mexicano lidera o GP de Milwaukee 1.<\/p>\n\n\n\n<p class=\"wp-block-paragraph\">David Malukas \u00e9 o quinto, com 443 pontos, \u00e0 frente dos companheiros de Penske Scott McLaughlin e Josef Newgarden, que chegaram aos 395 e 382, respectivamente. Marcus Ericsson, da Andretti, \u00e9 o oitavo, com 373. Felix Rosenqvist, da Meyer Shank, e Will Power, da Andretti, completam o top-10, com 365 e 355 pontos.<\/p>\n\n\n\n<figure class=\"wp-block-image size-large\"><img loading=\"lazy\" decoding=\"async\" width=\"1024\" height=\"683\" src=\"https:\/\/grandepremio.com\/br\/wp-content\/uploads\/2026\/08\/Caio-Collet-Snap-On-Makers-and-Fixers-250-at-the-Milwaukee-Mile-By_-Joe-Skibinski_Large-Image-Without-Watermark_m164137-1024x683.jpg\" alt=\"\" class=\"wp-image-1020313281\" srcset=\"https:\/\/grandepremio.com\/wp-content\/uploads\/2026\/08\/Caio-Collet-Snap-On-Makers-and-Fixers-250-at-the-Milwaukee-Mile-By_-Joe-Skibinski_Large-Image-Without-Watermark_m164137-1024x683.jpg 1024w, https:\/\/grandepremio.com\/wp-content\/uploads\/2026\/08\/Caio-Collet-Snap-On-Makers-and-Fixers-250-at-the-Milwaukee-Mile-By_-Joe-Skibinski_Large-Image-Without-Watermark_m164137-300x200.jpg 300w, https:\/\/grandepremio.com\/wp-content\/uploads\/2026\/08\/Caio-Collet-Snap-On-Makers-and-Fixers-250-at-the-Milwaukee-Mile-By_-Joe-Skibinski_Large-Image-Without-Watermark_m164137-768x512.jpg 768w, https:\/\/grandepremio.com\/wp-content\/uploads\/2026\/08\/Caio-Collet-Snap-On-Makers-and-Fixers-250-at-the-Milwaukee-Mile-By_-Joe-Skibinski_Large-Image-Without-Watermark_m164137-1536x1024.jpg 1536w, https:\/\/grandepremio.com\/wp-content\/uploads\/2026\/08\/Caio-Collet-Snap-On-Makers-and-Fixers-250-at-the-Milwaukee-Mile-By_-Joe-Skibinski_Large-Image-Without-Watermark_m164137-2048x1365.jpg 2048w, https:\/\/grandepremio.com\/wp-content\/uploads\/2026\/08\/Caio-Collet-Snap-On-Makers-and-Fixers-250-at-the-Milwaukee-Mile-By_-Joe-Skibinski_Large-Image-Without-Watermark_m164137-150x100.jpg 150w\" sizes=\"(max-width: 1024px) 100vw, 1024px\" \/><figcaption class=\"wp-element-caption\">Caio Collet (Foto: IndyCar)<\/figcaption><\/figure>\n\n\n\n<p class=\"wp-block-paragraph\">Caio Collet sofreu com a Foyt, que optou por n\u00e3o trocar o motor do carro #4, e terminou apenas em 23\u00ba. Com isso, ficou mais distante de Dennis Hauger na disputa pelo t\u00edtulo de novato do ano e tamb\u00e9m de Christian Rasmussen na briga pela \u00faltima vaga do Leader&#8217;s Circle, que rende um pr\u00eamio de US$ 1,65 milh\u00e3o (R$ 8,6 milh\u00f5es) para os 22 melhores carros do campeonato. Confira a classifica\u00e7\u00e3o do campeonato da Indy 2026:<\/p>\n\n\n\n<figure class=\"wp-block-table\"><table class=\"has-fixed-layout\"><tbody><tr><td><strong>Pos<\/strong><\/td><td><strong>Piloto<\/strong><\/td><td><strong>Equipe<\/strong><\/td><td><strong>Pontos<\/strong><\/td><td><strong>Dif.<\/strong><\/td><td><strong>Vit\u00f3rias<\/strong><\/td><td><strong>P\u00f3dios<\/strong><\/td><\/tr><tr><td><strong>1<\/strong><\/td><td>\u00c1lex Palou<\/td><td>Ganassi Honda<\/td><td>587<\/td><td>&#8211;<\/td><td>6<\/td><td>7<\/td><\/tr><tr><td><strong>2<\/strong><\/td><td>Kyle Kirkwood<\/td><td>Andretti Honda<\/td><td>490<\/td><td>-97<\/td><td>2<\/td><td>4<\/td><\/tr><tr><td><strong>3<\/strong><\/td><td>Christian Lundgaard<\/td><td>McLaren Chevrolet<\/td><td>478<\/td><td>-109<\/td><td>2<\/td><td>4<\/td><\/tr><tr><td><strong>4<\/strong><\/td><td>Pato O\u2019Ward<\/td><td>McLaren Chevrolet<\/td><td>450<\/td><td>-137<\/td><td>2<\/td><td>2<\/td><\/tr><tr><td><strong>5<\/strong><\/td><td>David Malukas<\/td><td>Penske Chevrolet<\/td><td>443<\/td><td>-144<\/td><td>0<\/td><td>5<\/td><\/tr><tr><td><strong>6<\/strong><\/td><td>Scott McLaughlin<\/td><td>Penske Chevrolet<\/td><td>395<\/td><td>-192<\/td><td>0<\/td><td>3<\/td><\/tr><tr><td><strong>7<\/strong><\/td><td>Josef Newgarden<\/td><td>Penske Chevrolet<\/td><td>382<\/td><td>-205<\/td><td>2<\/td><td>3<\/td><\/tr><tr><td><strong>8<\/strong><\/td><td>Marcus Ericsson<\/td><td>Andretti Honda<\/td><td>373<\/td><td>-214<\/td><td>1<\/td><td>2<\/td><\/tr><tr><td><strong>9<\/strong><\/td><td>Felix Rosenqvist<\/td><td>Meyer Shank Honda<\/td><td>365<\/td><td>-222<\/td><td>1<\/td><td>5<\/td><\/tr><tr><td><strong>10<\/strong><\/td><td>Will Power<\/td><td>Andretti Honda<\/td><td>355<\/td><td>-232<\/td><td>0<\/td><td>5<\/td><\/tr><tr><td><strong>11<\/strong><\/td><td>Rinus VeeKay<\/td><td>Juncos Hollinger Chevrolet<\/td><td>330<\/td><td>-257<\/td><td>0<\/td><td>0<\/td><\/tr><tr><td><strong>12<\/strong><\/td><td>Scott Dixon<\/td><td>Ganassi Honda<\/td><td>297<\/td><td>-290<\/td><td>0<\/td><td>1<\/td><\/tr><tr><td><strong>13<\/strong><\/td><td>Kyffin Simpson<\/td><td>Ganassi Honda<\/td><td>289<\/td><td>-298<\/td><td>0<\/td><td>0<\/td><\/tr><tr><td><strong>14<\/strong><\/td><td>Graham Rahal<\/td><td>RLL Honda<\/td><td>284<\/td><td>-303<\/td><td>0<\/td><td>3<\/td><\/tr><tr><td><strong>15<\/strong><\/td><td>Marcus Armstrong<\/td><td>Meyer Shank Honda<\/td><td>274<\/td><td>-313<\/td><td>0<\/td><td>0<\/td><\/tr><tr><td><strong>16<\/strong><\/td><td>Alexander Rossi<\/td><td>Carpenter Chevrolet<\/td><td>255<\/td><td>-332<\/td><td>0<\/td><td>0<\/td><\/tr><tr><td><strong>17<\/strong><\/td><td>Santino Ferrucci<\/td><td>Foyt Chevrolet<\/td><td>250<\/td><td>-337<\/td><td>0<\/td><td>0<\/td><\/tr><tr><td><strong>18<\/strong><\/td><td>Nolan Siegel<\/td><td>McLaren Chevrolet<\/td><td>236<\/td><td>-351<\/td><td>0<\/td><td>0<\/td><\/tr><tr><td><strong>19<\/strong><\/td><td>Romain Grosjean<\/td><td>Dale Coyne Honda<\/td><td>235<\/td><td>-352<\/td><td>0<\/td><td>1<\/td><\/tr><tr><td><strong>20<\/strong><\/td><td>Louis Foster<\/td><td>RLL Honda<\/td><td>231<\/td><td>-356<\/td><td>0<\/td><td>0<\/td><\/tr><tr><td><strong>21<\/strong><\/td><td>Dennis Hauger<\/td><td>Dale Coyne Honda<\/td><td>213<\/td><td>-374<\/td><td>0<\/td><td>0<\/td><\/tr><tr><td><strong>22<\/strong><\/td><td>Christian Rasmussen<\/td><td>Carpenter Chevrolet<\/td><td>204<\/td><td>-383<\/td><td>0<\/td><td>1<\/td><\/tr><tr><td><strong>23<\/strong><\/td><td>Caio Collet<\/td><td>Foyt Chevrolet<\/td><td>187<\/td><td>-400<\/td><td>0<\/td><td>0<\/td><\/tr><tr><td><strong>24<\/strong><\/td><td>Mick Schumacher<\/td><td>RLL Honda<\/td><td>187<\/td><td>-400<\/td><td>0<\/td><td>0<\/td><\/tr><tr><td><strong>25<\/strong><\/td><td>Sting Ray Robb<\/td><td>Juncos Hollinger Chevrolet<\/td><td>167<\/td><td>-420<\/td><td>0<\/td><td>0<\/td><\/tr><tr><td><strong>26<\/strong><\/td><td>Conor Daly<\/td><td>Dreyer &amp; Reinbold Chevrolet<\/td><td>24<\/td><td>-563<\/td><td>0<\/td><td>0<\/td><\/tr><tr><td><strong>27<\/strong><\/td><td>Takuma Sato<\/td><td>RLL Honda<\/td><td>20<\/td><td>-567<\/td><td>0<\/td><td>0<\/td><\/tr><tr><td><strong>28<\/strong><\/td><td>Jack Harvey<\/td><td>Dreyer &amp; Reinbold Chevrolet<\/td><td>8<\/td><td>-579<\/td><td>0<\/td><td>0<\/td><\/tr><tr><td><strong>29<\/strong><\/td><td>Jacob Abel<\/td><td>Abel Chevrolet<\/td><td>6<\/td><td>-581<\/td><td>0<\/td><td>0<\/td><\/tr><tr><td><strong>30<\/strong><\/td><td>Helio Castroneves<\/td><td>Meyer Shank Honda<\/td><td>5<\/td><td>-582<\/td><td>0<\/td><td>0<\/td><\/tr><tr><td><strong>31<\/strong><\/td><td>Ed Carpenter<\/td><td>Carpenter Chevrolet<\/td><td>5<\/td><td>-582<\/td><td>0<\/td><td>0<\/td><\/tr><tr><td><strong>32<\/strong><\/td><td>Ryan Hunter-Reay<\/td><td>McLaren Chevrolet<\/td><td>5<\/td><td>-582<\/td><td>0<\/td><td>0<\/td><\/tr><tr><td><strong>33<\/strong><\/td><td>Katherine Legge<\/td><td>HMD Honda<\/td><td>5<\/td><td>-582<\/td><td>0<\/td><td>0<\/td><\/tr><\/tbody><\/table><\/figure>\n","protected":false},"excerpt":{"rendered":"<p>Enquanto \u00c1lex Palou precisa apenas de um 20\u00ba lugar para ser campe\u00e3o ainda neste domingo (30), Caio Collet ficou em situa\u00e7\u00e3o complicada com 23\u00ba no GP de Milwaukee 2 e ficou distante do Leader&#8217;s Circle<\/p>\n","protected":false},"author":14,"featured_media":1020313355,"comment_status":"closed","ping_status":"closed","sticky":false,"template":"","format":"standard","meta":{"42wp_featured_image_caption":"\u00c1lex Palou","42wp_featured_image_credits":" IndyCar","42wp_featured_video":"","42wp_featured_image_hidden":false,"42wp_authors_list":[{"id":47155,"location":"de S\u00e3o Paulo"}],"footnotes":""},"categories":[3],"tags":[4510],"42wp_author":[47155],"class_list":["post-164518","post","type-post","status-publish","format-standard","has-post-thumbnail","hentry","category-indy","tag-milwaukee","42wp_author-daniel-balsa"],"_links":{"self":[{"href":"https:\/\/grandepremio.com\/br\/wp-json\/wp\/v2\/posts\/164518","targetHints":{"allow":["GET"]}}],"collection":[{"href":"https:\/\/grandepremio.com\/br\/wp-json\/wp\/v2\/posts"}],"about":[{"href":"https:\/\/grandepremio.com\/br\/wp-json\/wp\/v2\/types\/post"}],"author":[{"embeddable":true,"href":"https:\/\/grandepremio.com\/br\/wp-json\/wp\/v2\/users\/14"}],"replies":[{"embeddable":true,"href":"https:\/\/grandepremio.com\/br\/wp-json\/wp\/v2\/comments?post=164518"}],"version-history":[{"count":1,"href":"https:\/\/grandepremio.com\/br\/wp-json\/wp\/v2\/posts\/164518\/revisions"}],"predecessor-version":[{"id":164526,"href":"https:\/\/grandepremio.com\/br\/wp-json\/wp\/v2\/posts\/164518\/revisions\/164526"}],"wp:featuredmedia":[{"embeddable":true,"href":"https:\/\/grandepremio.com\/br\/wp-json\/wp\/v2\/media\/1020313355"}],"wp:attachment":[{"href":"https:\/\/grandepremio.com\/br\/wp-json\/wp\/v2\/media?parent=164518"}],"wp:term":[{"taxonomy":"category","embeddable":true,"href":"https:\/\/grandepremio.com\/br\/wp-json\/wp\/v2\/categories?post=164518"},{"taxonomy":"post_tag","embeddable":true,"href":"https:\/\/grandepremio.com\/br\/wp-json\/wp\/v2\/tags?post=164518"},{"taxonomy":"42wp_author","embeddable":true,"href":"https:\/\/grandepremio.com\/br\/wp-json\/wp\/v2\/42wp_author?post=164518"}],"curies":[{"name":"wp","href":"https:\/\/api.w.org\/{rel}","templated":true}]}}