{"id":164568,"date":"2026-08-30T21:39:25","date_gmt":"2026-08-31T00:39:25","guid":{"rendered":"https:\/\/grandepremio.com\/br\/?p=164568"},"modified":"2026-08-30T21:39:49","modified_gmt":"2026-08-31T00:39:49","slug":"alex-palou-exalta-ganassi-apos-pentacampeonato-crava-estou-pronto-para-proximo","status":"publish","type":"post","link":"https:\/\/grandepremio.com\/br\/indy\/alex-palou-exalta-ganassi-apos-pentacampeonato-crava-estou-pronto-para-proximo\/","title":{"rendered":"Palou exalta Ganassi ap\u00f3s pentacampeonato e crava: &#8220;Estou pronto para o pr\u00f3ximo&#8221;"},"content":{"rendered":"\n<p class=\"wp-block-paragraph\">\u00c1lex Palou n\u00e3o precisava de um bom resultado para conquistar o pentacampeonato da Indy no GP de Milwaukee 1 e um modesto d\u00e9cimo lugar neste domingo (30) foi suficiente. O espanhol celebrou o t\u00edtulo e ressaltou que deve tudo \u00e0 equipe, especialmente a Chip Ganassi. O piloto do #10 tamb\u00e9m enfatizou que est\u00e1 pronto para a pr\u00f3xima conquista e admitiu entusiasmo com a corrida em Laguna Seca, onde correr\u00e1 com uma pintura em homenagem a Alessandro Zanardi, bicampe\u00e3o da categoria que morreu em maio.<\/p>\n\n\n\n<p class=\"wp-block-paragraph\">Ap\u00f3s o quinto lugar na corrida 2, um 20\u00b0 lugar \u2014 independente da coloca\u00e7\u00e3o de Kyle Kirkwood \u2014 na prova que foi interrompida pela chuva no \u00faltimo s\u00e1bado (29) j\u00e1 era suficiente para Palou conquistar o t\u00edtulo da Indy 2026 com anteced\u00eancia.<\/p>\n\n\n\n<figure class=\"wp-block-embed is-type-video is-provider-youtube wp-block-embed-youtube wp-embed-aspect-16-9 wp-has-aspect-ratio\"><div class=\"wp-block-embed__wrapper\">\n<iframe loading=\"lazy\" title=\"INDY QUER BRASIL E NAMORA CORRIDA EM GOI\u00c2NIA J\u00c1 EM 2027 | Sprint GP\" width=\"500\" height=\"281\" src=\"https:\/\/www.youtube.com\/embed\/mVUi-JIcAnw?feature=oembed\" frameborder=\"0\" allow=\"accelerometer; autoplay; clipboard-write; encrypted-media; gyroscope; picture-in-picture; web-share\" referrerpolicy=\"strict-origin-when-cross-origin\" allowfullscreen><\/iframe>\n<\/div><\/figure>\n\n\n\n<p class=\"wp-block-paragraph\">Assim que a bandeira verde foi acionada, o espanhol n\u00e3o se arriscou ao tentar ultrapassagens, assim como n\u00e3o ofereceu resist\u00eancia aos competidores que tentaram ganhar a posi\u00e7\u00e3o, j\u00e1 que tinha a ta\u00e7a praticamente em m\u00e3os.<\/p>\n\n\n\n<p class=\"wp-block-paragraph\">Pouco ap\u00f3s a bandeira quadriculada e as comemora\u00e7\u00f5es iniciais, Palou admitiu que n\u00e3o tinha palavras e destacou que deve tudo \u00e0 Ganassi.<\/p>\n\n\n\n<figure class=\"wp-block-image size-large\"><img loading=\"lazy\" decoding=\"async\" width=\"1024\" height=\"683\" src=\"https:\/\/grandepremio.com\/br\/wp-content\/uploads\/2026\/08\/Snap-On-Makers-and-Fixers-250-and-Snap-on-Milwaukee-Mile-250-at-the-Milwaukee-Mile-Sunday_-August-30_-2026_Large-Image-Without-Watermark_m164592-1024x683.jpg\" alt=\"\" class=\"wp-image-1020313439\" srcset=\"https:\/\/grandepremio.com\/wp-content\/uploads\/2026\/08\/Snap-On-Makers-and-Fixers-250-and-Snap-on-Milwaukee-Mile-250-at-the-Milwaukee-Mile-Sunday_-August-30_-2026_Large-Image-Without-Watermark_m164592-1024x683.jpg 1024w, https:\/\/grandepremio.com\/wp-content\/uploads\/2026\/08\/Snap-On-Makers-and-Fixers-250-and-Snap-on-Milwaukee-Mile-250-at-the-Milwaukee-Mile-Sunday_-August-30_-2026_Large-Image-Without-Watermark_m164592-300x200.jpg 300w, https:\/\/grandepremio.com\/wp-content\/uploads\/2026\/08\/Snap-On-Makers-and-Fixers-250-and-Snap-on-Milwaukee-Mile-250-at-the-Milwaukee-Mile-Sunday_-August-30_-2026_Large-Image-Without-Watermark_m164592-768x512.jpg 768w, https:\/\/grandepremio.com\/wp-content\/uploads\/2026\/08\/Snap-On-Makers-and-Fixers-250-and-Snap-on-Milwaukee-Mile-250-at-the-Milwaukee-Mile-Sunday_-August-30_-2026_Large-Image-Without-Watermark_m164592-1536x1024.jpg 1536w, https:\/\/grandepremio.com\/wp-content\/uploads\/2026\/08\/Snap-On-Makers-and-Fixers-250-and-Snap-on-Milwaukee-Mile-250-at-the-Milwaukee-Mile-Sunday_-August-30_-2026_Large-Image-Without-Watermark_m164592-2048x1365.jpg 2048w, https:\/\/grandepremio.com\/wp-content\/uploads\/2026\/08\/Snap-On-Makers-and-Fixers-250-and-Snap-on-Milwaukee-Mile-250-at-the-Milwaukee-Mile-Sunday_-August-30_-2026_Large-Image-Without-Watermark_m164592-150x100.jpg 150w\" sizes=\"(max-width: 1024px) 100vw, 1024px\" \/><figcaption class=\"wp-element-caption\">\u00c1lex Palou agradeceu a Chip Ganassi pelo pentacampeonato da Indy (Foto: IndyCar)<\/figcaption><\/figure>\n\n\n\n<p class=\"wp-block-paragraph\">&#8220;N\u00e3o sei o que dizer. Devo tudo a essa equipe, todo mundo na Ganassi, Honda, todos os nossos parceiros, mas especialmente ao Chip e a todos nos bastidores. \u00c9 incr\u00edvel, estou muito orgulhoso deste time&#8221;, declarou o pentacampe\u00e3o, antes de reconhecer o desempenho modesto no GP de Milwaukee 1 e destacar que j\u00e1 est\u00e1 pronto para a pr\u00f3xima conquista.<\/p>\n\n\n\n<p class=\"wp-block-paragraph\">&#8220;Hoje foi uma corrida muito ruim para n\u00f3s, est\u00e1vamos sofrendo o tempo todo, mas eu pensava: &#8216;Apenas mantenha o foco, continue em frente.&#8217; De qualquer forma, \u00e9 ter mais um campeonato e, estou pronto para o pr\u00f3ximo&#8221;, salientou.<\/p>\n\n\n\n<p class=\"wp-block-paragraph\">Por fim, Palou ressaltou que n\u00e3o sabe quando vai ficar satisfeito pelas conquistas na Indy e revelou entusiasmo para correr em Laguna Seca. Al\u00e9m de ser a pista na qual obteve maior sucesso na categoria, o espanhol vai disputar a \u00faltima etapa da temporada 2026 com uma pintura em homenagem a Zanardi.<\/p>\n\n\n\n<p class=\"wp-block-paragraph\">&#8220;N\u00e3o sei [quando vai ficar realizado], acho que vamos descobrir! Mas estou muito animado para o pr\u00f3ximo final de semana. Minha pista favorita do ano, vou correr com aquela pintura linda em homenagem a Alex Zanardi. Tentarei dar o meu melhor fazendo alguns zerinhos para ele, e espero que possamos fazer o mesmo na pr\u00f3xima semana&#8221;, completou.<\/p>\n\n\n\n<p class=\"wp-block-paragraph\">A Indy conclui a temporada 2026 no pr\u00f3ximo fim de semana, entre os dias 4 e 6 de setembro, com o GP de Laguna Seca.<\/p>\n","protected":false},"excerpt":{"rendered":"<p>\u00c1lex Palou celebrou o pentacampeonato na Indy e destacou que deve tudo \u00e0 equipe, em especial a Chip Ganassi. Espanhol tamb\u00e9m ressaltou que est\u00e1 pronto para o pr\u00f3ximo t\u00edtulo na categoria<\/p>\n","protected":false},"author":21,"featured_media":1020313434,"comment_status":"closed","ping_status":"closed","sticky":false,"template":"","format":"standard","meta":{"42wp_featured_image_caption":"\u00c1lex Palou conquistou quinto t\u00edtulo da Indy em Milwaukee","42wp_featured_image_credits":"IndyCar","42wp_featured_video":"","42wp_featured_image_hidden":false,"42wp_authors_list":[{"id":47163,"location":"do Rio de Janeiro"}],"footnotes":""},"categories":[3],"tags":[40347,1595,23410,47892],"42wp_author":[47163],"class_list":["post-164568","post","type-post","status-publish","format-standard","has-post-thumbnail","hentry","category-indy","tag-alex-palou-2","tag-ganassi","tag-gp-de-milwaukee","tag-pentacampeao-da-indy","42wp_author-caio-cavalcante"],"_links":{"self":[{"href":"https:\/\/grandepremio.com\/br\/wp-json\/wp\/v2\/posts\/164568","targetHints":{"allow":["GET"]}}],"collection":[{"href":"https:\/\/grandepremio.com\/br\/wp-json\/wp\/v2\/posts"}],"about":[{"href":"https:\/\/grandepremio.com\/br\/wp-json\/wp\/v2\/types\/post"}],"author":[{"embeddable":true,"href":"https:\/\/grandepremio.com\/br\/wp-json\/wp\/v2\/users\/21"}],"replies":[{"embeddable":true,"href":"https:\/\/grandepremio.com\/br\/wp-json\/wp\/v2\/comments?post=164568"}],"version-history":[{"count":1,"href":"https:\/\/grandepremio.com\/br\/wp-json\/wp\/v2\/posts\/164568\/revisions"}],"predecessor-version":[{"id":164573,"href":"https:\/\/grandepremio.com\/br\/wp-json\/wp\/v2\/posts\/164568\/revisions\/164573"}],"wp:featuredmedia":[{"embeddable":true,"href":"https:\/\/grandepremio.com\/br\/wp-json\/wp\/v2\/media\/1020313434"}],"wp:attachment":[{"href":"https:\/\/grandepremio.com\/br\/wp-json\/wp\/v2\/media?parent=164568"}],"wp:term":[{"taxonomy":"category","embeddable":true,"href":"https:\/\/grandepremio.com\/br\/wp-json\/wp\/v2\/categories?post=164568"},{"taxonomy":"post_tag","embeddable":true,"href":"https:\/\/grandepremio.com\/br\/wp-json\/wp\/v2\/tags?post=164568"},{"taxonomy":"42wp_author","embeddable":true,"href":"https:\/\/grandepremio.com\/br\/wp-json\/wp\/v2\/42wp_author?post=164568"}],"curies":[{"name":"wp","href":"https:\/\/api.w.org\/{rel}","templated":true}]}}