{"id":164602,"date":"2026-08-31T07:03:43","date_gmt":"2026-08-31T10:03:43","guid":{"rendered":"https:\/\/grandepremio.com\/br\/?p=164602"},"modified":"2026-08-31T17:45:13","modified_gmt":"2026-08-31T20:45:13","slug":"por-que-semana-gp-da-italia-pode-definir-futuro-oliver-bearman-formula-1","status":"publish","type":"post","link":"https:\/\/grandepremio.com\/br\/f1\/por-que-semana-gp-da-italia-pode-definir-futuro-oliver-bearman-formula-1\/","title":{"rendered":"Por que semana do GP da It\u00e1lia pode definir futuro de Bearman na F\u00f3rmula 1"},"content":{"rendered":"\n<p class=\"wp-block-paragraph\">Embora com o assento na Haas seguro para a temporada 2027 da F\u00f3rmula 1, <strong>Oliver Bearman ter\u00e1 semana decisiva pela frente <\/strong>no que diz respeito \u00e0s inten\u00e7\u00f5es de conseguir a t\u00e3o sonhada promo\u00e7\u00e3o para a Ferrari. Tudo porque a escuderia italiana est\u00e1 perto de anunciar a renova\u00e7\u00e3o de contrato de Lewis Hamilton por mais dois anos, e se isso de fato acontecer, pode representar <strong>o fim do v\u00ednculo do jovem brit\u00e2nico com Maranello<\/strong>.<\/p>\n\n\n\n<p class=\"wp-block-paragraph\">A informa\u00e7\u00e3o \u00e9 do portal da revista alem\u00e3 <em>Auto Motor und Sport<\/em>. Bearman foi formado na academia de pilotos da Ferrari e impressionou a todos <a href=\"https:\/\/grandepremio.com\/br\/f1\/bearman-ganha-chance-inesperada-na-vaga-de-sainz-na-ferrari-e-pode-furar-fila-da-f1\/\">ao substituir \u00e0s pressas Carlos Sainz no GP da Ar\u00e1bia Saudita de 2024<\/a>, levando o carro \u00e0 zona de pontos. No ano seguinte, chegou de vez \u00e0 F1 com a Haas, equipe cliente da Ferrari, <a href=\"https:\/\/grandepremio.com\/br\/f1\/oliver-bearman-destaca-evolucao-f1-responde-chance-ferrari-estou-pronto\/\">e desde ent\u00e3o anseia pela chance de vestir o ic\u00f4nico macac\u00e3o vermelho como titular<\/a>.<\/p>\n\n\n\n<figure class=\"wp-block-embed is-type-video is-provider-youtube wp-block-embed-youtube wp-embed-aspect-16-9 wp-has-aspect-ratio\"><div class=\"wp-block-embed__wrapper\">\n<iframe loading=\"lazy\" title=\"ALPINE RENOVA COM COLAPINTO + SEMANA DECISIVA DE C\u00c2MARA | WGP\" width=\"500\" height=\"281\" src=\"https:\/\/www.youtube.com\/embed\/pOHasUibuKM?feature=oembed\" frameborder=\"0\" allow=\"accelerometer; autoplay; clipboard-write; encrypted-media; gyroscope; picture-in-picture; web-share\" referrerpolicy=\"strict-origin-when-cross-origin\" allowfullscreen><\/iframe>\n<\/div><\/figure>\n\n\n\n<p class=\"wp-block-paragraph\"><a href=\"https:\/\/grandepremio.com\/br\/f1\/ferrari-antecipa-confirma-renovacao-contrato-charles-leclerc-f1\/\">S\u00f3 que os italianos surpreenderam ao estenderem o atual v\u00ednculo com Charles Leclerc<\/a> para al\u00e9m de 2029. <strong>E o crescimento de Hamilton este ano<\/strong>, que enfim chegou \u00e0 primeira vit\u00f3ria pela Ferrari e ocupa a vice-lideran\u00e7a do Mundial de Pilotos, <strong>j\u00e1 aponta para uma renova\u00e7\u00e3o por, pelo menos, mais duas temporadas<\/strong>.<\/p>\n\n\n\n<p class=\"wp-block-paragraph\">Um an\u00fancio, ali\u00e1s, \u00e9 esperado para este final de semana, na It\u00e1lia, o que deixaria as portas da Ferrari fechadas para Bearman at\u00e9 o final de 2028. Segundo a publica\u00e7\u00e3o alem\u00e3, Bearman tem somente mais um ano pela frente sob o guarda-chuva da Ferrari, o que significa que, <strong>se n\u00e3o for promovido em 2028, estar\u00e1 livre para negociar com outras equipes do grid e deixar a Haas<\/strong>.<\/p>\n\n\n\n<p class=\"wp-block-paragraph\">A Ferrari tamb\u00e9m parece cada vez mais voltada para Rafael C\u00e2mara, que est\u00e1 na briga pelo outro assento da Haas, o de Esteban Ocon, para 2027. O brasileiro \u00e9 visto como um dos mais talentosos da atual gera\u00e7\u00e3o das categorias de base e seria, em teoria, advers\u00e1rio direto de Bearman por uma vaga futura na Ferrari.<\/p>\n\n\n\n<p class=\"wp-block-paragraph\">A F\u00f3rmula 1 volta neste fim de semana, de 4 a 6 de setembro, em Monza. O\u00a0<strong>GRANDE PR\u00caMIO<\/strong>\u00a0acompanha todas as atividades do\u00a0<strong>GP da It\u00e1lia<\/strong>, 13\u00aa etapa da temporada 2026,\u00a0<a href=\"https:\/\/www.grandepremio.com\/br\/ao-vivo\/f1\/\"><strong>AO VIVO E EM\u00a0<\/strong><\/a><strong><a href=\"https:\/\/www.grandepremio.com\/br\/ao-vivo\/\" target=\"_blank\" rel=\"noopener\">TEMPO REAL<\/a><\/strong>,\u00a0<a href=\"https:\/\/www.youtube.com\/@GrandePremio1\/streams\">al\u00e9m de classifica\u00e7\u00e3o e corrida em\u00a0<strong>SEGUNDA TELA\u00a0<\/strong>no YouTube<\/a>, em parceria com a\u00a0<strong>Voz do Esporte<\/strong>. O\u00a0<strong>Briefing\u00a0<\/strong>chega para analisar ap\u00f3s o fim de cada dia de atividades nas redes sociais e na\u00a0<strong>GPTV<\/strong>.<\/p>\n\n\n\n<h2 class=\"wp-block-heading\">GP da It\u00e1lia de F1: veja os hor\u00e1rios em Brasil, Cabo Verde,&nbsp;<a href=\"https:\/\/grandepremio.pt\/\" target=\"_blank\" rel=\"noopener\"><strong>Portugal<\/strong><\/a>, Angola e Mo\u00e7ambique:<\/h2>\n\n\n\n<h3 class=\"wp-block-heading\">Hor\u00e1rios no Brasil*<\/h3>\n\n\n\n<ul id=\"block-04b1bda2-db77-49b7-8a15-ab1e981bbd0f\" class=\"wp-block-list\">\n<li><strong>Treino livre 1: 07:30<\/strong><\/li>\n\n\n\n<li><strong>Treino livre 2: 11:00<\/strong><\/li>\n\n\n\n<li><strong>Treino livre 3: 07:30<\/strong><\/li>\n\n\n\n<li><strong>Classifica\u00e7\u00e3o: 11:00<\/strong><\/li>\n\n\n\n<li><strong>Corrida: 10:00<\/strong><\/li>\n<\/ul>\n\n\n\n<h3 class=\"wp-block-heading\">Hor\u00e1rios em Portugal e Angola<\/h3>\n\n\n\n<ul id=\"block-e78d748e-6549-4a54-9e51-69367685663a\" class=\"wp-block-list\">\n<li><strong>Treino livre 1: 11:30<\/strong><\/li>\n\n\n\n<li><strong>Treino livre 2: 15:00<\/strong><\/li>\n\n\n\n<li><strong>Treino livre 3: 11:30<\/strong><\/li>\n\n\n\n<li><strong>Classifica\u00e7\u00e3o: 15:00<\/strong><\/li>\n\n\n\n<li><strong>Corrida: 14:00<\/strong><\/li>\n<\/ul>\n\n\n\n<h3 class=\"wp-block-heading\">Hor\u00e1rios em Cabo Verde<\/h3>\n\n\n\n<ul id=\"block-7b9d835a-23af-4411-943e-453b4766e578\" class=\"wp-block-list\">\n<li><strong>Treino livre 1: 09:30<\/strong><\/li>\n\n\n\n<li><strong>Treino livre 2: 13:00<\/strong><\/li>\n\n\n\n<li><strong>Treino livre 3: 09:30<\/strong><\/li>\n\n\n\n<li><strong>Classifica\u00e7\u00e3o: 13:00<\/strong><\/li>\n\n\n\n<li><strong>Corrida: 12:00<\/strong><\/li>\n<\/ul>\n\n\n\n<h3 class=\"wp-block-heading\"><strong>Hor\u00e1rios em Mo\u00e7ambique<\/strong><\/h3>\n\n\n\n<ul id=\"block-bbaadcb9-d1e6-402a-b585-42debf37b024\" class=\"wp-block-list\">\n<li><strong>Treino livre 1: 12:30<\/strong><\/li>\n\n\n\n<li><strong>Treino livre 2: 16:00<\/strong><\/li>\n\n\n\n<li><strong>Treino livre 3: 12:30<\/strong><\/li>\n\n\n\n<li><strong>Classifica\u00e7\u00e3o: 16:00<\/strong><\/li>\n\n\n\n<li><strong>Corrida: 15:00<\/strong><\/li>\n<\/ul>\n\n\n\n<p class=\"wp-block-paragraph\"><em>*Hor\u00e1rios de Bras\u00edlia<\/em><\/p>\n","protected":false},"excerpt":{"rendered":"<p>Se a Ferrari confirmar a renova\u00e7\u00e3o de Lewis Hamilton por mais dois anos, fechar\u00e1 de vez as portas para Oliver Bearman, que poderia negociar com outras equipes do grid ao final da temporada 2027<\/p>\n","protected":false},"author":4,"featured_media":1020312838,"comment_status":"closed","ping_status":"closed","sticky":false,"template":"","format":"standard","meta":{"42wp_featured_image_caption":"Oliver Bearman \u00e9 piloto da Ferrari, mas s\u00f3 at\u00e9 o final de 2027","42wp_featured_image_credits":"Haas F1 Team","42wp_featured_video":"","42wp_featured_image_hidden":false,"42wp_authors_list":[{"id":47147,"location":"de Duque de Caxias"}],"footnotes":""},"categories":[2],"tags":[207,24898,87,29923],"42wp_author":[47147],"class_list":["post-164602","post","type-post","status-publish","format-standard","has-post-thumbnail","hentry","category-f1","tag-ferrari","tag-gp-da-italia","tag-lewis-hamilton","tag-oliver-bearman","42wp_author-luana-marino"],"_links":{"self":[{"href":"https:\/\/grandepremio.com\/br\/wp-json\/wp\/v2\/posts\/164602","targetHints":{"allow":["GET"]}}],"collection":[{"href":"https:\/\/grandepremio.com\/br\/wp-json\/wp\/v2\/posts"}],"about":[{"href":"https:\/\/grandepremio.com\/br\/wp-json\/wp\/v2\/types\/post"}],"author":[{"embeddable":true,"href":"https:\/\/grandepremio.com\/br\/wp-json\/wp\/v2\/users\/4"}],"replies":[{"embeddable":true,"href":"https:\/\/grandepremio.com\/br\/wp-json\/wp\/v2\/comments?post=164602"}],"version-history":[{"count":4,"href":"https:\/\/grandepremio.com\/br\/wp-json\/wp\/v2\/posts\/164602\/revisions"}],"predecessor-version":[{"id":164807,"href":"https:\/\/grandepremio.com\/br\/wp-json\/wp\/v2\/posts\/164602\/revisions\/164807"}],"wp:featuredmedia":[{"embeddable":true,"href":"https:\/\/grandepremio.com\/br\/wp-json\/wp\/v2\/media\/1020312838"}],"wp:attachment":[{"href":"https:\/\/grandepremio.com\/br\/wp-json\/wp\/v2\/media?parent=164602"}],"wp:term":[{"taxonomy":"category","embeddable":true,"href":"https:\/\/grandepremio.com\/br\/wp-json\/wp\/v2\/categories?post=164602"},{"taxonomy":"post_tag","embeddable":true,"href":"https:\/\/grandepremio.com\/br\/wp-json\/wp\/v2\/tags?post=164602"},{"taxonomy":"42wp_author","embeddable":true,"href":"https:\/\/grandepremio.com\/br\/wp-json\/wp\/v2\/42wp_author?post=164602"}],"curies":[{"name":"wp","href":"https:\/\/api.w.org\/{rel}","templated":true}]}}